{"id":631,"date":"2026-04-26T08:00:00","date_gmt":"2026-04-26T06:00:00","guid":{"rendered":"https:\/\/1jour1sortie.com\/?p=631"},"modified":"2026-04-24T15:27:25","modified_gmt":"2026-04-24T13:27:25","slug":"le-jour-du-kiwi-la-piece-avec-arthur-jugnot-et-gerard-jugnot-en-tournee","status":"publish","type":"post","link":"https:\/\/1jour1sortie.com\/index.php\/2026\/04\/26\/le-jour-du-kiwi-la-piece-avec-arthur-jugnot-et-gerard-jugnot-en-tournee\/","title":{"rendered":"Le Jour du Kiwi, la pi\u00e8ce avec Arthur Jugnot et G\u00e9rard Jugnot, \u00e0 voir \u00e0 la t\u00e9l\u00e9"},"content":{"rendered":"\n<p><em>La pi\u00e8ce de th\u00e9\u00e2tre \u00ab\u00a0Le Jour du Kiwi\u00a0\u00bb, qui rassemble sur les planches G\u00e9rard et Arthur Jugnot, est rediffus\u00e9e \u00e0 \u00e0 la t\u00e9l\u00e9. Une jolie com\u00e9die.<\/em><\/p>\n\n\n\n<p><strong><em>Le Jour du Kiwi<\/em><\/strong>, <strong>com\u00e9die<\/strong> \u00e9crite par <strong>La\u00ebtitia Colombani<\/strong> (auteure de <em>La Tresse<\/em>) et mise en sc\u00e8ne par <strong>Ladislas Chollat<\/strong>, r\u00e9unit sur sc\u00e8ne <strong>G\u00e9rard Jugnot<\/strong> et son fils <strong>Arthur Jugnot<\/strong>, mais aussi <strong>Florence Pernel<\/strong> et <strong>Elsa Rozenknop<\/strong>. La <a href=\"https:\/\/1jour1sortie.com\/index.php\/category\/spectacle-vivant\/\"><strong>pi\u00e8ce de th\u00e9\u00e2tre<\/strong><\/a> est rediffus\u00e9e \u00e0 la <a href=\"https:\/\/1jour1sortie.com\/index.php\/category\/cinema\/tv-series\/\"><strong>t\u00e9l\u00e9vision<\/strong><\/a> : elle est programm\u00e9e sur la cha\u00eene priv\u00e9e <strong>Com\u00e9die+<\/strong> le lundi <strong>27 <a href=\"https:\/\/1jour1sortie.com\/index.php\/2026\/03\/27\/culture-loisirs-sorties-on-fait-quoi-en-avril-2026\/\" type=\"post\" id=\"3808\">avril 2026<\/a><\/strong>, en prime time. <br>Ce soir-l\u00e0, Olympia TV, propose le seul en sc\u00e8ne d\u2019\u00c9douard Baer, <em><a href=\"https:\/\/1jour1sortie.com\/index.php\/2026\/04\/24\/le-spectacle-dedouard-baer-les-elucubrations-dun-homme-soudain-frappe-par-la-grace-a-voir-a-la-tele\/\" type=\"post\" id=\"4205\">Les \u00e9lucubrations d&rsquo;un homme soudain frapp\u00e9 par la gr\u00e2ce<\/a><\/em>. Quant \u00e0 France 3, la cha\u00eene publique propose la com\u00e9die <em>La fine fleur<\/em>.<\/p>\n\n\n\n<figure class=\"wp-block-embed is-type-video is-provider-youtube wp-block-embed-youtube wp-embed-aspect-16-9 wp-has-aspect-ratio\"><div class=\"wp-block-embed__wrapper\">\n<iframe loading=\"lazy\" title=\"Bande annonce \u00ab Le Jour du kiwi \u00bb au Th\u00e9\u00e2tre \u00c9douard VII \ud83e\udd5d (version longue)\" width=\"800\" height=\"450\" src=\"https:\/\/www.youtube.com\/embed\/ORIGhJ2Kxzk?feature=oembed\" frameborder=\"0\" allow=\"accelerometer; autoplay; clipboard-write; encrypted-media; gyroscope; picture-in-picture; web-share\" allowfullscreen><\/iframe>\n<\/div><\/figure>\n\n\n\n<p><strong><em>Le Jour du Kiwi<\/em><\/strong>, <strong>pi\u00e8ce<\/strong> de <strong>th\u00e9\u00e2tre<\/strong> inspir\u00e9e d\u2019une histoire vraie, est avant tout une <strong>com\u00e9die<\/strong> dans laquelle <strong>G\u00e9rard Jugnot <\/strong>et <strong>Arthur Jugnot <\/strong>ne boudent par leur plaisir de partager la <strong>sc\u00e8ne<\/strong>. P\u00e8re et fils affichent une flagrante complicit\u00e9, bien au-del\u00e0 de leurs personnages. L&rsquo;\u00e9criture des dialogues de la <strong>pi\u00e8ce<\/strong> leur permet un v\u00e9ritable jeu de ping et de pong qui, par moment et \u00e0 plusieurs reprises, finissait, sur sc\u00e8ne, en fous rires. <\/p>\n\n\n\n<p>Dans <strong><em>Le Jour du Kiwi<\/em><\/strong>, <strong>G\u00e9rard Jugnot <\/strong>campe un expert comptable, Barnab\u00e9 Leroux, f\u00e2ch\u00e9 avec la Terre enti\u00e8re, en th\u00e9rapie avec une psychanalyste (<strong>Florence Pernel<\/strong>). Il est certain d\u2019\u00eatre victime d\u2019un cambrioleur qui met la main sur ses provisions. Si cette intrigue est l\u2019enjeu principal de la <strong>pi\u00e8ce<\/strong>, \u00e0 savoir est-ce quel quelqu\u2019un lui barbote bien ses Pim\u2019s ou est-ce qu\u2019il perd la boule, <em><strong>Le Jour du Kiwi<\/strong><\/em> va au-del\u00e0. Cette question est un pr\u00e9texte pour exprimer des messages sur l\u2019humanit\u00e9, notamment via les beaux monologues d\u2019<strong>Elsa Rozenknop<\/strong> (dont le personnage apparait tardivement dans la pi\u00e8ce et assez peu) et au travers des propos de <strong>G\u00e9rard Jugnot <\/strong>sur l\u2019amour.<\/p>\n\n\n\n<p><strong><em>Le Jour du Kiwi<\/em><\/strong> prend place dans un astucieux d\u00e9cor tournant qui permet de passer de l\u2019appartement de <strong>G\u00e9rard Jugnot <\/strong>au cabinet de sa psy en un claquement de doigts. La <strong>pi\u00e8ce<\/strong> multiplie les r\u00e9f\u00e9rences et clins d\u2019\u0153il.\u00e7a et l\u00e0 on reconnait le film <em>Ghost<\/em> avec <a href=\"https:\/\/1jour1sortie.com\/index.php\/2026\/02\/10\/chloe-oliveres-en-tournee-avec-deux-spectacles\/\" type=\"post\" id=\"3580\">Patrick Swayze<\/a> et Demi Moore, mais surtout les <em>Bronz\u00e9s font du ski<\/em> via une sc\u00e8ne dans laquelle <strong>G\u00e9rard Jugnot<\/strong> semble rejouer une s\u00e9quence culte du film. La force du <em><strong>Jour du Kiwi<\/strong><\/em> c&rsquo;est aussi ses personnages f\u00e9minins qui ne sont pas seulement des faire-valoir des r\u00f4les masculins.<\/p>\n\n\n\n<p class=\"has-small-font-size\"><em>Le Jour du Kiwi<\/em>, de La\u00ebtitia Colombani<br>Avec Arthur Jugnot, Florence Pernel, G\u00e9rard Jugnot, Elsa Rozenknop<br>Sur Com\u00e9die+ le 27\/04\/2026 \u00e0 21h10<\/p>\n","protected":false},"excerpt":{"rendered":"<p>La pi\u00e8ce de th\u00e9\u00e2tre \u00ab\u00a0Le Jour du Kiwi\u00a0\u00bb, qui rassemble sur les planches G\u00e9rard et Arthur Jugnot, est rediffus\u00e9e \u00e0<\/p>\n","protected":false},"author":1,"featured_media":632,"comment_status":"open","ping_status":"open","sticky":false,"template":"","format":"standard","meta":{"colormag_page_container_layout":"default_layout","colormag_page_sidebar_layout":"default_layout","_jetpack_memberships_contains_paid_content":false,"footnotes":"","jetpack_publicize_message":"","jetpack_publicize_feature_enabled":true,"jetpack_social_post_already_shared":true,"jetpack_social_options":{"image_generator_settings":{"template":"highway","default_image_id":0,"font":"","enabled":false},"version":2}},"categories":[2],"tags":[197,11,480,479,478,477,476,475,33,43],"class_list":["post-631","post","type-post","status-publish","format-standard","has-post-thumbnail","hentry","category-spectacle-vivant","tag-arthur-jugnot","tag-comedie","tag-elsa-rozenknop","tag-florence-pernel","tag-gerard-jugnot","tag-ladislas-chollat","tag-laetitia-colombani","tag-le-jour-du-kiwi","tag-piece-de-theatre","tag-theatre"],"yoast_head":"<!-- This site is optimized with the Yoast SEO plugin v27.2 - https:\/\/yoast.com\/product\/yoast-seo-wordpress\/ -->\n<title>Le Jour du Kiwi, la pi\u00e8ce avec Arthur Jugnot et G\u00e9rard Jugnot, \u00e0 voir \u00e0 la t\u00e9l\u00e9 - 1 Jour 1 Sortie<\/title>\n<meta name=\"robots\" content=\"index, follow, max-snippet:-1, max-image-preview:large, max-video-preview:-1\" \/>\n<link rel=\"canonical\" href=\"https:\/\/1jour1sortie.com\/index.php\/2026\/04\/26\/le-jour-du-kiwi-la-piece-avec-arthur-jugnot-et-gerard-jugnot-en-tournee\/\" \/>\n<meta property=\"og:locale\" content=\"fr_FR\" \/>\n<meta property=\"og:type\" content=\"article\" \/>\n<meta property=\"og:title\" content=\"Le Jour du Kiwi, la pi\u00e8ce avec Arthur Jugnot et G\u00e9rard Jugnot, \u00e0 voir \u00e0 la t\u00e9l\u00e9 - 1 Jour 1 Sortie\" \/>\n<meta property=\"og:description\" content=\"La pi\u00e8ce de th\u00e9\u00e2tre \u00ab\u00a0Le Jour du Kiwi\u00a0\u00bb, qui rassemble sur les planches G\u00e9rard et Arthur Jugnot, est rediffus\u00e9e \u00e0\" \/>\n<meta property=\"og:url\" content=\"https:\/\/1jour1sortie.com\/index.php\/2026\/04\/26\/le-jour-du-kiwi-la-piece-avec-arthur-jugnot-et-gerard-jugnot-en-tournee\/\" \/>\n<meta property=\"og:site_name\" content=\"1 Jour 1 Sortie\" \/>\n<meta property=\"article:published_time\" content=\"2026-04-26T06:00:00+00:00\" \/>\n<meta property=\"og:image\" content=\"https:\/\/1jour1sortie.com\/wp-content\/uploads\/2024\/02\/kiwi.jpg\" \/>\n\t<meta property=\"og:image:width\" content=\"1144\" \/>\n\t<meta property=\"og:image:height\" content=\"732\" \/>\n\t<meta property=\"og:image:type\" content=\"image\/jpeg\" \/>\n<meta name=\"author\" content=\"Laura Bruneau\" \/>\n<meta name=\"twitter:card\" content=\"summary_large_image\" \/>\n<meta name=\"twitter:label1\" content=\"\u00c9crit par\" \/>\n\t<meta name=\"twitter:data1\" content=\"Laura Bruneau\" \/>\n\t<meta name=\"twitter:label2\" content=\"Dur\u00e9e de lecture estim\u00e9e\" \/>\n\t<meta name=\"twitter:data2\" content=\"3 minutes\" \/>\n<script type=\"application\/ld+json\" class=\"yoast-schema-graph\">{\"@context\":\"https:\/\/schema.org\",\"@graph\":[{\"@type\":\"Article\",\"@id\":\"https:\/\/1jour1sortie.com\/index.php\/2026\/04\/26\/le-jour-du-kiwi-la-piece-avec-arthur-jugnot-et-gerard-jugnot-en-tournee\/#article\",\"isPartOf\":{\"@id\":\"https:\/\/1jour1sortie.com\/index.php\/2026\/04\/26\/le-jour-du-kiwi-la-piece-avec-arthur-jugnot-et-gerard-jugnot-en-tournee\/\"},\"author\":{\"name\":\"Laura Bruneau\",\"@id\":\"https:\/\/1jour1sortie.com\/#\/schema\/person\/421cf30a2d8bd17d611a374f6581881a\"},\"headline\":\"Le Jour du Kiwi, la pi\u00e8ce avec Arthur Jugnot et G\u00e9rard Jugnot, \u00e0 voir \u00e0 la t\u00e9l\u00e9\",\"datePublished\":\"2026-04-26T06:00:00+00:00\",\"mainEntityOfPage\":{\"@id\":\"https:\/\/1jour1sortie.com\/index.php\/2026\/04\/26\/le-jour-du-kiwi-la-piece-avec-arthur-jugnot-et-gerard-jugnot-en-tournee\/\"},\"wordCount\":509,\"commentCount\":0,\"publisher\":{\"@id\":\"https:\/\/1jour1sortie.com\/#\/schema\/person\/421cf30a2d8bd17d611a374f6581881a\"},\"image\":{\"@id\":\"https:\/\/1jour1sortie.com\/index.php\/2026\/04\/26\/le-jour-du-kiwi-la-piece-avec-arthur-jugnot-et-gerard-jugnot-en-tournee\/#primaryimage\"},\"thumbnailUrl\":\"https:\/\/1jour1sortie.com\/wp-content\/uploads\/2024\/02\/kiwi.jpg\",\"keywords\":[\"arthur jugnot\",\"com\u00e9die\",\"elsa rozenknop\",\"florence pernel\",\"g\u00e9rard jugnot\",\"ladislas chollat\",\"laetitia colombani\",\"le jour du kiwi\",\"pi\u00e8ce de th\u00e9\u00e2tre\",\"th\u00e9\u00e2tre\"],\"articleSection\":[\"Spectacle Vivant\"],\"inLanguage\":\"fr-FR\",\"potentialAction\":[{\"@type\":\"CommentAction\",\"name\":\"Comment\",\"target\":[\"https:\/\/1jour1sortie.com\/index.php\/2026\/04\/26\/le-jour-du-kiwi-la-piece-avec-arthur-jugnot-et-gerard-jugnot-en-tournee\/#respond\"]}]},{\"@type\":\"WebPage\",\"@id\":\"https:\/\/1jour1sortie.com\/index.php\/2026\/04\/26\/le-jour-du-kiwi-la-piece-avec-arthur-jugnot-et-gerard-jugnot-en-tournee\/\",\"url\":\"https:\/\/1jour1sortie.com\/index.php\/2026\/04\/26\/le-jour-du-kiwi-la-piece-avec-arthur-jugnot-et-gerard-jugnot-en-tournee\/\",\"name\":\"Le Jour du Kiwi, la pi\u00e8ce avec Arthur Jugnot et G\u00e9rard Jugnot, \u00e0 voir \u00e0 la t\u00e9l\u00e9 - 1 Jour 1 Sortie\",\"isPartOf\":{\"@id\":\"https:\/\/1jour1sortie.com\/#website\"},\"primaryImageOfPage\":{\"@id\":\"https:\/\/1jour1sortie.com\/index.php\/2026\/04\/26\/le-jour-du-kiwi-la-piece-avec-arthur-jugnot-et-gerard-jugnot-en-tournee\/#primaryimage\"},\"image\":{\"@id\":\"https:\/\/1jour1sortie.com\/index.php\/2026\/04\/26\/le-jour-du-kiwi-la-piece-avec-arthur-jugnot-et-gerard-jugnot-en-tournee\/#primaryimage\"},\"thumbnailUrl\":\"https:\/\/1jour1sortie.com\/wp-content\/uploads\/2024\/02\/kiwi.jpg\",\"datePublished\":\"2026-04-26T06:00:00+00:00\",\"breadcrumb\":{\"@id\":\"https:\/\/1jour1sortie.com\/index.php\/2026\/04\/26\/le-jour-du-kiwi-la-piece-avec-arthur-jugnot-et-gerard-jugnot-en-tournee\/#breadcrumb\"},\"inLanguage\":\"fr-FR\",\"potentialAction\":[{\"@type\":\"ReadAction\",\"target\":[\"https:\/\/1jour1sortie.com\/index.php\/2026\/04\/26\/le-jour-du-kiwi-la-piece-avec-arthur-jugnot-et-gerard-jugnot-en-tournee\/\"]}]},{\"@type\":\"ImageObject\",\"inLanguage\":\"fr-FR\",\"@id\":\"https:\/\/1jour1sortie.com\/index.php\/2026\/04\/26\/le-jour-du-kiwi-la-piece-avec-arthur-jugnot-et-gerard-jugnot-en-tournee\/#primaryimage\",\"url\":\"https:\/\/1jour1sortie.com\/wp-content\/uploads\/2024\/02\/kiwi.jpg\",\"contentUrl\":\"https:\/\/1jour1sortie.com\/wp-content\/uploads\/2024\/02\/kiwi.jpg\",\"width\":1144,\"height\":732,\"caption\":\"Le Jour du Kiwi\"},{\"@type\":\"BreadcrumbList\",\"@id\":\"https:\/\/1jour1sortie.com\/index.php\/2026\/04\/26\/le-jour-du-kiwi-la-piece-avec-arthur-jugnot-et-gerard-jugnot-en-tournee\/#breadcrumb\",\"itemListElement\":[{\"@type\":\"ListItem\",\"position\":1,\"name\":\"Accueil\",\"item\":\"https:\/\/1jour1sortie.com\/\"},{\"@type\":\"ListItem\",\"position\":2,\"name\":\"Le Jour du Kiwi, la pi\u00e8ce avec Arthur Jugnot et G\u00e9rard Jugnot, \u00e0 voir \u00e0 la t\u00e9l\u00e9\"}]},{\"@type\":\"WebSite\",\"@id\":\"https:\/\/1jour1sortie.com\/#website\",\"url\":\"https:\/\/1jour1sortie.com\/\",\"name\":\"1 Jour 1 Sortie\",\"description\":\"Par Laura Bruneau\",\"publisher\":{\"@id\":\"https:\/\/1jour1sortie.com\/#\/schema\/person\/421cf30a2d8bd17d611a374f6581881a\"},\"potentialAction\":[{\"@type\":\"SearchAction\",\"target\":{\"@type\":\"EntryPoint\",\"urlTemplate\":\"https:\/\/1jour1sortie.com\/?s={search_term_string}\"},\"query-input\":{\"@type\":\"PropertyValueSpecification\",\"valueRequired\":true,\"valueName\":\"search_term_string\"}}],\"inLanguage\":\"fr-FR\"},{\"@type\":[\"Person\",\"Organization\"],\"@id\":\"https:\/\/1jour1sortie.com\/#\/schema\/person\/421cf30a2d8bd17d611a374f6581881a\",\"name\":\"Laura Bruneau\",\"image\":{\"@type\":\"ImageObject\",\"inLanguage\":\"fr-FR\",\"@id\":\"https:\/\/secure.gravatar.com\/avatar\/8291dab2ef06499abccb64ced18b956a811c146e7f11c5e16b7e8eaf1dfccffc?s=96&d=mm&r=g\",\"url\":\"https:\/\/secure.gravatar.com\/avatar\/8291dab2ef06499abccb64ced18b956a811c146e7f11c5e16b7e8eaf1dfccffc?s=96&d=mm&r=g\",\"contentUrl\":\"https:\/\/secure.gravatar.com\/avatar\/8291dab2ef06499abccb64ced18b956a811c146e7f11c5e16b7e8eaf1dfccffc?s=96&d=mm&r=g\",\"caption\":\"Laura Bruneau\"},\"logo\":{\"@id\":\"https:\/\/secure.gravatar.com\/avatar\/8291dab2ef06499abccb64ced18b956a811c146e7f11c5e16b7e8eaf1dfccffc?s=96&d=mm&r=g\"},\"sameAs\":[\"http:\/\/1jour1sortie.com\"],\"url\":\"https:\/\/1jour1sortie.com\/index.php\/author\/admin6732\/\"}]}<\/script>\n<!-- \/ Yoast SEO plugin. -->","yoast_head_json":{"title":"Le Jour du Kiwi, la pi\u00e8ce avec Arthur Jugnot et G\u00e9rard Jugnot, \u00e0 voir \u00e0 la t\u00e9l\u00e9 - 1 Jour 1 Sortie","robots":{"index":"index","follow":"follow","max-snippet":"max-snippet:-1","max-image-preview":"max-image-preview:large","max-video-preview":"max-video-preview:-1"},"canonical":"https:\/\/1jour1sortie.com\/index.php\/2026\/04\/26\/le-jour-du-kiwi-la-piece-avec-arthur-jugnot-et-gerard-jugnot-en-tournee\/","og_locale":"fr_FR","og_type":"article","og_title":"Le Jour du Kiwi, la pi\u00e8ce avec Arthur Jugnot et G\u00e9rard Jugnot, \u00e0 voir \u00e0 la t\u00e9l\u00e9 - 1 Jour 1 Sortie","og_description":"La pi\u00e8ce de th\u00e9\u00e2tre \u00ab\u00a0Le Jour du Kiwi\u00a0\u00bb, qui rassemble sur les planches G\u00e9rard et Arthur Jugnot, est rediffus\u00e9e \u00e0","og_url":"https:\/\/1jour1sortie.com\/index.php\/2026\/04\/26\/le-jour-du-kiwi-la-piece-avec-arthur-jugnot-et-gerard-jugnot-en-tournee\/","og_site_name":"1 Jour 1 Sortie","article_published_time":"2026-04-26T06:00:00+00:00","og_image":[{"width":1144,"height":732,"url":"https:\/\/1jour1sortie.com\/wp-content\/uploads\/2024\/02\/kiwi.jpg","type":"image\/jpeg"}],"author":"Laura Bruneau","twitter_card":"summary_large_image","twitter_misc":{"\u00c9crit par":"Laura Bruneau","Dur\u00e9e de lecture estim\u00e9e":"3 minutes"},"schema":{"@context":"https:\/\/schema.org","@graph":[{"@type":"Article","@id":"https:\/\/1jour1sortie.com\/index.php\/2026\/04\/26\/le-jour-du-kiwi-la-piece-avec-arthur-jugnot-et-gerard-jugnot-en-tournee\/#article","isPartOf":{"@id":"https:\/\/1jour1sortie.com\/index.php\/2026\/04\/26\/le-jour-du-kiwi-la-piece-avec-arthur-jugnot-et-gerard-jugnot-en-tournee\/"},"author":{"name":"Laura Bruneau","@id":"https:\/\/1jour1sortie.com\/#\/schema\/person\/421cf30a2d8bd17d611a374f6581881a"},"headline":"Le Jour du Kiwi, la pi\u00e8ce avec Arthur Jugnot et G\u00e9rard Jugnot, \u00e0 voir \u00e0 la t\u00e9l\u00e9","datePublished":"2026-04-26T06:00:00+00:00","mainEntityOfPage":{"@id":"https:\/\/1jour1sortie.com\/index.php\/2026\/04\/26\/le-jour-du-kiwi-la-piece-avec-arthur-jugnot-et-gerard-jugnot-en-tournee\/"},"wordCount":509,"commentCount":0,"publisher":{"@id":"https:\/\/1jour1sortie.com\/#\/schema\/person\/421cf30a2d8bd17d611a374f6581881a"},"image":{"@id":"https:\/\/1jour1sortie.com\/index.php\/2026\/04\/26\/le-jour-du-kiwi-la-piece-avec-arthur-jugnot-et-gerard-jugnot-en-tournee\/#primaryimage"},"thumbnailUrl":"https:\/\/1jour1sortie.com\/wp-content\/uploads\/2024\/02\/kiwi.jpg","keywords":["arthur jugnot","com\u00e9die","elsa rozenknop","florence pernel","g\u00e9rard jugnot","ladislas chollat","laetitia colombani","le jour du kiwi","pi\u00e8ce de th\u00e9\u00e2tre","th\u00e9\u00e2tre"],"articleSection":["Spectacle Vivant"],"inLanguage":"fr-FR","potentialAction":[{"@type":"CommentAction","name":"Comment","target":["https:\/\/1jour1sortie.com\/index.php\/2026\/04\/26\/le-jour-du-kiwi-la-piece-avec-arthur-jugnot-et-gerard-jugnot-en-tournee\/#respond"]}]},{"@type":"WebPage","@id":"https:\/\/1jour1sortie.com\/index.php\/2026\/04\/26\/le-jour-du-kiwi-la-piece-avec-arthur-jugnot-et-gerard-jugnot-en-tournee\/","url":"https:\/\/1jour1sortie.com\/index.php\/2026\/04\/26\/le-jour-du-kiwi-la-piece-avec-arthur-jugnot-et-gerard-jugnot-en-tournee\/","name":"Le Jour du Kiwi, la pi\u00e8ce avec Arthur Jugnot et G\u00e9rard Jugnot, \u00e0 voir \u00e0 la t\u00e9l\u00e9 - 1 Jour 1 Sortie","isPartOf":{"@id":"https:\/\/1jour1sortie.com\/#website"},"primaryImageOfPage":{"@id":"https:\/\/1jour1sortie.com\/index.php\/2026\/04\/26\/le-jour-du-kiwi-la-piece-avec-arthur-jugnot-et-gerard-jugnot-en-tournee\/#primaryimage"},"image":{"@id":"https:\/\/1jour1sortie.com\/index.php\/2026\/04\/26\/le-jour-du-kiwi-la-piece-avec-arthur-jugnot-et-gerard-jugnot-en-tournee\/#primaryimage"},"thumbnailUrl":"https:\/\/1jour1sortie.com\/wp-content\/uploads\/2024\/02\/kiwi.jpg","datePublished":"2026-04-26T06:00:00+00:00","breadcrumb":{"@id":"https:\/\/1jour1sortie.com\/index.php\/2026\/04\/26\/le-jour-du-kiwi-la-piece-avec-arthur-jugnot-et-gerard-jugnot-en-tournee\/#breadcrumb"},"inLanguage":"fr-FR","potentialAction":[{"@type":"ReadAction","target":["https:\/\/1jour1sortie.com\/index.php\/2026\/04\/26\/le-jour-du-kiwi-la-piece-avec-arthur-jugnot-et-gerard-jugnot-en-tournee\/"]}]},{"@type":"ImageObject","inLanguage":"fr-FR","@id":"https:\/\/1jour1sortie.com\/index.php\/2026\/04\/26\/le-jour-du-kiwi-la-piece-avec-arthur-jugnot-et-gerard-jugnot-en-tournee\/#primaryimage","url":"https:\/\/1jour1sortie.com\/wp-content\/uploads\/2024\/02\/kiwi.jpg","contentUrl":"https:\/\/1jour1sortie.com\/wp-content\/uploads\/2024\/02\/kiwi.jpg","width":1144,"height":732,"caption":"Le Jour du Kiwi"},{"@type":"BreadcrumbList","@id":"https:\/\/1jour1sortie.com\/index.php\/2026\/04\/26\/le-jour-du-kiwi-la-piece-avec-arthur-jugnot-et-gerard-jugnot-en-tournee\/#breadcrumb","itemListElement":[{"@type":"ListItem","position":1,"name":"Accueil","item":"https:\/\/1jour1sortie.com\/"},{"@type":"ListItem","position":2,"name":"Le Jour du Kiwi, la pi\u00e8ce avec Arthur Jugnot et G\u00e9rard Jugnot, \u00e0 voir \u00e0 la t\u00e9l\u00e9"}]},{"@type":"WebSite","@id":"https:\/\/1jour1sortie.com\/#website","url":"https:\/\/1jour1sortie.com\/","name":"1 Jour 1 Sortie","description":"Par Laura Bruneau","publisher":{"@id":"https:\/\/1jour1sortie.com\/#\/schema\/person\/421cf30a2d8bd17d611a374f6581881a"},"potentialAction":[{"@type":"SearchAction","target":{"@type":"EntryPoint","urlTemplate":"https:\/\/1jour1sortie.com\/?s={search_term_string}"},"query-input":{"@type":"PropertyValueSpecification","valueRequired":true,"valueName":"search_term_string"}}],"inLanguage":"fr-FR"},{"@type":["Person","Organization"],"@id":"https:\/\/1jour1sortie.com\/#\/schema\/person\/421cf30a2d8bd17d611a374f6581881a","name":"Laura Bruneau","image":{"@type":"ImageObject","inLanguage":"fr-FR","@id":"https:\/\/secure.gravatar.com\/avatar\/8291dab2ef06499abccb64ced18b956a811c146e7f11c5e16b7e8eaf1dfccffc?s=96&d=mm&r=g","url":"https:\/\/secure.gravatar.com\/avatar\/8291dab2ef06499abccb64ced18b956a811c146e7f11c5e16b7e8eaf1dfccffc?s=96&d=mm&r=g","contentUrl":"https:\/\/secure.gravatar.com\/avatar\/8291dab2ef06499abccb64ced18b956a811c146e7f11c5e16b7e8eaf1dfccffc?s=96&d=mm&r=g","caption":"Laura Bruneau"},"logo":{"@id":"https:\/\/secure.gravatar.com\/avatar\/8291dab2ef06499abccb64ced18b956a811c146e7f11c5e16b7e8eaf1dfccffc?s=96&d=mm&r=g"},"sameAs":["http:\/\/1jour1sortie.com"],"url":"https:\/\/1jour1sortie.com\/index.php\/author\/admin6732\/"}]}},"jetpack_publicize_connections":[],"jetpack_featured_media_url":"https:\/\/1jour1sortie.com\/wp-content\/uploads\/2024\/02\/kiwi.jpg","jetpack_sharing_enabled":true,"_links":{"self":[{"href":"https:\/\/1jour1sortie.com\/index.php\/wp-json\/wp\/v2\/posts\/631","targetHints":{"allow":["GET"]}}],"collection":[{"href":"https:\/\/1jour1sortie.com\/index.php\/wp-json\/wp\/v2\/posts"}],"about":[{"href":"https:\/\/1jour1sortie.com\/index.php\/wp-json\/wp\/v2\/types\/post"}],"author":[{"embeddable":true,"href":"https:\/\/1jour1sortie.com\/index.php\/wp-json\/wp\/v2\/users\/1"}],"replies":[{"embeddable":true,"href":"https:\/\/1jour1sortie.com\/index.php\/wp-json\/wp\/v2\/comments?post=631"}],"version-history":[{"count":5,"href":"https:\/\/1jour1sortie.com\/index.php\/wp-json\/wp\/v2\/posts\/631\/revisions"}],"predecessor-version":[{"id":4237,"href":"https:\/\/1jour1sortie.com\/index.php\/wp-json\/wp\/v2\/posts\/631\/revisions\/4237"}],"wp:featuredmedia":[{"embeddable":true,"href":"https:\/\/1jour1sortie.com\/index.php\/wp-json\/wp\/v2\/media\/632"}],"wp:attachment":[{"href":"https:\/\/1jour1sortie.com\/index.php\/wp-json\/wp\/v2\/media?parent=631"}],"wp:term":[{"taxonomy":"category","embeddable":true,"href":"https:\/\/1jour1sortie.com\/index.php\/wp-json\/wp\/v2\/categories?post=631"},{"taxonomy":"post_tag","embeddable":true,"href":"https:\/\/1jour1sortie.com\/index.php\/wp-json\/wp\/v2\/tags?post=631"}],"curies":[{"name":"wp","href":"https:\/\/api.w.org\/{rel}","templated":true}]}}