{"id":509,"date":"2024-01-30T11:05:19","date_gmt":"2024-01-30T10:05:19","guid":{"rendered":"https:\/\/1jour1sortie.com\/?p=509"},"modified":"2024-01-30T16:07:21","modified_gmt":"2024-01-30T15:07:21","slug":"la-zone-dinteret-quand-jonathan-glazer-raconte-le-tranquille-quotidien-dune-famille-nazie-a-auschwitz","status":"publish","type":"post","link":"https:\/\/1jour1sortie.com\/index.php\/2024\/01\/30\/la-zone-dinteret-quand-jonathan-glazer-raconte-le-tranquille-quotidien-dune-famille-nazie-a-auschwitz\/","title":{"rendered":"La Zone d&rsquo;Int\u00e9r\u00eat : quand Jonathan Glazer raconte le (tranquille) quotidien d&rsquo;une famille nazie \u00e0 Auschwitz"},"content":{"rendered":"\n<p><em>Grand Prix \u00e0 Cannes en 2023, le drame de Jonathan Glazer, La Zone d&rsquo;Int\u00e9r\u00eat, met en sc\u00e8ne le quotidien de la famille du commandant d&rsquo;Auschwitz. Sandra H\u00fcller y incarne une m\u00e8re de famille qui y a construit un quotidien paisible pour ses enfants. <\/em><\/p>\n\n\n\n<p><em><strong>La Zone d&rsquo;Int\u00e9r\u00eat<\/strong><\/em>, le <strong>film<\/strong> de<strong> Jonathan Glazer<\/strong> avec <strong>Sandra H\u00fcller<\/strong> (<a href=\"https:\/\/1jour1sortie.com\/index.php\/2023\/08\/22\/anatomie-dune-chute-le-film-de-proces-a-la-palme-dor-2023-meritee-de-justine-triet\/\"><em>Anatomie d&rsquo;une chute<\/em><\/a>) qui a re\u00e7u le<strong> Grand Prix <\/strong>au <strong>Festival de Cannes 2023<\/strong>, sort au<strong> <a href=\"https:\/\/1jour1sortie.com\/index.php\/category\/cinema\/\">cin\u00e9ma<\/a> <\/strong>ce <strong>31 janvier 2024<\/strong>. Un <strong>film <\/strong>qui narre l&rsquo;horreur de la Seconde Guerre Mondiale et des camps de concentration, avec un prisme original, celui de la famille du commandant d&rsquo;Auschwitz, install\u00e9e au coeur du camp, o\u00f9 elle construit une vie paisible. Un <strong>film <\/strong>qui est l&rsquo;adaptation du <strong>roman<\/strong> de Martin Amis, du m\u00eame titre, paru en 2014, et produit par les studios am\u00e9ricains ind\u00e9pendants <strong>A24<\/strong>, \u00e0 qui l&rsquo;on doit notamment <em>Everything Everywhere All at Once<\/em>, <em>X<\/em> ou encore<em> Beau is Afraid<\/em>.<\/p>\n\n\n\n<p><em><strong>La Zone d&rsquo;Int\u00e9r\u00eat<\/strong><\/em> commence par un g\u00e9n\u00e9rique des plus sobre, un silence, quelques bruits. C&rsquo;est si surprenant que l&rsquo;on pourrait croire \u00e0 un probl\u00e8me technique de projection. Mais il n&rsquo;en est rien. Avant de s&rsquo;ouvrir par de sc\u00e8nes du quotidien d&rsquo;une famille. On imagine que tout est normal, paisible, si ce n&rsquo;est que le jardin est d\u00e9limit\u00e9 par des barbel\u00e9s et qu&rsquo;on y entend des coups de feu. C&rsquo;est l\u00e0 la force du <strong>film<\/strong> de<strong> Jonathan Glazer<\/strong> : raconter toute l&rsquo;horreur de la Shoah, des camps de la mort, sans jamais rien montrer. On devine \u00e0 mesure de l&rsquo;avanc\u00e9e du <strong>film <\/strong>qui sont r\u00e9ellement ces personnages incarn\u00e9s par<strong> Sandra H\u00fcller <\/strong>et<strong> Christian Friedel<\/strong>.<\/p>\n\n\n\n<figure class=\"wp-block-embed is-type-video is-provider-youtube wp-block-embed-youtube wp-embed-aspect-16-9 wp-has-aspect-ratio\"><div class=\"wp-block-embed__wrapper\">\n<iframe loading=\"lazy\" title=\"LA ZONE D&#039;INT\u00c9R\u00caT - Bande-annonce officielle\" width=\"800\" height=\"450\" src=\"https:\/\/www.youtube.com\/embed\/m6cz6xTgkIY?feature=oembed\" frameborder=\"0\" allow=\"accelerometer; autoplay; clipboard-write; encrypted-media; gyroscope; picture-in-picture; web-share\" allowfullscreen><\/iframe>\n<\/div><\/figure>\n\n\n\n<p>Le contraste entre la vie qui\u00e8te de la famille du commandant <strong>Rudolf H\u00f6ss<\/strong>  (qui a vraiment exist\u00e9) et la r\u00e9alit\u00e9 de qui ils sont, leurs agissements et ce qui se passe r\u00e9ellement autour, est saisissant. Le point de vue adopt\u00e9 par le r\u00e9alisateur, et le romancier auparavant, est des plus original. Gr\u00e2ce \u00e0 celui-ci, il parvient \u00e0 mettre en sc\u00e8ne toute l&rsquo;horreur de cet \u00e9pisode de l&rsquo;Histoire sans jamais rien montrer directement \u00e0 l&rsquo;image. <\/p>\n\n\n\n<p>Si <em><strong>La Zone d&rsquo;Int\u00e9r\u00eat<\/strong><\/em> n&rsquo;a rien remport\u00e9 aux Golden Globes, malgr\u00e9 3 nominations, le film est en lice pour 9 r\u00e9compenses aux <strong>BAFTA<\/strong> (qui se tiendront le 18 f\u00e9vrier prochain) et pour 5 statuettes (dont celle du meilleur film et celle du meilleur r\u00e9alisateur) aux prochains <strong>Oscars<\/strong>, dont la c\u00e9r\u00e9monie se tiendra le 10 mars. <em><strong>La Zone d&rsquo;Int\u00e9r\u00eat<\/strong><\/em> y affrontera notamment <em><a href=\"https:\/\/1jour1sortie.com\/index.php\/2023\/08\/22\/anatomie-dune-chute-le-film-de-proces-a-la-palme-dor-2023-meritee-de-justine-triet\/\">Anatomie d&rsquo;une chute<\/a> <\/em>dans plusieurs cat\u00e9gories. Quant \u00e0 <strong>Sandra H\u00fcller<\/strong>, si elle est nomm\u00e9e dans la cat\u00e9gorie meilleure actrice, c&rsquo;est bien pour<a href=\"https:\/\/1jour1sortie.com\/index.php\/2023\/08\/22\/anatomie-dune-chute-le-film-de-proces-a-la-palme-dor-2023-meritee-de-justine-triet\/\"> <em>Anatomie d&rsquo;une chute<\/em><\/a>. <\/p>\n\n\n\n<p>\u00c0 noter que la Seconde Guerre Mondiale est \u00e9galement \u00e9voqu\u00e9e dans le film <em>Une vie<\/em>, avec Anthony Hopkins, qui sort au cin\u00e9ma le 21 f\u00e9vrier.<\/p>\n\n\n\n<p class=\"has-small-font-size\"><em>La Zone d&rsquo;Int\u00e9r\u00eat <\/em>de Jonathan Glazer, 1h45<br>Avec Sandra H\u00fcller, Christian Friedel&#8230;<br>Cr\u00e9dit photo : \u00a9Leonine<\/p>\n\n\n\n<p><\/p>\n\n\n\n<p><\/p>\n","protected":false},"excerpt":{"rendered":"<p>Grand Prix \u00e0 Cannes en 2023, le drame de Jonathan Glazer, La Zone d&rsquo;Int\u00e9r\u00eat, met en sc\u00e8ne le quotidien de<\/p>\n","protected":false},"author":1,"featured_media":513,"comment_status":"open","ping_status":"open","sticky":false,"template":"","format":"standard","meta":{"colormag_page_container_layout":"default_layout","colormag_page_sidebar_layout":"default_layout","_jetpack_memberships_contains_paid_content":false,"footnotes":"","jetpack_publicize_message":"","jetpack_publicize_feature_enabled":true,"jetpack_social_post_already_shared":false,"jetpack_social_options":{"image_generator_settings":{"template":"highway","default_image_id":0,"font":"","enabled":false},"version":2}},"categories":[3],"tags":[297,368,362,365,10,17,366,363,367,364],"class_list":["post-509","post","type-post","status-publish","format-standard","has-post-thumbnail","hentry","category-cinema","tag-drame","tag-auschwitz","tag-cannes","tag-christian-friedel","tag-cinema","tag-film","tag-historique","tag-jonathan-glazer","tag-la-zone-dinteret","tag-sandra-huller"],"yoast_head":"<!-- This site is optimized with the Yoast SEO plugin v27.2 - https:\/\/yoast.com\/product\/yoast-seo-wordpress\/ -->\n<title>La Zone d&#039;Int\u00e9r\u00eat : quand Jonathan Glazer raconte le (tranquille) quotidien d&#039;une famille nazie \u00e0 Auschwitz - 1 Jour 1 Sortie<\/title>\n<meta name=\"robots\" content=\"index, follow, max-snippet:-1, max-image-preview:large, max-video-preview:-1\" \/>\n<link rel=\"canonical\" href=\"https:\/\/1jour1sortie.com\/index.php\/2024\/01\/30\/la-zone-dinteret-quand-jonathan-glazer-raconte-le-tranquille-quotidien-dune-famille-nazie-a-auschwitz\/\" \/>\n<meta property=\"og:locale\" content=\"fr_FR\" \/>\n<meta property=\"og:type\" content=\"article\" \/>\n<meta property=\"og:title\" content=\"La Zone d&#039;Int\u00e9r\u00eat : quand Jonathan Glazer raconte le (tranquille) quotidien d&#039;une famille nazie \u00e0 Auschwitz - 1 Jour 1 Sortie\" \/>\n<meta property=\"og:description\" content=\"Grand Prix \u00e0 Cannes en 2023, le drame de Jonathan Glazer, La Zone d&rsquo;Int\u00e9r\u00eat, met en sc\u00e8ne le quotidien de\" \/>\n<meta property=\"og:url\" content=\"https:\/\/1jour1sortie.com\/index.php\/2024\/01\/30\/la-zone-dinteret-quand-jonathan-glazer-raconte-le-tranquille-quotidien-dune-famille-nazie-a-auschwitz\/\" \/>\n<meta property=\"og:site_name\" content=\"1 Jour 1 Sortie\" \/>\n<meta property=\"article:published_time\" content=\"2024-01-30T10:05:19+00:00\" \/>\n<meta property=\"article:modified_time\" content=\"2024-01-30T15:07:21+00:00\" \/>\n<meta property=\"og:image\" content=\"https:\/\/1jour1sortie.com\/wp-content\/uploads\/2024\/01\/4837699.jpg-r_1920_1080-f_jpg-q_x-xxyxx.jpg\" \/>\n\t<meta property=\"og:image:width\" content=\"1569\" \/>\n\t<meta property=\"og:image:height\" content=\"1080\" \/>\n\t<meta property=\"og:image:type\" content=\"image\/jpeg\" \/>\n<meta name=\"author\" content=\"Laura Bruneau\" \/>\n<meta name=\"twitter:card\" content=\"summary_large_image\" \/>\n<meta name=\"twitter:label1\" content=\"\u00c9crit par\" \/>\n\t<meta name=\"twitter:data1\" content=\"Laura Bruneau\" \/>\n\t<meta name=\"twitter:label2\" content=\"Dur\u00e9e de lecture estim\u00e9e\" \/>\n\t<meta name=\"twitter:data2\" content=\"3 minutes\" \/>\n<script type=\"application\/ld+json\" class=\"yoast-schema-graph\">{\"@context\":\"https:\/\/schema.org\",\"@graph\":[{\"@type\":\"Article\",\"@id\":\"https:\/\/1jour1sortie.com\/index.php\/2024\/01\/30\/la-zone-dinteret-quand-jonathan-glazer-raconte-le-tranquille-quotidien-dune-famille-nazie-a-auschwitz\/#article\",\"isPartOf\":{\"@id\":\"https:\/\/1jour1sortie.com\/index.php\/2024\/01\/30\/la-zone-dinteret-quand-jonathan-glazer-raconte-le-tranquille-quotidien-dune-famille-nazie-a-auschwitz\/\"},\"author\":{\"name\":\"Laura Bruneau\",\"@id\":\"https:\/\/1jour1sortie.com\/#\/schema\/person\/421cf30a2d8bd17d611a374f6581881a\"},\"headline\":\"La Zone d&rsquo;Int\u00e9r\u00eat : quand Jonathan Glazer raconte le (tranquille) quotidien d&rsquo;une famille nazie \u00e0 Auschwitz\",\"datePublished\":\"2024-01-30T10:05:19+00:00\",\"dateModified\":\"2024-01-30T15:07:21+00:00\",\"mainEntityOfPage\":{\"@id\":\"https:\/\/1jour1sortie.com\/index.php\/2024\/01\/30\/la-zone-dinteret-quand-jonathan-glazer-raconte-le-tranquille-quotidien-dune-famille-nazie-a-auschwitz\/\"},\"wordCount\":557,\"commentCount\":2,\"publisher\":{\"@id\":\"https:\/\/1jour1sortie.com\/#\/schema\/person\/421cf30a2d8bd17d611a374f6581881a\"},\"image\":{\"@id\":\"https:\/\/1jour1sortie.com\/index.php\/2024\/01\/30\/la-zone-dinteret-quand-jonathan-glazer-raconte-le-tranquille-quotidien-dune-famille-nazie-a-auschwitz\/#primaryimage\"},\"thumbnailUrl\":\"https:\/\/1jour1sortie.com\/wp-content\/uploads\/2024\/01\/4837699.jpg-r_1920_1080-f_jpg-q_x-xxyxx.jpg\",\"keywords\":[\".drame\",\"auschwitz\",\"cannes\",\"christian friedel\",\"Cin\u00e9ma\",\"film\",\"historique\",\"jonathan glazer\",\"la zone d'int\u00e9r\u00eat\",\"sandra huller\"],\"articleSection\":[\"Cin\u00e9ma &amp; Co\"],\"inLanguage\":\"fr-FR\",\"potentialAction\":[{\"@type\":\"CommentAction\",\"name\":\"Comment\",\"target\":[\"https:\/\/1jour1sortie.com\/index.php\/2024\/01\/30\/la-zone-dinteret-quand-jonathan-glazer-raconte-le-tranquille-quotidien-dune-famille-nazie-a-auschwitz\/#respond\"]}]},{\"@type\":\"WebPage\",\"@id\":\"https:\/\/1jour1sortie.com\/index.php\/2024\/01\/30\/la-zone-dinteret-quand-jonathan-glazer-raconte-le-tranquille-quotidien-dune-famille-nazie-a-auschwitz\/\",\"url\":\"https:\/\/1jour1sortie.com\/index.php\/2024\/01\/30\/la-zone-dinteret-quand-jonathan-glazer-raconte-le-tranquille-quotidien-dune-famille-nazie-a-auschwitz\/\",\"name\":\"La Zone d'Int\u00e9r\u00eat : quand Jonathan Glazer raconte le (tranquille) quotidien d'une famille nazie \u00e0 Auschwitz - 1 Jour 1 Sortie\",\"isPartOf\":{\"@id\":\"https:\/\/1jour1sortie.com\/#website\"},\"primaryImageOfPage\":{\"@id\":\"https:\/\/1jour1sortie.com\/index.php\/2024\/01\/30\/la-zone-dinteret-quand-jonathan-glazer-raconte-le-tranquille-quotidien-dune-famille-nazie-a-auschwitz\/#primaryimage\"},\"image\":{\"@id\":\"https:\/\/1jour1sortie.com\/index.php\/2024\/01\/30\/la-zone-dinteret-quand-jonathan-glazer-raconte-le-tranquille-quotidien-dune-famille-nazie-a-auschwitz\/#primaryimage\"},\"thumbnailUrl\":\"https:\/\/1jour1sortie.com\/wp-content\/uploads\/2024\/01\/4837699.jpg-r_1920_1080-f_jpg-q_x-xxyxx.jpg\",\"datePublished\":\"2024-01-30T10:05:19+00:00\",\"dateModified\":\"2024-01-30T15:07:21+00:00\",\"breadcrumb\":{\"@id\":\"https:\/\/1jour1sortie.com\/index.php\/2024\/01\/30\/la-zone-dinteret-quand-jonathan-glazer-raconte-le-tranquille-quotidien-dune-famille-nazie-a-auschwitz\/#breadcrumb\"},\"inLanguage\":\"fr-FR\",\"potentialAction\":[{\"@type\":\"ReadAction\",\"target\":[\"https:\/\/1jour1sortie.com\/index.php\/2024\/01\/30\/la-zone-dinteret-quand-jonathan-glazer-raconte-le-tranquille-quotidien-dune-famille-nazie-a-auschwitz\/\"]}]},{\"@type\":\"ImageObject\",\"inLanguage\":\"fr-FR\",\"@id\":\"https:\/\/1jour1sortie.com\/index.php\/2024\/01\/30\/la-zone-dinteret-quand-jonathan-glazer-raconte-le-tranquille-quotidien-dune-famille-nazie-a-auschwitz\/#primaryimage\",\"url\":\"https:\/\/1jour1sortie.com\/wp-content\/uploads\/2024\/01\/4837699.jpg-r_1920_1080-f_jpg-q_x-xxyxx.jpg\",\"contentUrl\":\"https:\/\/1jour1sortie.com\/wp-content\/uploads\/2024\/01\/4837699.jpg-r_1920_1080-f_jpg-q_x-xxyxx.jpg\",\"width\":1569,\"height\":1080,\"caption\":\"La Zone d'Int\u00e9r\u00eat \u00a9Leonine\"},{\"@type\":\"BreadcrumbList\",\"@id\":\"https:\/\/1jour1sortie.com\/index.php\/2024\/01\/30\/la-zone-dinteret-quand-jonathan-glazer-raconte-le-tranquille-quotidien-dune-famille-nazie-a-auschwitz\/#breadcrumb\",\"itemListElement\":[{\"@type\":\"ListItem\",\"position\":1,\"name\":\"Accueil\",\"item\":\"https:\/\/1jour1sortie.com\/\"},{\"@type\":\"ListItem\",\"position\":2,\"name\":\"La Zone d&rsquo;Int\u00e9r\u00eat : quand Jonathan Glazer raconte le (tranquille) quotidien d&rsquo;une famille nazie \u00e0 Auschwitz\"}]},{\"@type\":\"WebSite\",\"@id\":\"https:\/\/1jour1sortie.com\/#website\",\"url\":\"https:\/\/1jour1sortie.com\/\",\"name\":\"1 Jour 1 Sortie\",\"description\":\"Par Laura Bruneau\",\"publisher\":{\"@id\":\"https:\/\/1jour1sortie.com\/#\/schema\/person\/421cf30a2d8bd17d611a374f6581881a\"},\"potentialAction\":[{\"@type\":\"SearchAction\",\"target\":{\"@type\":\"EntryPoint\",\"urlTemplate\":\"https:\/\/1jour1sortie.com\/?s={search_term_string}\"},\"query-input\":{\"@type\":\"PropertyValueSpecification\",\"valueRequired\":true,\"valueName\":\"search_term_string\"}}],\"inLanguage\":\"fr-FR\"},{\"@type\":[\"Person\",\"Organization\"],\"@id\":\"https:\/\/1jour1sortie.com\/#\/schema\/person\/421cf30a2d8bd17d611a374f6581881a\",\"name\":\"Laura Bruneau\",\"image\":{\"@type\":\"ImageObject\",\"inLanguage\":\"fr-FR\",\"@id\":\"https:\/\/secure.gravatar.com\/avatar\/8291dab2ef06499abccb64ced18b956a811c146e7f11c5e16b7e8eaf1dfccffc?s=96&d=mm&r=g\",\"url\":\"https:\/\/secure.gravatar.com\/avatar\/8291dab2ef06499abccb64ced18b956a811c146e7f11c5e16b7e8eaf1dfccffc?s=96&d=mm&r=g\",\"contentUrl\":\"https:\/\/secure.gravatar.com\/avatar\/8291dab2ef06499abccb64ced18b956a811c146e7f11c5e16b7e8eaf1dfccffc?s=96&d=mm&r=g\",\"caption\":\"Laura Bruneau\"},\"logo\":{\"@id\":\"https:\/\/secure.gravatar.com\/avatar\/8291dab2ef06499abccb64ced18b956a811c146e7f11c5e16b7e8eaf1dfccffc?s=96&d=mm&r=g\"},\"sameAs\":[\"http:\/\/1jour1sortie.com\"],\"url\":\"https:\/\/1jour1sortie.com\/index.php\/author\/admin6732\/\"}]}<\/script>\n<!-- \/ Yoast SEO plugin. -->","yoast_head_json":{"title":"La Zone d'Int\u00e9r\u00eat : quand Jonathan Glazer raconte le (tranquille) quotidien d'une famille nazie \u00e0 Auschwitz - 1 Jour 1 Sortie","robots":{"index":"index","follow":"follow","max-snippet":"max-snippet:-1","max-image-preview":"max-image-preview:large","max-video-preview":"max-video-preview:-1"},"canonical":"https:\/\/1jour1sortie.com\/index.php\/2024\/01\/30\/la-zone-dinteret-quand-jonathan-glazer-raconte-le-tranquille-quotidien-dune-famille-nazie-a-auschwitz\/","og_locale":"fr_FR","og_type":"article","og_title":"La Zone d'Int\u00e9r\u00eat : quand Jonathan Glazer raconte le (tranquille) quotidien d'une famille nazie \u00e0 Auschwitz - 1 Jour 1 Sortie","og_description":"Grand Prix \u00e0 Cannes en 2023, le drame de Jonathan Glazer, La Zone d&rsquo;Int\u00e9r\u00eat, met en sc\u00e8ne le quotidien de","og_url":"https:\/\/1jour1sortie.com\/index.php\/2024\/01\/30\/la-zone-dinteret-quand-jonathan-glazer-raconte-le-tranquille-quotidien-dune-famille-nazie-a-auschwitz\/","og_site_name":"1 Jour 1 Sortie","article_published_time":"2024-01-30T10:05:19+00:00","article_modified_time":"2024-01-30T15:07:21+00:00","og_image":[{"width":1569,"height":1080,"url":"https:\/\/1jour1sortie.com\/wp-content\/uploads\/2024\/01\/4837699.jpg-r_1920_1080-f_jpg-q_x-xxyxx.jpg","type":"image\/jpeg"}],"author":"Laura Bruneau","twitter_card":"summary_large_image","twitter_misc":{"\u00c9crit par":"Laura Bruneau","Dur\u00e9e de lecture estim\u00e9e":"3 minutes"},"schema":{"@context":"https:\/\/schema.org","@graph":[{"@type":"Article","@id":"https:\/\/1jour1sortie.com\/index.php\/2024\/01\/30\/la-zone-dinteret-quand-jonathan-glazer-raconte-le-tranquille-quotidien-dune-famille-nazie-a-auschwitz\/#article","isPartOf":{"@id":"https:\/\/1jour1sortie.com\/index.php\/2024\/01\/30\/la-zone-dinteret-quand-jonathan-glazer-raconte-le-tranquille-quotidien-dune-famille-nazie-a-auschwitz\/"},"author":{"name":"Laura Bruneau","@id":"https:\/\/1jour1sortie.com\/#\/schema\/person\/421cf30a2d8bd17d611a374f6581881a"},"headline":"La Zone d&rsquo;Int\u00e9r\u00eat : quand Jonathan Glazer raconte le (tranquille) quotidien d&rsquo;une famille nazie \u00e0 Auschwitz","datePublished":"2024-01-30T10:05:19+00:00","dateModified":"2024-01-30T15:07:21+00:00","mainEntityOfPage":{"@id":"https:\/\/1jour1sortie.com\/index.php\/2024\/01\/30\/la-zone-dinteret-quand-jonathan-glazer-raconte-le-tranquille-quotidien-dune-famille-nazie-a-auschwitz\/"},"wordCount":557,"commentCount":2,"publisher":{"@id":"https:\/\/1jour1sortie.com\/#\/schema\/person\/421cf30a2d8bd17d611a374f6581881a"},"image":{"@id":"https:\/\/1jour1sortie.com\/index.php\/2024\/01\/30\/la-zone-dinteret-quand-jonathan-glazer-raconte-le-tranquille-quotidien-dune-famille-nazie-a-auschwitz\/#primaryimage"},"thumbnailUrl":"https:\/\/1jour1sortie.com\/wp-content\/uploads\/2024\/01\/4837699.jpg-r_1920_1080-f_jpg-q_x-xxyxx.jpg","keywords":[".drame","auschwitz","cannes","christian friedel","Cin\u00e9ma","film","historique","jonathan glazer","la zone d'int\u00e9r\u00eat","sandra huller"],"articleSection":["Cin\u00e9ma &amp; Co"],"inLanguage":"fr-FR","potentialAction":[{"@type":"CommentAction","name":"Comment","target":["https:\/\/1jour1sortie.com\/index.php\/2024\/01\/30\/la-zone-dinteret-quand-jonathan-glazer-raconte-le-tranquille-quotidien-dune-famille-nazie-a-auschwitz\/#respond"]}]},{"@type":"WebPage","@id":"https:\/\/1jour1sortie.com\/index.php\/2024\/01\/30\/la-zone-dinteret-quand-jonathan-glazer-raconte-le-tranquille-quotidien-dune-famille-nazie-a-auschwitz\/","url":"https:\/\/1jour1sortie.com\/index.php\/2024\/01\/30\/la-zone-dinteret-quand-jonathan-glazer-raconte-le-tranquille-quotidien-dune-famille-nazie-a-auschwitz\/","name":"La Zone d'Int\u00e9r\u00eat : quand Jonathan Glazer raconte le (tranquille) quotidien d'une famille nazie \u00e0 Auschwitz - 1 Jour 1 Sortie","isPartOf":{"@id":"https:\/\/1jour1sortie.com\/#website"},"primaryImageOfPage":{"@id":"https:\/\/1jour1sortie.com\/index.php\/2024\/01\/30\/la-zone-dinteret-quand-jonathan-glazer-raconte-le-tranquille-quotidien-dune-famille-nazie-a-auschwitz\/#primaryimage"},"image":{"@id":"https:\/\/1jour1sortie.com\/index.php\/2024\/01\/30\/la-zone-dinteret-quand-jonathan-glazer-raconte-le-tranquille-quotidien-dune-famille-nazie-a-auschwitz\/#primaryimage"},"thumbnailUrl":"https:\/\/1jour1sortie.com\/wp-content\/uploads\/2024\/01\/4837699.jpg-r_1920_1080-f_jpg-q_x-xxyxx.jpg","datePublished":"2024-01-30T10:05:19+00:00","dateModified":"2024-01-30T15:07:21+00:00","breadcrumb":{"@id":"https:\/\/1jour1sortie.com\/index.php\/2024\/01\/30\/la-zone-dinteret-quand-jonathan-glazer-raconte-le-tranquille-quotidien-dune-famille-nazie-a-auschwitz\/#breadcrumb"},"inLanguage":"fr-FR","potentialAction":[{"@type":"ReadAction","target":["https:\/\/1jour1sortie.com\/index.php\/2024\/01\/30\/la-zone-dinteret-quand-jonathan-glazer-raconte-le-tranquille-quotidien-dune-famille-nazie-a-auschwitz\/"]}]},{"@type":"ImageObject","inLanguage":"fr-FR","@id":"https:\/\/1jour1sortie.com\/index.php\/2024\/01\/30\/la-zone-dinteret-quand-jonathan-glazer-raconte-le-tranquille-quotidien-dune-famille-nazie-a-auschwitz\/#primaryimage","url":"https:\/\/1jour1sortie.com\/wp-content\/uploads\/2024\/01\/4837699.jpg-r_1920_1080-f_jpg-q_x-xxyxx.jpg","contentUrl":"https:\/\/1jour1sortie.com\/wp-content\/uploads\/2024\/01\/4837699.jpg-r_1920_1080-f_jpg-q_x-xxyxx.jpg","width":1569,"height":1080,"caption":"La Zone d'Int\u00e9r\u00eat \u00a9Leonine"},{"@type":"BreadcrumbList","@id":"https:\/\/1jour1sortie.com\/index.php\/2024\/01\/30\/la-zone-dinteret-quand-jonathan-glazer-raconte-le-tranquille-quotidien-dune-famille-nazie-a-auschwitz\/#breadcrumb","itemListElement":[{"@type":"ListItem","position":1,"name":"Accueil","item":"https:\/\/1jour1sortie.com\/"},{"@type":"ListItem","position":2,"name":"La Zone d&rsquo;Int\u00e9r\u00eat : quand Jonathan Glazer raconte le (tranquille) quotidien d&rsquo;une famille nazie \u00e0 Auschwitz"}]},{"@type":"WebSite","@id":"https:\/\/1jour1sortie.com\/#website","url":"https:\/\/1jour1sortie.com\/","name":"1 Jour 1 Sortie","description":"Par Laura Bruneau","publisher":{"@id":"https:\/\/1jour1sortie.com\/#\/schema\/person\/421cf30a2d8bd17d611a374f6581881a"},"potentialAction":[{"@type":"SearchAction","target":{"@type":"EntryPoint","urlTemplate":"https:\/\/1jour1sortie.com\/?s={search_term_string}"},"query-input":{"@type":"PropertyValueSpecification","valueRequired":true,"valueName":"search_term_string"}}],"inLanguage":"fr-FR"},{"@type":["Person","Organization"],"@id":"https:\/\/1jour1sortie.com\/#\/schema\/person\/421cf30a2d8bd17d611a374f6581881a","name":"Laura Bruneau","image":{"@type":"ImageObject","inLanguage":"fr-FR","@id":"https:\/\/secure.gravatar.com\/avatar\/8291dab2ef06499abccb64ced18b956a811c146e7f11c5e16b7e8eaf1dfccffc?s=96&d=mm&r=g","url":"https:\/\/secure.gravatar.com\/avatar\/8291dab2ef06499abccb64ced18b956a811c146e7f11c5e16b7e8eaf1dfccffc?s=96&d=mm&r=g","contentUrl":"https:\/\/secure.gravatar.com\/avatar\/8291dab2ef06499abccb64ced18b956a811c146e7f11c5e16b7e8eaf1dfccffc?s=96&d=mm&r=g","caption":"Laura Bruneau"},"logo":{"@id":"https:\/\/secure.gravatar.com\/avatar\/8291dab2ef06499abccb64ced18b956a811c146e7f11c5e16b7e8eaf1dfccffc?s=96&d=mm&r=g"},"sameAs":["http:\/\/1jour1sortie.com"],"url":"https:\/\/1jour1sortie.com\/index.php\/author\/admin6732\/"}]}},"jetpack_publicize_connections":[],"jetpack_featured_media_url":"https:\/\/1jour1sortie.com\/wp-content\/uploads\/2024\/01\/4837699.jpg-r_1920_1080-f_jpg-q_x-xxyxx.jpg","jetpack_sharing_enabled":true,"_links":{"self":[{"href":"https:\/\/1jour1sortie.com\/index.php\/wp-json\/wp\/v2\/posts\/509","targetHints":{"allow":["GET"]}}],"collection":[{"href":"https:\/\/1jour1sortie.com\/index.php\/wp-json\/wp\/v2\/posts"}],"about":[{"href":"https:\/\/1jour1sortie.com\/index.php\/wp-json\/wp\/v2\/types\/post"}],"author":[{"embeddable":true,"href":"https:\/\/1jour1sortie.com\/index.php\/wp-json\/wp\/v2\/users\/1"}],"replies":[{"embeddable":true,"href":"https:\/\/1jour1sortie.com\/index.php\/wp-json\/wp\/v2\/comments?post=509"}],"version-history":[{"count":5,"href":"https:\/\/1jour1sortie.com\/index.php\/wp-json\/wp\/v2\/posts\/509\/revisions"}],"predecessor-version":[{"id":516,"href":"https:\/\/1jour1sortie.com\/index.php\/wp-json\/wp\/v2\/posts\/509\/revisions\/516"}],"wp:featuredmedia":[{"embeddable":true,"href":"https:\/\/1jour1sortie.com\/index.php\/wp-json\/wp\/v2\/media\/513"}],"wp:attachment":[{"href":"https:\/\/1jour1sortie.com\/index.php\/wp-json\/wp\/v2\/media?parent=509"}],"wp:term":[{"taxonomy":"category","embeddable":true,"href":"https:\/\/1jour1sortie.com\/index.php\/wp-json\/wp\/v2\/categories?post=509"},{"taxonomy":"post_tag","embeddable":true,"href":"https:\/\/1jour1sortie.com\/index.php\/wp-json\/wp\/v2\/tags?post=509"}],"curies":[{"name":"wp","href":"https:\/\/api.w.org\/{rel}","templated":true}]}}