{"id":451,"date":"2025-10-22T17:38:22","date_gmt":"2025-10-22T15:38:22","guid":{"rendered":"https:\/\/1jour1sortie.com\/?p=451"},"modified":"2025-10-23T10:20:35","modified_gmt":"2025-10-23T08:20:35","slug":"jeremy-ferrari-bercy-en-direct-au-cinema-pour-la-derniere-danesthesie-generale","status":"publish","type":"post","link":"https:\/\/1jour1sortie.com\/index.php\/2025\/10\/22\/jeremy-ferrari-bercy-en-direct-au-cinema-pour-la-derniere-danesthesie-generale\/","title":{"rendered":"\u00ab\u00a0Anesth\u00e9sie G\u00e9n\u00e9rale\u00a0\u00bb, le spectacle de J\u00e9r\u00e9my Ferrari diffus\u00e9 \u00e0 la t\u00e9l\u00e9"},"content":{"rendered":"\n<p><em>Le one -man-show de J\u00e9r\u00e9my Ferrari autour de la sant\u00e9, \u00ab\u00a0Anesth\u00e9sie G\u00e9n\u00e9rale\u00a0\u00bb, est programm\u00e9 en clair \u00e0 la t\u00e9l\u00e9. Au menu de cet excellent spectacle, humour noir et cynisme. Du grand Ferrari.<\/em><\/p>\n\n\n\n<p><em><strong>Anesth\u00e9sie G\u00e9n\u00e9rale<\/strong><\/em>, le dernier <strong>one-man-show <\/strong>en date de<a href=\"https:\/\/1jour1sortie.com\/index.php\/2025\/05\/24\/jeremy-ferrari-arnaud-tsamere-et-baptiste-lecaplain-dans-la-tournee-du-trio\/\"> J\u00e9r\u00e9my Ferrari<\/a>, autour du th\u00e8me de la sant\u00e9, est enfin diffus\u00e9 en clair \u00e0 la <a href=\"https:\/\/1jour1sortie.com\/index.php\/category\/cinema\/tv-series\/\"><strong>t\u00e9l\u00e9<\/strong><\/a>, apr\u00e8s avoir \u00e9t\u00e9 propos\u00e9 sur Canal+ en juillet dernier. Ce<a href=\"https:\/\/1jour1sortie.com\/index.php\/category\/spectacle-vivant\/\"> <strong>spectacle<\/strong> <\/a>est programm\u00e9 sur <strong>CStar <\/strong>le jeudi <strong>23 octobre<\/strong>. <br>Ce soir-l\u00e0, TF1 propose son \u00e9pisode annuel in\u00e9dit de <em><a href=\"https:\/\/1jour1sortie.com\/index.php\/2025\/10\/23\/neige-sang-le-nouvel-inedit-de-section-de-recherches-sur-tf1\/\">Section de Recherches<\/a><\/em>.<\/p>\n\n\n\n<p><strong>J\u00e9r\u00e9my Ferrari <\/strong>avait lanc\u00e9 <em><strong>Anesth\u00e9sie G\u00e9n\u00e9rale<\/strong><\/em> d\u00e9but 2020. Tr\u00e8s vite, les repr\u00e9sentations avaient \u00e9t\u00e9 interrompues pour cause de pand\u00e9mie de Covid. Une aubaine, presque, pour <strong><a href=\"https:\/\/1jour1sortie.com\/index.php\/2025\/03\/24\/les-duos-impossibles-de-jeremy-ferrari-la-10eme-edition-a-voir-sur-canal\/\">J\u00e9r\u00e9my Ferrari <\/a><\/strong>qui en a profit\u00e9 pour rallonger son <strong>spectacle<\/strong> qui dure plus de 3 heures. <br>Un <strong>one-man-show <\/strong>qui avait attir\u00e9 plus de 300.000 spectateurs en tourn\u00e9e et que <strong>J\u00e9r\u00e9my Ferrari <\/strong>avait conclu par deux repr\u00e9sentations \u00e0 Bercy, en mars 2024, dont l&rsquo;une avait \u00e9t\u00e9 retransmise en direct dans plus de 200 salles de<a href=\"https:\/\/1jour1sortie.com\/index.php\/category\/cinema\/\"> cin\u00e9ma<\/a>.  <\/p>\n\n\n\n<figure class=\"wp-block-embed is-type-video is-provider-youtube wp-block-embed-youtube wp-embed-aspect-16-9 wp-has-aspect-ratio\"><div class=\"wp-block-embed__wrapper\">\n<iframe loading=\"lazy\" title=\"Bande annonce &quot;Anesth\u00e9sie G\u00e9n\u00e9rale&quot;\" width=\"800\" height=\"450\" src=\"https:\/\/www.youtube.com\/embed\/kGDc5CsolpQ?start=1&#038;feature=oembed\" frameborder=\"0\" allow=\"accelerometer; autoplay; clipboard-write; encrypted-media; gyroscope; picture-in-picture; web-share\" referrerpolicy=\"strict-origin-when-cross-origin\" allowfullscreen><\/iframe>\n<\/div><\/figure>\n\n\n\n<p><em><strong>Anesth\u00e9sie G\u00e9n\u00e9rale <\/strong><\/em>est un <strong>spectacle<\/strong> de tr\u00e8s, tr\u00e8s haute vol\u00e9e, surpassant les pr\u00e9c\u00e9dents one-man-shows de<strong> <a href=\"https:\/\/1jour1sortie.com\/index.php\/2024\/05\/13\/roqya-avec-jeremy-ferrari-et-golshifteh-farahani-une-chasse-a-la-sorciere-de-la-cite\/\">J\u00e9r\u00e9my Ferrari<\/a><\/strong>, <em>Hallelujah Bordel <\/em>et <em>Vends deux pi\u00e8ces \u00e0 Beyrouth<\/em>, d\u00e9j\u00e0 tr\u00e8s bons. <br>L&rsquo;<strong>humoriste <\/strong>arrive sur sc\u00e8ne telle une rockstar avec l&rsquo;ambition de nous faire rire avec un sujet tr\u00e8s s\u00e9rieux, la sant\u00e9. Facile, pour lui. <br>Le Covid et la pand\u00e9mie sont largement \u00e9voqu\u00e9,<strong> Jeremy Ferrari<\/strong> \u00e9gratignant tout au passage et faisant une belle d\u00e9monstration de d\u00e9sinformation. L&rsquo;<strong>humoriste<\/strong> \u00e9voque \u00e9galement sa sant\u00e9 personnelle, et plus pr\u00e9cis\u00e9ment une tentative de suicide alors qu&rsquo;il \u00e9tait alcoolique. C&rsquo;est grave, et toujours entre rires et \u00e9motion.<br>Il en profite pour dire tout le bien &#8211; ou plut\u00f4t le mal &#8211; qu&rsquo;il pense de l&rsquo;hom\u00e9opathie, avec une argumentation tr\u00e8s \u00e9quivoque, avant de passer \u00e0 l&rsquo;histoire de la S\u00e9curit\u00e9 Sociale depuis 1945 en 6 minutes chrono. Bien qu&rsquo;affichant plus de 3 heures au compteur, on ne s&rsquo;ennuie pas devant <em><strong>Anesth\u00e9sie G\u00e9n\u00e9rale<\/strong><\/em> :<strong> J\u00e9r\u00e9my Ferrari <\/strong>a toujours un truc marrant \u00e0 raconter ou quelque-chose \u00e0 nous apprendre. <\/p>\n\n\n\n<p>A noter que CStar rediffuse, le lundi 3 novembre, la <a href=\"https:\/\/1jour1sortie.com\/index.php\/2025\/03\/24\/les-duos-impossibles-de-jeremy-ferrari-la-10eme-edition-a-voir-sur-canal\/\">10\u00e8me \u00e9dition des <em>Duos Impossibles de J\u00e9r\u00e9my Ferrari<\/em><\/a>. <\/p>\n\n\n\n<p class=\"has-small-font-size\"><em>Anesth\u00e9sie G\u00e9n\u00e9rale<\/em>, de J\u00e9r\u00e9my Ferrari<br>3h10<br>Le 23\/10\/25 sur Cstar \u00e0 21h10<br><br><\/p>\n\n\n\n<p><\/p>\n\n\n\n<p><\/p>\n","protected":false},"excerpt":{"rendered":"<p>Le one -man-show de J\u00e9r\u00e9my Ferrari autour de la sant\u00e9, \u00ab\u00a0Anesth\u00e9sie G\u00e9n\u00e9rale\u00a0\u00bb, est programm\u00e9 en clair \u00e0 la t\u00e9l\u00e9. Au<\/p>\n","protected":false},"author":1,"featured_media":2528,"comment_status":"open","ping_status":"open","sticky":false,"template":"","format":"standard","meta":{"colormag_page_container_layout":"default_layout","colormag_page_sidebar_layout":"default_layout","_jetpack_memberships_contains_paid_content":false,"footnotes":"","jetpack_publicize_message":"","jetpack_publicize_feature_enabled":true,"jetpack_social_post_already_shared":false,"jetpack_social_options":{"image_generator_settings":{"template":"highway","default_image_id":0,"font":"","enabled":false},"version":2}},"categories":[2,1103],"tags":[322,575,346,20,318,30,99,1777,40,41,48],"class_list":["post-451","post","type-post","status-publish","format-standard","has-post-thumbnail","hentry","category-spectacle-vivant","category-tv-series","tag-anesthesie-generale","tag-cstar","tag-humoriste","tag-humour","tag-jeremy-ferrari","tag-one-man-show","tag-spectacle","tag-spectacle-de-jeremy-ferrari","tag-tele","tag-television","tag-tv"],"yoast_head":"<!-- This site is optimized with the Yoast SEO plugin v27.2 - https:\/\/yoast.com\/product\/yoast-seo-wordpress\/ -->\n<title>&quot;Anesth\u00e9sie G\u00e9n\u00e9rale&quot;, le spectacle de J\u00e9r\u00e9my Ferrari diffus\u00e9 \u00e0 la t\u00e9l\u00e9 - 1 Jour 1 Sortie<\/title>\n<meta name=\"robots\" content=\"index, follow, max-snippet:-1, max-image-preview:large, max-video-preview:-1\" \/>\n<link rel=\"canonical\" href=\"https:\/\/1jour1sortie.com\/index.php\/2025\/10\/22\/jeremy-ferrari-bercy-en-direct-au-cinema-pour-la-derniere-danesthesie-generale\/\" \/>\n<meta property=\"og:locale\" content=\"fr_FR\" \/>\n<meta property=\"og:type\" content=\"article\" \/>\n<meta property=\"og:title\" content=\"&quot;Anesth\u00e9sie G\u00e9n\u00e9rale&quot;, le spectacle de J\u00e9r\u00e9my Ferrari diffus\u00e9 \u00e0 la t\u00e9l\u00e9 - 1 Jour 1 Sortie\" \/>\n<meta property=\"og:description\" content=\"Le one -man-show de J\u00e9r\u00e9my Ferrari autour de la sant\u00e9, \u00ab\u00a0Anesth\u00e9sie G\u00e9n\u00e9rale\u00a0\u00bb, est programm\u00e9 en clair \u00e0 la t\u00e9l\u00e9. Au\" \/>\n<meta property=\"og:url\" content=\"https:\/\/1jour1sortie.com\/index.php\/2025\/10\/22\/jeremy-ferrari-bercy-en-direct-au-cinema-pour-la-derniere-danesthesie-generale\/\" \/>\n<meta property=\"og:site_name\" content=\"1 Jour 1 Sortie\" \/>\n<meta property=\"article:published_time\" content=\"2025-10-22T15:38:22+00:00\" \/>\n<meta property=\"article:modified_time\" content=\"2025-10-23T08:20:35+00:00\" \/>\n<meta property=\"og:image\" content=\"https:\/\/1jour1sortie.com\/wp-content\/uploads\/2024\/01\/1153912-anesthesie-generale-le-show-percutant-de-jeremy-ferrari-a-voir-absolument.jpg\" \/>\n\t<meta property=\"og:image:width\" content=\"1280\" \/>\n\t<meta property=\"og:image:height\" content=\"854\" \/>\n\t<meta property=\"og:image:type\" content=\"image\/jpeg\" \/>\n<meta name=\"author\" content=\"Laura Bruneau\" \/>\n<meta name=\"twitter:card\" content=\"summary_large_image\" \/>\n<meta name=\"twitter:label1\" content=\"\u00c9crit par\" \/>\n\t<meta name=\"twitter:data1\" content=\"Laura Bruneau\" \/>\n\t<meta name=\"twitter:label2\" content=\"Dur\u00e9e de lecture estim\u00e9e\" \/>\n\t<meta name=\"twitter:data2\" content=\"3 minutes\" \/>\n<script type=\"application\/ld+json\" class=\"yoast-schema-graph\">{\"@context\":\"https:\/\/schema.org\",\"@graph\":[{\"@type\":\"Article\",\"@id\":\"https:\/\/1jour1sortie.com\/index.php\/2025\/10\/22\/jeremy-ferrari-bercy-en-direct-au-cinema-pour-la-derniere-danesthesie-generale\/#article\",\"isPartOf\":{\"@id\":\"https:\/\/1jour1sortie.com\/index.php\/2025\/10\/22\/jeremy-ferrari-bercy-en-direct-au-cinema-pour-la-derniere-danesthesie-generale\/\"},\"author\":{\"name\":\"Laura Bruneau\",\"@id\":\"https:\/\/1jour1sortie.com\/#\/schema\/person\/421cf30a2d8bd17d611a374f6581881a\"},\"headline\":\"\u00ab\u00a0Anesth\u00e9sie G\u00e9n\u00e9rale\u00a0\u00bb, le spectacle de J\u00e9r\u00e9my Ferrari diffus\u00e9 \u00e0 la t\u00e9l\u00e9\",\"datePublished\":\"2025-10-22T15:38:22+00:00\",\"dateModified\":\"2025-10-23T08:20:35+00:00\",\"mainEntityOfPage\":{\"@id\":\"https:\/\/1jour1sortie.com\/index.php\/2025\/10\/22\/jeremy-ferrari-bercy-en-direct-au-cinema-pour-la-derniere-danesthesie-generale\/\"},\"wordCount\":452,\"commentCount\":4,\"publisher\":{\"@id\":\"https:\/\/1jour1sortie.com\/#\/schema\/person\/421cf30a2d8bd17d611a374f6581881a\"},\"image\":{\"@id\":\"https:\/\/1jour1sortie.com\/index.php\/2025\/10\/22\/jeremy-ferrari-bercy-en-direct-au-cinema-pour-la-derniere-danesthesie-generale\/#primaryimage\"},\"thumbnailUrl\":\"https:\/\/1jour1sortie.com\/wp-content\/uploads\/2024\/01\/1153912-anesthesie-generale-le-show-percutant-de-jeremy-ferrari-a-voir-absolument.jpg\",\"keywords\":[\"anesth\u00e9sie g\u00e9n\u00e9rale\",\"cstar\",\"humoriste\",\"humour\",\"j\u00e9r\u00e9my ferrari\",\"One man show\",\"spectacle\",\"spectacle de j\u00e9r\u00e9my ferrari\",\"t\u00e9l\u00e9\",\"t\u00e9l\u00e9vision\",\"TV\"],\"articleSection\":[\"Spectacle Vivant\",\"TV &amp; S\u00e9ries\"],\"inLanguage\":\"fr-FR\",\"potentialAction\":[{\"@type\":\"CommentAction\",\"name\":\"Comment\",\"target\":[\"https:\/\/1jour1sortie.com\/index.php\/2025\/10\/22\/jeremy-ferrari-bercy-en-direct-au-cinema-pour-la-derniere-danesthesie-generale\/#respond\"]}]},{\"@type\":\"WebPage\",\"@id\":\"https:\/\/1jour1sortie.com\/index.php\/2025\/10\/22\/jeremy-ferrari-bercy-en-direct-au-cinema-pour-la-derniere-danesthesie-generale\/\",\"url\":\"https:\/\/1jour1sortie.com\/index.php\/2025\/10\/22\/jeremy-ferrari-bercy-en-direct-au-cinema-pour-la-derniere-danesthesie-generale\/\",\"name\":\"\\\"Anesth\u00e9sie G\u00e9n\u00e9rale\\\", le spectacle de J\u00e9r\u00e9my Ferrari diffus\u00e9 \u00e0 la t\u00e9l\u00e9 - 1 Jour 1 Sortie\",\"isPartOf\":{\"@id\":\"https:\/\/1jour1sortie.com\/#website\"},\"primaryImageOfPage\":{\"@id\":\"https:\/\/1jour1sortie.com\/index.php\/2025\/10\/22\/jeremy-ferrari-bercy-en-direct-au-cinema-pour-la-derniere-danesthesie-generale\/#primaryimage\"},\"image\":{\"@id\":\"https:\/\/1jour1sortie.com\/index.php\/2025\/10\/22\/jeremy-ferrari-bercy-en-direct-au-cinema-pour-la-derniere-danesthesie-generale\/#primaryimage\"},\"thumbnailUrl\":\"https:\/\/1jour1sortie.com\/wp-content\/uploads\/2024\/01\/1153912-anesthesie-generale-le-show-percutant-de-jeremy-ferrari-a-voir-absolument.jpg\",\"datePublished\":\"2025-10-22T15:38:22+00:00\",\"dateModified\":\"2025-10-23T08:20:35+00:00\",\"breadcrumb\":{\"@id\":\"https:\/\/1jour1sortie.com\/index.php\/2025\/10\/22\/jeremy-ferrari-bercy-en-direct-au-cinema-pour-la-derniere-danesthesie-generale\/#breadcrumb\"},\"inLanguage\":\"fr-FR\",\"potentialAction\":[{\"@type\":\"ReadAction\",\"target\":[\"https:\/\/1jour1sortie.com\/index.php\/2025\/10\/22\/jeremy-ferrari-bercy-en-direct-au-cinema-pour-la-derniere-danesthesie-generale\/\"]}]},{\"@type\":\"ImageObject\",\"inLanguage\":\"fr-FR\",\"@id\":\"https:\/\/1jour1sortie.com\/index.php\/2025\/10\/22\/jeremy-ferrari-bercy-en-direct-au-cinema-pour-la-derniere-danesthesie-generale\/#primaryimage\",\"url\":\"https:\/\/1jour1sortie.com\/wp-content\/uploads\/2024\/01\/1153912-anesthesie-generale-le-show-percutant-de-jeremy-ferrari-a-voir-absolument.jpg\",\"contentUrl\":\"https:\/\/1jour1sortie.com\/wp-content\/uploads\/2024\/01\/1153912-anesthesie-generale-le-show-percutant-de-jeremy-ferrari-a-voir-absolument.jpg\",\"width\":1280,\"height\":854,\"caption\":\"J\u00e9r\u00e9my Ferrari - Anesth\u00e9sie G\u00e9n\u00e9rale\"},{\"@type\":\"BreadcrumbList\",\"@id\":\"https:\/\/1jour1sortie.com\/index.php\/2025\/10\/22\/jeremy-ferrari-bercy-en-direct-au-cinema-pour-la-derniere-danesthesie-generale\/#breadcrumb\",\"itemListElement\":[{\"@type\":\"ListItem\",\"position\":1,\"name\":\"Accueil\",\"item\":\"https:\/\/1jour1sortie.com\/\"},{\"@type\":\"ListItem\",\"position\":2,\"name\":\"\u00ab\u00a0Anesth\u00e9sie G\u00e9n\u00e9rale\u00a0\u00bb, le spectacle de J\u00e9r\u00e9my Ferrari diffus\u00e9 \u00e0 la t\u00e9l\u00e9\"}]},{\"@type\":\"WebSite\",\"@id\":\"https:\/\/1jour1sortie.com\/#website\",\"url\":\"https:\/\/1jour1sortie.com\/\",\"name\":\"1 Jour 1 Sortie\",\"description\":\"Par Laura Bruneau\",\"publisher\":{\"@id\":\"https:\/\/1jour1sortie.com\/#\/schema\/person\/421cf30a2d8bd17d611a374f6581881a\"},\"potentialAction\":[{\"@type\":\"SearchAction\",\"target\":{\"@type\":\"EntryPoint\",\"urlTemplate\":\"https:\/\/1jour1sortie.com\/?s={search_term_string}\"},\"query-input\":{\"@type\":\"PropertyValueSpecification\",\"valueRequired\":true,\"valueName\":\"search_term_string\"}}],\"inLanguage\":\"fr-FR\"},{\"@type\":[\"Person\",\"Organization\"],\"@id\":\"https:\/\/1jour1sortie.com\/#\/schema\/person\/421cf30a2d8bd17d611a374f6581881a\",\"name\":\"Laura Bruneau\",\"image\":{\"@type\":\"ImageObject\",\"inLanguage\":\"fr-FR\",\"@id\":\"https:\/\/secure.gravatar.com\/avatar\/8291dab2ef06499abccb64ced18b956a811c146e7f11c5e16b7e8eaf1dfccffc?s=96&d=mm&r=g\",\"url\":\"https:\/\/secure.gravatar.com\/avatar\/8291dab2ef06499abccb64ced18b956a811c146e7f11c5e16b7e8eaf1dfccffc?s=96&d=mm&r=g\",\"contentUrl\":\"https:\/\/secure.gravatar.com\/avatar\/8291dab2ef06499abccb64ced18b956a811c146e7f11c5e16b7e8eaf1dfccffc?s=96&d=mm&r=g\",\"caption\":\"Laura Bruneau\"},\"logo\":{\"@id\":\"https:\/\/secure.gravatar.com\/avatar\/8291dab2ef06499abccb64ced18b956a811c146e7f11c5e16b7e8eaf1dfccffc?s=96&d=mm&r=g\"},\"sameAs\":[\"http:\/\/1jour1sortie.com\"],\"url\":\"https:\/\/1jour1sortie.com\/index.php\/author\/admin6732\/\"}]}<\/script>\n<!-- \/ Yoast SEO plugin. -->","yoast_head_json":{"title":"\"Anesth\u00e9sie G\u00e9n\u00e9rale\", le spectacle de J\u00e9r\u00e9my Ferrari diffus\u00e9 \u00e0 la t\u00e9l\u00e9 - 1 Jour 1 Sortie","robots":{"index":"index","follow":"follow","max-snippet":"max-snippet:-1","max-image-preview":"max-image-preview:large","max-video-preview":"max-video-preview:-1"},"canonical":"https:\/\/1jour1sortie.com\/index.php\/2025\/10\/22\/jeremy-ferrari-bercy-en-direct-au-cinema-pour-la-derniere-danesthesie-generale\/","og_locale":"fr_FR","og_type":"article","og_title":"\"Anesth\u00e9sie G\u00e9n\u00e9rale\", le spectacle de J\u00e9r\u00e9my Ferrari diffus\u00e9 \u00e0 la t\u00e9l\u00e9 - 1 Jour 1 Sortie","og_description":"Le one -man-show de J\u00e9r\u00e9my Ferrari autour de la sant\u00e9, \u00ab\u00a0Anesth\u00e9sie G\u00e9n\u00e9rale\u00a0\u00bb, est programm\u00e9 en clair \u00e0 la t\u00e9l\u00e9. Au","og_url":"https:\/\/1jour1sortie.com\/index.php\/2025\/10\/22\/jeremy-ferrari-bercy-en-direct-au-cinema-pour-la-derniere-danesthesie-generale\/","og_site_name":"1 Jour 1 Sortie","article_published_time":"2025-10-22T15:38:22+00:00","article_modified_time":"2025-10-23T08:20:35+00:00","og_image":[{"width":1280,"height":854,"url":"https:\/\/1jour1sortie.com\/wp-content\/uploads\/2024\/01\/1153912-anesthesie-generale-le-show-percutant-de-jeremy-ferrari-a-voir-absolument.jpg","type":"image\/jpeg"}],"author":"Laura Bruneau","twitter_card":"summary_large_image","twitter_misc":{"\u00c9crit par":"Laura Bruneau","Dur\u00e9e de lecture estim\u00e9e":"3 minutes"},"schema":{"@context":"https:\/\/schema.org","@graph":[{"@type":"Article","@id":"https:\/\/1jour1sortie.com\/index.php\/2025\/10\/22\/jeremy-ferrari-bercy-en-direct-au-cinema-pour-la-derniere-danesthesie-generale\/#article","isPartOf":{"@id":"https:\/\/1jour1sortie.com\/index.php\/2025\/10\/22\/jeremy-ferrari-bercy-en-direct-au-cinema-pour-la-derniere-danesthesie-generale\/"},"author":{"name":"Laura Bruneau","@id":"https:\/\/1jour1sortie.com\/#\/schema\/person\/421cf30a2d8bd17d611a374f6581881a"},"headline":"\u00ab\u00a0Anesth\u00e9sie G\u00e9n\u00e9rale\u00a0\u00bb, le spectacle de J\u00e9r\u00e9my Ferrari diffus\u00e9 \u00e0 la t\u00e9l\u00e9","datePublished":"2025-10-22T15:38:22+00:00","dateModified":"2025-10-23T08:20:35+00:00","mainEntityOfPage":{"@id":"https:\/\/1jour1sortie.com\/index.php\/2025\/10\/22\/jeremy-ferrari-bercy-en-direct-au-cinema-pour-la-derniere-danesthesie-generale\/"},"wordCount":452,"commentCount":4,"publisher":{"@id":"https:\/\/1jour1sortie.com\/#\/schema\/person\/421cf30a2d8bd17d611a374f6581881a"},"image":{"@id":"https:\/\/1jour1sortie.com\/index.php\/2025\/10\/22\/jeremy-ferrari-bercy-en-direct-au-cinema-pour-la-derniere-danesthesie-generale\/#primaryimage"},"thumbnailUrl":"https:\/\/1jour1sortie.com\/wp-content\/uploads\/2024\/01\/1153912-anesthesie-generale-le-show-percutant-de-jeremy-ferrari-a-voir-absolument.jpg","keywords":["anesth\u00e9sie g\u00e9n\u00e9rale","cstar","humoriste","humour","j\u00e9r\u00e9my ferrari","One man show","spectacle","spectacle de j\u00e9r\u00e9my ferrari","t\u00e9l\u00e9","t\u00e9l\u00e9vision","TV"],"articleSection":["Spectacle Vivant","TV &amp; S\u00e9ries"],"inLanguage":"fr-FR","potentialAction":[{"@type":"CommentAction","name":"Comment","target":["https:\/\/1jour1sortie.com\/index.php\/2025\/10\/22\/jeremy-ferrari-bercy-en-direct-au-cinema-pour-la-derniere-danesthesie-generale\/#respond"]}]},{"@type":"WebPage","@id":"https:\/\/1jour1sortie.com\/index.php\/2025\/10\/22\/jeremy-ferrari-bercy-en-direct-au-cinema-pour-la-derniere-danesthesie-generale\/","url":"https:\/\/1jour1sortie.com\/index.php\/2025\/10\/22\/jeremy-ferrari-bercy-en-direct-au-cinema-pour-la-derniere-danesthesie-generale\/","name":"\"Anesth\u00e9sie G\u00e9n\u00e9rale\", le spectacle de J\u00e9r\u00e9my Ferrari diffus\u00e9 \u00e0 la t\u00e9l\u00e9 - 1 Jour 1 Sortie","isPartOf":{"@id":"https:\/\/1jour1sortie.com\/#website"},"primaryImageOfPage":{"@id":"https:\/\/1jour1sortie.com\/index.php\/2025\/10\/22\/jeremy-ferrari-bercy-en-direct-au-cinema-pour-la-derniere-danesthesie-generale\/#primaryimage"},"image":{"@id":"https:\/\/1jour1sortie.com\/index.php\/2025\/10\/22\/jeremy-ferrari-bercy-en-direct-au-cinema-pour-la-derniere-danesthesie-generale\/#primaryimage"},"thumbnailUrl":"https:\/\/1jour1sortie.com\/wp-content\/uploads\/2024\/01\/1153912-anesthesie-generale-le-show-percutant-de-jeremy-ferrari-a-voir-absolument.jpg","datePublished":"2025-10-22T15:38:22+00:00","dateModified":"2025-10-23T08:20:35+00:00","breadcrumb":{"@id":"https:\/\/1jour1sortie.com\/index.php\/2025\/10\/22\/jeremy-ferrari-bercy-en-direct-au-cinema-pour-la-derniere-danesthesie-generale\/#breadcrumb"},"inLanguage":"fr-FR","potentialAction":[{"@type":"ReadAction","target":["https:\/\/1jour1sortie.com\/index.php\/2025\/10\/22\/jeremy-ferrari-bercy-en-direct-au-cinema-pour-la-derniere-danesthesie-generale\/"]}]},{"@type":"ImageObject","inLanguage":"fr-FR","@id":"https:\/\/1jour1sortie.com\/index.php\/2025\/10\/22\/jeremy-ferrari-bercy-en-direct-au-cinema-pour-la-derniere-danesthesie-generale\/#primaryimage","url":"https:\/\/1jour1sortie.com\/wp-content\/uploads\/2024\/01\/1153912-anesthesie-generale-le-show-percutant-de-jeremy-ferrari-a-voir-absolument.jpg","contentUrl":"https:\/\/1jour1sortie.com\/wp-content\/uploads\/2024\/01\/1153912-anesthesie-generale-le-show-percutant-de-jeremy-ferrari-a-voir-absolument.jpg","width":1280,"height":854,"caption":"J\u00e9r\u00e9my Ferrari - Anesth\u00e9sie G\u00e9n\u00e9rale"},{"@type":"BreadcrumbList","@id":"https:\/\/1jour1sortie.com\/index.php\/2025\/10\/22\/jeremy-ferrari-bercy-en-direct-au-cinema-pour-la-derniere-danesthesie-generale\/#breadcrumb","itemListElement":[{"@type":"ListItem","position":1,"name":"Accueil","item":"https:\/\/1jour1sortie.com\/"},{"@type":"ListItem","position":2,"name":"\u00ab\u00a0Anesth\u00e9sie G\u00e9n\u00e9rale\u00a0\u00bb, le spectacle de J\u00e9r\u00e9my Ferrari diffus\u00e9 \u00e0 la t\u00e9l\u00e9"}]},{"@type":"WebSite","@id":"https:\/\/1jour1sortie.com\/#website","url":"https:\/\/1jour1sortie.com\/","name":"1 Jour 1 Sortie","description":"Par Laura Bruneau","publisher":{"@id":"https:\/\/1jour1sortie.com\/#\/schema\/person\/421cf30a2d8bd17d611a374f6581881a"},"potentialAction":[{"@type":"SearchAction","target":{"@type":"EntryPoint","urlTemplate":"https:\/\/1jour1sortie.com\/?s={search_term_string}"},"query-input":{"@type":"PropertyValueSpecification","valueRequired":true,"valueName":"search_term_string"}}],"inLanguage":"fr-FR"},{"@type":["Person","Organization"],"@id":"https:\/\/1jour1sortie.com\/#\/schema\/person\/421cf30a2d8bd17d611a374f6581881a","name":"Laura Bruneau","image":{"@type":"ImageObject","inLanguage":"fr-FR","@id":"https:\/\/secure.gravatar.com\/avatar\/8291dab2ef06499abccb64ced18b956a811c146e7f11c5e16b7e8eaf1dfccffc?s=96&d=mm&r=g","url":"https:\/\/secure.gravatar.com\/avatar\/8291dab2ef06499abccb64ced18b956a811c146e7f11c5e16b7e8eaf1dfccffc?s=96&d=mm&r=g","contentUrl":"https:\/\/secure.gravatar.com\/avatar\/8291dab2ef06499abccb64ced18b956a811c146e7f11c5e16b7e8eaf1dfccffc?s=96&d=mm&r=g","caption":"Laura Bruneau"},"logo":{"@id":"https:\/\/secure.gravatar.com\/avatar\/8291dab2ef06499abccb64ced18b956a811c146e7f11c5e16b7e8eaf1dfccffc?s=96&d=mm&r=g"},"sameAs":["http:\/\/1jour1sortie.com"],"url":"https:\/\/1jour1sortie.com\/index.php\/author\/admin6732\/"}]}},"jetpack_publicize_connections":[],"jetpack_featured_media_url":"https:\/\/1jour1sortie.com\/wp-content\/uploads\/2024\/01\/1153912-anesthesie-generale-le-show-percutant-de-jeremy-ferrari-a-voir-absolument.jpg","jetpack_sharing_enabled":true,"_links":{"self":[{"href":"https:\/\/1jour1sortie.com\/index.php\/wp-json\/wp\/v2\/posts\/451","targetHints":{"allow":["GET"]}}],"collection":[{"href":"https:\/\/1jour1sortie.com\/index.php\/wp-json\/wp\/v2\/posts"}],"about":[{"href":"https:\/\/1jour1sortie.com\/index.php\/wp-json\/wp\/v2\/types\/post"}],"author":[{"embeddable":true,"href":"https:\/\/1jour1sortie.com\/index.php\/wp-json\/wp\/v2\/users\/1"}],"replies":[{"embeddable":true,"href":"https:\/\/1jour1sortie.com\/index.php\/wp-json\/wp\/v2\/comments?post=451"}],"version-history":[{"count":11,"href":"https:\/\/1jour1sortie.com\/index.php\/wp-json\/wp\/v2\/posts\/451\/revisions"}],"predecessor-version":[{"id":2541,"href":"https:\/\/1jour1sortie.com\/index.php\/wp-json\/wp\/v2\/posts\/451\/revisions\/2541"}],"wp:featuredmedia":[{"embeddable":true,"href":"https:\/\/1jour1sortie.com\/index.php\/wp-json\/wp\/v2\/media\/2528"}],"wp:attachment":[{"href":"https:\/\/1jour1sortie.com\/index.php\/wp-json\/wp\/v2\/media?parent=451"}],"wp:term":[{"taxonomy":"category","embeddable":true,"href":"https:\/\/1jour1sortie.com\/index.php\/wp-json\/wp\/v2\/categories?post=451"},{"taxonomy":"post_tag","embeddable":true,"href":"https:\/\/1jour1sortie.com\/index.php\/wp-json\/wp\/v2\/tags?post=451"}],"curies":[{"name":"wp","href":"https:\/\/api.w.org\/{rel}","templated":true}]}}