{"id":401,"date":"2023-12-26T12:45:58","date_gmt":"2023-12-26T11:45:58","guid":{"rendered":"https:\/\/1jour1sortie.com\/?p=401"},"modified":"2023-12-26T12:59:58","modified_gmt":"2023-12-26T11:59:58","slug":"vermines-un-film-dhorreur-francais-tres-reussi-avec-jerome-niel","status":"publish","type":"post","link":"https:\/\/1jour1sortie.com\/index.php\/2023\/12\/26\/vermines-un-film-dhorreur-francais-tres-reussi-avec-jerome-niel\/","title":{"rendered":"Vermines, un film d&rsquo;horreur fran\u00e7ais tr\u00e8s r\u00e9ussi, avec J\u00e9r\u00f4me Niel"},"content":{"rendered":"\n<p><em>Vermines, film d&rsquo;horreur fran\u00e7ais avec J\u00e9r\u00f4me Niel et Th\u00e9o Christine, sort au cin\u00e9ma le 27 d\u00e9cembre 2023. Un film de genre particuli\u00e8rement bon, r\u00e9alis\u00e9 par S\u00e9bastien Vani\u010dek, qui contribue au renouveau du genre \u00e0 la fran\u00e7aise et \u00e0 l&rsquo;acquisition des lettres de noblesse de l&rsquo;\u00e9pouvante hexagonale. <\/em><\/p>\n\n\n\n<p><strong>J\u00e9r\u00f4me Niel<\/strong> tient l&rsquo;un des r\u00f4les principaux dans <em><strong>Vermines<\/strong><\/em>, un <strong>film d&rsquo;horreur<\/strong> fran\u00e7ais tr\u00e8s r\u00e9ussi, qui met en sc\u00e8ne des araign\u00e9es mutantes tueuses, r\u00e9alis\u00e9 par <strong>S\u00e9bastien Vani\u010dek<\/strong>, dont c&rsquo;est le premier long-m\u00e9trage. Un<strong> film de genre <\/strong>qui sort au <a href=\"https:\/\/1jour1sortie.com\/index.php\/category\/cinema\/\"><strong>cin\u00e9ma<\/strong> <\/a>le <strong>27 d\u00e9cembre 2023<\/strong>. Arachnophobes, abstenez-vous. <\/p>\n\n\n\n<p>S\u00e9bastien Vani\u010dek a co\u00e9crit l&rsquo;histoire de son premier film avec <strong>Florent Bernard<\/strong>, d\u00e9j\u00e0 \u00e0 l&rsquo;\u00e9criture de<em> Jack Mimoun et les secrets de Val Verde,<\/em> cor\u00e9alis\u00e9 par Malik Bentalha, est le cocr\u00e9ateur de la s\u00e9rie<em> La Flamme<\/em> avec Jonathan Cohen. Autant dire un poids lourd de la com\u00e9die qui, l\u00e0, s&rsquo;essaye \u00e0 l&rsquo;<strong>\u00e9pouvante<\/strong>. C\u00f4t\u00e9 casting, outre <strong>J\u00e9r\u00f4me Niel<\/strong>, Vani\u010dek dirige<strong> Th\u00e9o Christine<\/strong> (JoeyStarr dans le biopic <em>Supr\u00eames<\/em>, la s\u00e9rie<em> B.R.I. <\/em>sur Canal+), <strong>Finnegan Oldfield <\/strong>(<em>Nocturama<\/em> de Bonello, <em>Disparu \u00e0 jamais <\/em>sur Netflix) ou encore <strong>Sofia Lesaffre<\/strong>, qui s&rsquo;\u00e9tait d\u00e9j\u00e0 essay\u00e9e \u00e0 l&rsquo;horreur dans <em>Deep Fear<\/em>, une fiction diffus\u00e9e sur OCS sign\u00e9e Nicko Tackian. <\/p>\n\n\n\n<p>Dans <strong><em>Vermines<\/em><\/strong>, <strong>Th\u00e9o Christine<\/strong>, blond d\u00e9color\u00e9, incarne Kaleb (un pr\u00e9nom qui parlera aux fid\u00e8les lecteurs de Franck Thilliez), passionn\u00e9 par les dr\u00f4les de bestioles, dont la chambre regorge de vivariums en tous genres.  Sa derni\u00e8re acquisition, une \u00e9trange araign\u00e9e, livr\u00e9e dans une arri\u00e8re boutique qui rappellera la boutique parisienne La Ferme tropicale aux passionn\u00e9es de reptiles et amphibiens, va semer la panique dans son immeuble car ce specimen est mutant et hyper reproducteur. Tr\u00e8s vite, les habitants de l&rsquo;immeuble en question, dont les ext\u00e9rieurs ont \u00e9t\u00e9 film\u00e9s aux Ar\u00e8nes de Picasso \u00e0 Noisy-le-Grand, vont devoir survivre face \u00e0 cette invasion mortelle. Un presque huis-clos dans un immeuble qui \u00e9voque <em>La Tour <\/em>de Guillaume Nicloux, film sorti en f\u00e9vrier dernier. <\/p>\n\n\n\n<figure class=\"wp-block-embed is-type-video is-provider-youtube wp-block-embed-youtube wp-embed-aspect-16-9 wp-has-aspect-ratio\"><div class=\"wp-block-embed__wrapper\">\n<iframe loading=\"lazy\" title=\"VERMINES l Bande Annonce\" width=\"800\" height=\"450\" src=\"https:\/\/www.youtube.com\/embed\/vvmsk4CjwIk?feature=oembed\" frameborder=\"0\" allow=\"accelerometer; autoplay; clipboard-write; encrypted-media; gyroscope; picture-in-picture; web-share\" allowfullscreen><\/iframe>\n<\/div><\/figure>\n\n\n\n<p><em><strong>Vermines <\/strong><\/em>se r\u00e9v\u00e8le \u00eatre un tr\u00e8s bon film, dont les effets sp\u00e9ciaux, notamment pour les araign\u00e9es (h\u00e9ro\u00efnes aussi du thriller <em>Mal\u00e9fices<\/em> de Maxime Chattam), sont de qualit\u00e9. Un film parsem\u00e9 de touches d&rsquo;humour, notamment via certaines r\u00e9pliques de<strong> J\u00e9r\u00f4me Niel <\/strong>qui incarne un pro du MMA, mais aussi avec le personnage de la gardienne de l&rsquo;immeuble. Un film devant lequel on sursaute parfois mais aussi o\u00f9 la tension est bien pr\u00e9sente, avec \u00e9galement, en filigrane, la solidarit\u00e9 entre les habitants de l&rsquo;immeuble face \u00e0 la police qui les parque dans ce pi\u00e8ge mortel. Un film qui a \u00e9t\u00e9 acclam\u00e9 pendant 15 minutes lors de la derni\u00e8re \u00e9dition de L\u2019\u00c9trange Festival.<\/p>\n\n\n\n<p>Avec <strong><em>Vermines<\/em><\/strong>, l<strong>&lsquo;horreur<\/strong> \u00e0 la fran\u00e7aise n&rsquo;a pas \u00e0 rougir. Le r\u00e9alisateur, pour ce film, avait en t\u00eate <em>Arachnophobia<\/em> (1990) et a fait appel \u00e0<strong> J\u00e9r\u00f4me Niel<\/strong>, \u00ab\u00a0<em>une \u00e9vidence<\/em>\u00ab\u00a0, car l&rsquo;humoriste et com\u00e9dien &#8211; qui se produit d&rsquo;ailleurs au Trianon d\u00e9but janvier 2024 avec son one-man-show &#8211; est fan de <strong>genre<\/strong>. Celui qui animait la cha\u00eene Youtube <em>La Ferme J\u00e9r\u00f4me<\/em> ne pensait pas un jour jouer dans un \u00ab\u00a0<em>film de monstres en France<\/em>\u00ab\u00a0. Il est fier d&rsquo;avoir particip\u00e9 \u00e0 ce film et coche ainsi un \u00ab\u00a0<em>checkpoint dans sa carri\u00e8re d&rsquo;acteur<\/em>\u00ab\u00a0, lui qui avait jusqu&rsquo;alors plut\u00f4t jouer dans des com\u00e9dies (<em>Love addict,<\/em> <em>Fumer fait tousser<\/em> de Dupieux) mais aussi le drame <em>Balle Perdue 2<\/em> sur Netflix.<\/p>\n\n\n\n<figure class=\"wp-block-image size-large is-resized\"><img loading=\"lazy\" decoding=\"async\" width=\"1024\" height=\"576\" src=\"https:\/\/1jour1sortie.com\/wp-content\/uploads\/2023\/12\/vermines-2-1024x576.jpg\" alt=\"\" class=\"wp-image-406\" style=\"width:604px;height:auto\" srcset=\"https:\/\/1jour1sortie.com\/wp-content\/uploads\/2023\/12\/vermines-2-1024x576.jpg 1024w, https:\/\/1jour1sortie.com\/wp-content\/uploads\/2023\/12\/vermines-2-300x169.jpg 300w, https:\/\/1jour1sortie.com\/wp-content\/uploads\/2023\/12\/vermines-2-768x432.jpg 768w, https:\/\/1jour1sortie.com\/wp-content\/uploads\/2023\/12\/vermines-2.jpg 1280w\" sizes=\"auto, (max-width: 1024px) 100vw, 1024px\" \/><figcaption class=\"wp-element-caption\">Vermines &#8211; \u00a9 Tandem Films<\/figcaption><\/figure>\n\n\n\n<p>L&rsquo;<strong>horreur <\/strong>et le genre, en g\u00e9n\u00e9ral, n&rsquo;appartiennent pas la typologie de film la plus financ\u00e9e et la plus r\u00e9ussie en France. Toutefois, depuis quelques ann\u00e9es, le genre tend \u00e0 (enfin) gagner ses lettres de noblesse en France, avec de plus en plus de r\u00e9alisations, et surtout de bonnes r\u00e9alisations. \u00c0 ce titre, on peut notamment citer <em>Oranges Sanguines <\/em>de Jean-Christophe Meurisse, <em>Barbaque<\/em> de Fabrice \u00c9bou\u00e9, <em>Grave<\/em> de Julia Ducournau (puis <em>Titane<\/em>), <em>L&rsquo;origine du Mal<\/em> de S\u00e9bastien Marnier, <em>La Tour<\/em> de Guillaume Nicloux ou encore<em> Inexorable<\/em> de Fabrice du Welz. Si ces r\u00e9alisations sont remarquables, le genre n&rsquo;attire pas encore les foules en salles. Ainsi, malgr\u00e9 sa qualit\u00e9, <em>Oranges Sanguines<\/em> n&rsquo;a pas atteint les 50.000 entr\u00e9es en France,<em> La Tour <\/em>d\u00e9passe \u00e0 peine les 30.000 tickets, <em>Inexorable <\/em>les 25.000. <em>L&rsquo;Origine du Mal<\/em>, <em>Barbaque<\/em> et <em>Titane <\/em>s&rsquo;en sortent un peu mieux avec, respectivement, en France, 138.000, 239.000 et 303.000 entr\u00e9es. Des scores qui demeurent assez bas au box-office. C&rsquo;est aussi ce qui explique pourquoi Pascal Laugier, r\u00e9alisateur de plusieurs films d&rsquo;horreur, a pris l&rsquo;habitude de faire financer ses films au Canada &#8211; c&rsquo;est notamment le cas de <em>Martyrs<\/em> &#8211; voire m\u00eame de les tourner en langue anglaise &#8211; c&rsquo;est le cas de <em>Ghostland<\/em> avec Myl\u00e8ne Farmer &#8211; afin qu&rsquo;ils sortent \u00e0 l&rsquo;international.<\/p>\n\n\n\n<p class=\"has-small-font-size\">Vermines de S\u00e9bastien Vani\u010dek, 1h45, interdit aux moins de 12 ans, avec Th\u00e9o Christine, Sofia Lesaffre, J\u00e9rpome Niel,Lisa Nyarko, Finnegan Oldfield&#8230;<br>Cr\u00e9dit photos : Tandem Films<\/p>\n","protected":false},"excerpt":{"rendered":"<p>Vermines, film d&rsquo;horreur fran\u00e7ais avec J\u00e9r\u00f4me Niel et Th\u00e9o Christine, sort au cin\u00e9ma le 27 d\u00e9cembre 2023. Un film de<\/p>\n","protected":false},"author":1,"featured_media":405,"comment_status":"open","ping_status":"open","sticky":false,"template":"","format":"standard","meta":{"colormag_page_container_layout":"default_layout","colormag_page_sidebar_layout":"default_layout","_jetpack_memberships_contains_paid_content":false,"footnotes":"","jetpack_publicize_message":"","jetpack_publicize_feature_enabled":true,"jetpack_social_post_already_shared":false,"jetpack_social_options":{"image_generator_settings":{"template":"highway","default_image_id":0,"font":"","enabled":false},"version":2}},"categories":[3],"tags":[10,286,17,284,288,295,294,287,285,290,293,296,292,289],"class_list":["post-401","post","type-post","status-publish","format-standard","has-post-thumbnail","hentry","category-cinema","tag-cinema","tag-epouvante","tag-film","tag-film-dhorreur","tag-film-de-genre","tag-finnegan-oldfield","tag-florent-bernard","tag-genre","tag-horreur","tag-jerome-niel","tag-sebastien-vanicek","tag-sofia-lesaffre","tag-theo-christine","tag-vermines"],"yoast_head":"<!-- This site is optimized with the Yoast SEO plugin v27.2 - https:\/\/yoast.com\/product\/yoast-seo-wordpress\/ -->\n<title>Vermines, un film d&#039;horreur fran\u00e7ais tr\u00e8s r\u00e9ussi, avec J\u00e9r\u00f4me Niel - 1 Jour 1 Sortie<\/title>\n<meta name=\"robots\" content=\"index, follow, max-snippet:-1, max-image-preview:large, max-video-preview:-1\" \/>\n<link rel=\"canonical\" href=\"https:\/\/1jour1sortie.com\/index.php\/2023\/12\/26\/vermines-un-film-dhorreur-francais-tres-reussi-avec-jerome-niel\/\" \/>\n<meta property=\"og:locale\" content=\"fr_FR\" \/>\n<meta property=\"og:type\" content=\"article\" \/>\n<meta property=\"og:title\" content=\"Vermines, un film d&#039;horreur fran\u00e7ais tr\u00e8s r\u00e9ussi, avec J\u00e9r\u00f4me Niel - 1 Jour 1 Sortie\" \/>\n<meta property=\"og:description\" content=\"Vermines, film d&rsquo;horreur fran\u00e7ais avec J\u00e9r\u00f4me Niel et Th\u00e9o Christine, sort au cin\u00e9ma le 27 d\u00e9cembre 2023. Un film de\" \/>\n<meta property=\"og:url\" content=\"https:\/\/1jour1sortie.com\/index.php\/2023\/12\/26\/vermines-un-film-dhorreur-francais-tres-reussi-avec-jerome-niel\/\" \/>\n<meta property=\"og:site_name\" content=\"1 Jour 1 Sortie\" \/>\n<meta property=\"article:published_time\" content=\"2023-12-26T11:45:58+00:00\" \/>\n<meta property=\"article:modified_time\" content=\"2023-12-26T11:59:58+00:00\" \/>\n<meta property=\"og:image\" content=\"https:\/\/1jour1sortie.com\/wp-content\/uploads\/2023\/12\/vermines.png\" \/>\n\t<meta property=\"og:image:width\" content=\"1600\" \/>\n\t<meta property=\"og:image:height\" content=\"824\" \/>\n\t<meta property=\"og:image:type\" content=\"image\/png\" \/>\n<meta name=\"author\" content=\"Laura Bruneau\" \/>\n<meta name=\"twitter:card\" content=\"summary_large_image\" \/>\n<meta name=\"twitter:label1\" content=\"\u00c9crit par\" \/>\n\t<meta name=\"twitter:data1\" content=\"Laura Bruneau\" \/>\n\t<meta name=\"twitter:label2\" content=\"Dur\u00e9e de lecture estim\u00e9e\" \/>\n\t<meta name=\"twitter:data2\" content=\"5 minutes\" \/>\n<script type=\"application\/ld+json\" class=\"yoast-schema-graph\">{\"@context\":\"https:\/\/schema.org\",\"@graph\":[{\"@type\":\"Article\",\"@id\":\"https:\/\/1jour1sortie.com\/index.php\/2023\/12\/26\/vermines-un-film-dhorreur-francais-tres-reussi-avec-jerome-niel\/#article\",\"isPartOf\":{\"@id\":\"https:\/\/1jour1sortie.com\/index.php\/2023\/12\/26\/vermines-un-film-dhorreur-francais-tres-reussi-avec-jerome-niel\/\"},\"author\":{\"name\":\"Laura Bruneau\",\"@id\":\"https:\/\/1jour1sortie.com\/#\/schema\/person\/421cf30a2d8bd17d611a374f6581881a\"},\"headline\":\"Vermines, un film d&rsquo;horreur fran\u00e7ais tr\u00e8s r\u00e9ussi, avec J\u00e9r\u00f4me Niel\",\"datePublished\":\"2023-12-26T11:45:58+00:00\",\"dateModified\":\"2023-12-26T11:59:58+00:00\",\"mainEntityOfPage\":{\"@id\":\"https:\/\/1jour1sortie.com\/index.php\/2023\/12\/26\/vermines-un-film-dhorreur-francais-tres-reussi-avec-jerome-niel\/\"},\"wordCount\":920,\"commentCount\":5,\"publisher\":{\"@id\":\"https:\/\/1jour1sortie.com\/#\/schema\/person\/421cf30a2d8bd17d611a374f6581881a\"},\"image\":{\"@id\":\"https:\/\/1jour1sortie.com\/index.php\/2023\/12\/26\/vermines-un-film-dhorreur-francais-tres-reussi-avec-jerome-niel\/#primaryimage\"},\"thumbnailUrl\":\"https:\/\/1jour1sortie.com\/wp-content\/uploads\/2023\/12\/vermines.png\",\"keywords\":[\"Cin\u00e9ma\",\"\u00e9pouvante\",\"film\",\"film d'horreur\",\"film de genre\",\"finnegan oldfield\",\"florent bernard\",\"genre\",\"horreur\",\"j\u00e9r^^ome niel\",\"s\u00e9bastien Vani\u010dek\",\"sofia lesaffre\",\"th\u00e9o christine\",\"vermines\"],\"articleSection\":[\"Cin\u00e9ma &amp; Co\"],\"inLanguage\":\"fr-FR\",\"potentialAction\":[{\"@type\":\"CommentAction\",\"name\":\"Comment\",\"target\":[\"https:\/\/1jour1sortie.com\/index.php\/2023\/12\/26\/vermines-un-film-dhorreur-francais-tres-reussi-avec-jerome-niel\/#respond\"]}]},{\"@type\":\"WebPage\",\"@id\":\"https:\/\/1jour1sortie.com\/index.php\/2023\/12\/26\/vermines-un-film-dhorreur-francais-tres-reussi-avec-jerome-niel\/\",\"url\":\"https:\/\/1jour1sortie.com\/index.php\/2023\/12\/26\/vermines-un-film-dhorreur-francais-tres-reussi-avec-jerome-niel\/\",\"name\":\"Vermines, un film d'horreur fran\u00e7ais tr\u00e8s r\u00e9ussi, avec J\u00e9r\u00f4me Niel - 1 Jour 1 Sortie\",\"isPartOf\":{\"@id\":\"https:\/\/1jour1sortie.com\/#website\"},\"primaryImageOfPage\":{\"@id\":\"https:\/\/1jour1sortie.com\/index.php\/2023\/12\/26\/vermines-un-film-dhorreur-francais-tres-reussi-avec-jerome-niel\/#primaryimage\"},\"image\":{\"@id\":\"https:\/\/1jour1sortie.com\/index.php\/2023\/12\/26\/vermines-un-film-dhorreur-francais-tres-reussi-avec-jerome-niel\/#primaryimage\"},\"thumbnailUrl\":\"https:\/\/1jour1sortie.com\/wp-content\/uploads\/2023\/12\/vermines.png\",\"datePublished\":\"2023-12-26T11:45:58+00:00\",\"dateModified\":\"2023-12-26T11:59:58+00:00\",\"breadcrumb\":{\"@id\":\"https:\/\/1jour1sortie.com\/index.php\/2023\/12\/26\/vermines-un-film-dhorreur-francais-tres-reussi-avec-jerome-niel\/#breadcrumb\"},\"inLanguage\":\"fr-FR\",\"potentialAction\":[{\"@type\":\"ReadAction\",\"target\":[\"https:\/\/1jour1sortie.com\/index.php\/2023\/12\/26\/vermines-un-film-dhorreur-francais-tres-reussi-avec-jerome-niel\/\"]}]},{\"@type\":\"ImageObject\",\"inLanguage\":\"fr-FR\",\"@id\":\"https:\/\/1jour1sortie.com\/index.php\/2023\/12\/26\/vermines-un-film-dhorreur-francais-tres-reussi-avec-jerome-niel\/#primaryimage\",\"url\":\"https:\/\/1jour1sortie.com\/wp-content\/uploads\/2023\/12\/vermines.png\",\"contentUrl\":\"https:\/\/1jour1sortie.com\/wp-content\/uploads\/2023\/12\/vermines.png\",\"width\":1600,\"height\":824,\"caption\":\"Vermines avec Th\u00e9o Christine et J\u00e9r\u00f4me Niel \u00a9 Tandem Films\"},{\"@type\":\"BreadcrumbList\",\"@id\":\"https:\/\/1jour1sortie.com\/index.php\/2023\/12\/26\/vermines-un-film-dhorreur-francais-tres-reussi-avec-jerome-niel\/#breadcrumb\",\"itemListElement\":[{\"@type\":\"ListItem\",\"position\":1,\"name\":\"Accueil\",\"item\":\"https:\/\/1jour1sortie.com\/\"},{\"@type\":\"ListItem\",\"position\":2,\"name\":\"Vermines, un film d&rsquo;horreur fran\u00e7ais tr\u00e8s r\u00e9ussi, avec J\u00e9r\u00f4me Niel\"}]},{\"@type\":\"WebSite\",\"@id\":\"https:\/\/1jour1sortie.com\/#website\",\"url\":\"https:\/\/1jour1sortie.com\/\",\"name\":\"1 Jour 1 Sortie\",\"description\":\"Par Laura Bruneau\",\"publisher\":{\"@id\":\"https:\/\/1jour1sortie.com\/#\/schema\/person\/421cf30a2d8bd17d611a374f6581881a\"},\"potentialAction\":[{\"@type\":\"SearchAction\",\"target\":{\"@type\":\"EntryPoint\",\"urlTemplate\":\"https:\/\/1jour1sortie.com\/?s={search_term_string}\"},\"query-input\":{\"@type\":\"PropertyValueSpecification\",\"valueRequired\":true,\"valueName\":\"search_term_string\"}}],\"inLanguage\":\"fr-FR\"},{\"@type\":[\"Person\",\"Organization\"],\"@id\":\"https:\/\/1jour1sortie.com\/#\/schema\/person\/421cf30a2d8bd17d611a374f6581881a\",\"name\":\"Laura Bruneau\",\"image\":{\"@type\":\"ImageObject\",\"inLanguage\":\"fr-FR\",\"@id\":\"https:\/\/secure.gravatar.com\/avatar\/8291dab2ef06499abccb64ced18b956a811c146e7f11c5e16b7e8eaf1dfccffc?s=96&d=mm&r=g\",\"url\":\"https:\/\/secure.gravatar.com\/avatar\/8291dab2ef06499abccb64ced18b956a811c146e7f11c5e16b7e8eaf1dfccffc?s=96&d=mm&r=g\",\"contentUrl\":\"https:\/\/secure.gravatar.com\/avatar\/8291dab2ef06499abccb64ced18b956a811c146e7f11c5e16b7e8eaf1dfccffc?s=96&d=mm&r=g\",\"caption\":\"Laura Bruneau\"},\"logo\":{\"@id\":\"https:\/\/secure.gravatar.com\/avatar\/8291dab2ef06499abccb64ced18b956a811c146e7f11c5e16b7e8eaf1dfccffc?s=96&d=mm&r=g\"},\"sameAs\":[\"http:\/\/1jour1sortie.com\"],\"url\":\"https:\/\/1jour1sortie.com\/index.php\/author\/admin6732\/\"}]}<\/script>\n<!-- \/ Yoast SEO plugin. -->","yoast_head_json":{"title":"Vermines, un film d'horreur fran\u00e7ais tr\u00e8s r\u00e9ussi, avec J\u00e9r\u00f4me Niel - 1 Jour 1 Sortie","robots":{"index":"index","follow":"follow","max-snippet":"max-snippet:-1","max-image-preview":"max-image-preview:large","max-video-preview":"max-video-preview:-1"},"canonical":"https:\/\/1jour1sortie.com\/index.php\/2023\/12\/26\/vermines-un-film-dhorreur-francais-tres-reussi-avec-jerome-niel\/","og_locale":"fr_FR","og_type":"article","og_title":"Vermines, un film d'horreur fran\u00e7ais tr\u00e8s r\u00e9ussi, avec J\u00e9r\u00f4me Niel - 1 Jour 1 Sortie","og_description":"Vermines, film d&rsquo;horreur fran\u00e7ais avec J\u00e9r\u00f4me Niel et Th\u00e9o Christine, sort au cin\u00e9ma le 27 d\u00e9cembre 2023. Un film de","og_url":"https:\/\/1jour1sortie.com\/index.php\/2023\/12\/26\/vermines-un-film-dhorreur-francais-tres-reussi-avec-jerome-niel\/","og_site_name":"1 Jour 1 Sortie","article_published_time":"2023-12-26T11:45:58+00:00","article_modified_time":"2023-12-26T11:59:58+00:00","og_image":[{"width":1600,"height":824,"url":"https:\/\/1jour1sortie.com\/wp-content\/uploads\/2023\/12\/vermines.png","type":"image\/png"}],"author":"Laura Bruneau","twitter_card":"summary_large_image","twitter_misc":{"\u00c9crit par":"Laura Bruneau","Dur\u00e9e de lecture estim\u00e9e":"5 minutes"},"schema":{"@context":"https:\/\/schema.org","@graph":[{"@type":"Article","@id":"https:\/\/1jour1sortie.com\/index.php\/2023\/12\/26\/vermines-un-film-dhorreur-francais-tres-reussi-avec-jerome-niel\/#article","isPartOf":{"@id":"https:\/\/1jour1sortie.com\/index.php\/2023\/12\/26\/vermines-un-film-dhorreur-francais-tres-reussi-avec-jerome-niel\/"},"author":{"name":"Laura Bruneau","@id":"https:\/\/1jour1sortie.com\/#\/schema\/person\/421cf30a2d8bd17d611a374f6581881a"},"headline":"Vermines, un film d&rsquo;horreur fran\u00e7ais tr\u00e8s r\u00e9ussi, avec J\u00e9r\u00f4me Niel","datePublished":"2023-12-26T11:45:58+00:00","dateModified":"2023-12-26T11:59:58+00:00","mainEntityOfPage":{"@id":"https:\/\/1jour1sortie.com\/index.php\/2023\/12\/26\/vermines-un-film-dhorreur-francais-tres-reussi-avec-jerome-niel\/"},"wordCount":920,"commentCount":5,"publisher":{"@id":"https:\/\/1jour1sortie.com\/#\/schema\/person\/421cf30a2d8bd17d611a374f6581881a"},"image":{"@id":"https:\/\/1jour1sortie.com\/index.php\/2023\/12\/26\/vermines-un-film-dhorreur-francais-tres-reussi-avec-jerome-niel\/#primaryimage"},"thumbnailUrl":"https:\/\/1jour1sortie.com\/wp-content\/uploads\/2023\/12\/vermines.png","keywords":["Cin\u00e9ma","\u00e9pouvante","film","film d'horreur","film de genre","finnegan oldfield","florent bernard","genre","horreur","j\u00e9r^^ome niel","s\u00e9bastien Vani\u010dek","sofia lesaffre","th\u00e9o christine","vermines"],"articleSection":["Cin\u00e9ma &amp; Co"],"inLanguage":"fr-FR","potentialAction":[{"@type":"CommentAction","name":"Comment","target":["https:\/\/1jour1sortie.com\/index.php\/2023\/12\/26\/vermines-un-film-dhorreur-francais-tres-reussi-avec-jerome-niel\/#respond"]}]},{"@type":"WebPage","@id":"https:\/\/1jour1sortie.com\/index.php\/2023\/12\/26\/vermines-un-film-dhorreur-francais-tres-reussi-avec-jerome-niel\/","url":"https:\/\/1jour1sortie.com\/index.php\/2023\/12\/26\/vermines-un-film-dhorreur-francais-tres-reussi-avec-jerome-niel\/","name":"Vermines, un film d'horreur fran\u00e7ais tr\u00e8s r\u00e9ussi, avec J\u00e9r\u00f4me Niel - 1 Jour 1 Sortie","isPartOf":{"@id":"https:\/\/1jour1sortie.com\/#website"},"primaryImageOfPage":{"@id":"https:\/\/1jour1sortie.com\/index.php\/2023\/12\/26\/vermines-un-film-dhorreur-francais-tres-reussi-avec-jerome-niel\/#primaryimage"},"image":{"@id":"https:\/\/1jour1sortie.com\/index.php\/2023\/12\/26\/vermines-un-film-dhorreur-francais-tres-reussi-avec-jerome-niel\/#primaryimage"},"thumbnailUrl":"https:\/\/1jour1sortie.com\/wp-content\/uploads\/2023\/12\/vermines.png","datePublished":"2023-12-26T11:45:58+00:00","dateModified":"2023-12-26T11:59:58+00:00","breadcrumb":{"@id":"https:\/\/1jour1sortie.com\/index.php\/2023\/12\/26\/vermines-un-film-dhorreur-francais-tres-reussi-avec-jerome-niel\/#breadcrumb"},"inLanguage":"fr-FR","potentialAction":[{"@type":"ReadAction","target":["https:\/\/1jour1sortie.com\/index.php\/2023\/12\/26\/vermines-un-film-dhorreur-francais-tres-reussi-avec-jerome-niel\/"]}]},{"@type":"ImageObject","inLanguage":"fr-FR","@id":"https:\/\/1jour1sortie.com\/index.php\/2023\/12\/26\/vermines-un-film-dhorreur-francais-tres-reussi-avec-jerome-niel\/#primaryimage","url":"https:\/\/1jour1sortie.com\/wp-content\/uploads\/2023\/12\/vermines.png","contentUrl":"https:\/\/1jour1sortie.com\/wp-content\/uploads\/2023\/12\/vermines.png","width":1600,"height":824,"caption":"Vermines avec Th\u00e9o Christine et J\u00e9r\u00f4me Niel \u00a9 Tandem Films"},{"@type":"BreadcrumbList","@id":"https:\/\/1jour1sortie.com\/index.php\/2023\/12\/26\/vermines-un-film-dhorreur-francais-tres-reussi-avec-jerome-niel\/#breadcrumb","itemListElement":[{"@type":"ListItem","position":1,"name":"Accueil","item":"https:\/\/1jour1sortie.com\/"},{"@type":"ListItem","position":2,"name":"Vermines, un film d&rsquo;horreur fran\u00e7ais tr\u00e8s r\u00e9ussi, avec J\u00e9r\u00f4me Niel"}]},{"@type":"WebSite","@id":"https:\/\/1jour1sortie.com\/#website","url":"https:\/\/1jour1sortie.com\/","name":"1 Jour 1 Sortie","description":"Par Laura Bruneau","publisher":{"@id":"https:\/\/1jour1sortie.com\/#\/schema\/person\/421cf30a2d8bd17d611a374f6581881a"},"potentialAction":[{"@type":"SearchAction","target":{"@type":"EntryPoint","urlTemplate":"https:\/\/1jour1sortie.com\/?s={search_term_string}"},"query-input":{"@type":"PropertyValueSpecification","valueRequired":true,"valueName":"search_term_string"}}],"inLanguage":"fr-FR"},{"@type":["Person","Organization"],"@id":"https:\/\/1jour1sortie.com\/#\/schema\/person\/421cf30a2d8bd17d611a374f6581881a","name":"Laura Bruneau","image":{"@type":"ImageObject","inLanguage":"fr-FR","@id":"https:\/\/secure.gravatar.com\/avatar\/8291dab2ef06499abccb64ced18b956a811c146e7f11c5e16b7e8eaf1dfccffc?s=96&d=mm&r=g","url":"https:\/\/secure.gravatar.com\/avatar\/8291dab2ef06499abccb64ced18b956a811c146e7f11c5e16b7e8eaf1dfccffc?s=96&d=mm&r=g","contentUrl":"https:\/\/secure.gravatar.com\/avatar\/8291dab2ef06499abccb64ced18b956a811c146e7f11c5e16b7e8eaf1dfccffc?s=96&d=mm&r=g","caption":"Laura Bruneau"},"logo":{"@id":"https:\/\/secure.gravatar.com\/avatar\/8291dab2ef06499abccb64ced18b956a811c146e7f11c5e16b7e8eaf1dfccffc?s=96&d=mm&r=g"},"sameAs":["http:\/\/1jour1sortie.com"],"url":"https:\/\/1jour1sortie.com\/index.php\/author\/admin6732\/"}]}},"jetpack_publicize_connections":[],"jetpack_featured_media_url":"https:\/\/1jour1sortie.com\/wp-content\/uploads\/2023\/12\/vermines.png","jetpack_sharing_enabled":true,"_links":{"self":[{"href":"https:\/\/1jour1sortie.com\/index.php\/wp-json\/wp\/v2\/posts\/401","targetHints":{"allow":["GET"]}}],"collection":[{"href":"https:\/\/1jour1sortie.com\/index.php\/wp-json\/wp\/v2\/posts"}],"about":[{"href":"https:\/\/1jour1sortie.com\/index.php\/wp-json\/wp\/v2\/types\/post"}],"author":[{"embeddable":true,"href":"https:\/\/1jour1sortie.com\/index.php\/wp-json\/wp\/v2\/users\/1"}],"replies":[{"embeddable":true,"href":"https:\/\/1jour1sortie.com\/index.php\/wp-json\/wp\/v2\/comments?post=401"}],"version-history":[{"count":4,"href":"https:\/\/1jour1sortie.com\/index.php\/wp-json\/wp\/v2\/posts\/401\/revisions"}],"predecessor-version":[{"id":409,"href":"https:\/\/1jour1sortie.com\/index.php\/wp-json\/wp\/v2\/posts\/401\/revisions\/409"}],"wp:featuredmedia":[{"embeddable":true,"href":"https:\/\/1jour1sortie.com\/index.php\/wp-json\/wp\/v2\/media\/405"}],"wp:attachment":[{"href":"https:\/\/1jour1sortie.com\/index.php\/wp-json\/wp\/v2\/media?parent=401"}],"wp:term":[{"taxonomy":"category","embeddable":true,"href":"https:\/\/1jour1sortie.com\/index.php\/wp-json\/wp\/v2\/categories?post=401"},{"taxonomy":"post_tag","embeddable":true,"href":"https:\/\/1jour1sortie.com\/index.php\/wp-json\/wp\/v2\/tags?post=401"}],"curies":[{"name":"wp","href":"https:\/\/api.w.org\/{rel}","templated":true}]}}