{"id":3408,"date":"2026-01-26T14:10:09","date_gmt":"2026-01-26T13:10:09","guid":{"rendered":"https:\/\/1jour1sortie.com\/?p=3408"},"modified":"2026-01-28T09:27:00","modified_gmt":"2026-01-28T08:27:00","slug":"nuremberg-avec-russell-crowe-et-rami-malek","status":"publish","type":"post","link":"https:\/\/1jour1sortie.com\/index.php\/2026\/01\/26\/nuremberg-avec-russell-crowe-et-rami-malek\/","title":{"rendered":"Nuremberg avec Russell Crowe et Rami Malek"},"content":{"rendered":"\n<p><em>Le r\u00e9alisateur James Vanderbilt montre, dans le film \u00ab\u00a0Nuremberg\u00a0\u00bb, un aspect tr\u00e8s particulier du proc\u00e8s : la relation entre G\u00f6ring, jou\u00e9 par Russell Crowe, et le psy en charge de son \u00e9valuation, qu&rsquo;incarne Rami Malek.<\/em><\/p>\n\n\n\n<p><strong>Rami Malek<\/strong> et <strong>Russell Crowe<\/strong> partagent l&rsquo;affiche du <strong>film historique<\/strong> <strong><em>Nuremberg<\/em><\/strong>, r\u00e9alis\u00e9 par <strong>James Vanderbilt<\/strong>. Ce long-m\u00e9trage, qui nous replonge, dans le c\u00e9l\u00e8bre <strong>proc\u00e8s de Nuremberg<\/strong>, apr\u00e8s la Seconde Guerre Mondiale, sort au <strong><a href=\"https:\/\/1jour1sortie.com\/index.php\/category\/cinema\/\">cin\u00e9ma<\/a><\/strong> le <strong>28 <a href=\"https:\/\/1jour1sortie.com\/index.php\/2025\/12\/29\/culture-loisirs-on-fait-quoi-en-janvier-2026\/\">janvier 2026<\/a><\/strong>.<br>Ce jour, sortent aussi en salles, entre autres, le film d&rsquo;animation <em><a href=\"https:\/\/1jour1sortie.com\/index.php\/2026\/01\/28\/les-legendaires-la-celebre-bd-adaptee-au-cinema\/\">Les L\u00e9gendaires<\/a><\/em>, et <a href=\"https:\/\/1jour1sortie.com\/index.php\/2026\/01\/27\/gourou-le-thriller-avec-pierre-niney-en-coach-en-developpement-personnel\/\"><em>Gourou<\/em> <\/a>avec <a href=\"https:\/\/1jour1sortie.com\/wp-content\/uploads\/2025\/07\/4077825-1.jpg\">Pierre Niney<\/a>.<\/p>\n\n\n\n<figure class=\"wp-block-embed is-type-video is-provider-youtube wp-block-embed-youtube wp-embed-aspect-16-9 wp-has-aspect-ratio\"><div class=\"wp-block-embed__wrapper\">\n<iframe loading=\"lazy\" title=\"NUREMBERG - Bande-annonce VOSTFR | Avec Russell Crowe et Rami Malek\" width=\"800\" height=\"450\" src=\"https:\/\/www.youtube.com\/embed\/RraqBik7Zk0?feature=oembed\" frameborder=\"0\" allow=\"accelerometer; autoplay; clipboard-write; encrypted-media; gyroscope; picture-in-picture; web-share\" referrerpolicy=\"strict-origin-when-cross-origin\" allowfullscreen><\/iframe>\n<\/div><\/figure>\n\n\n\n<p>Le <strong>film<\/strong> <em><strong>Nuremberg<\/strong><\/em> est bas\u00e9 sur le <strong>livre<\/strong> du <strong>journaliste Jack El-Hai<\/strong>, <em><strong>Le nazi et le psychiatre<\/strong><\/em>, paru en 2013. Dans cet ouvrage, l&rsquo;auteur raconte la relation ambigu\u00eb qui s&rsquo;est install\u00e9e entre <strong>Hermann G\u00f6ring<\/strong>, haut dirigeant nazi, et le docteur <strong>Douglas Kelley<\/strong>, <strong>psychiatre<\/strong> charg\u00e9 de l&rsquo;\u00e9valuer, en vue de son proc\u00e8s \u00e0 Nuremberg. <br>Le <strong>proc\u00e8s de Nuremberg <\/strong>a d\u00e9j\u00e0 fait l&rsquo;objet d\u2019\u0153uvres cin\u00e9matographiques, dont le documentaire <em>De Nuremberg \u00e0 Nuremberg<\/em>, r\u00e9alis\u00e9 par Fr\u00e9d\u00e9ric Rossif, sorti en 1989.<\/p>\n\n\n\n<p>C&rsquo;est le r\u00e9alisateur <strong>James Vanderbilt<\/strong> qui r\u00e9alise ici l&rsquo;adaptation du livre. Il s&rsquo;agit de son deuxi\u00e8me long-m\u00e9trage apr\u00e8s T<em>ruth : le prix de la v\u00e9rit\u00e9<\/em>. Il a \u00e9t\u00e9 le sc\u00e9nariste de <em>Scream<\/em> en 2022 et <em>Scream VI<\/em> en 2023.<\/p>\n\n\n\n<p><em><strong>Nuremberg<\/strong><\/em> d\u00e9marre avec l&rsquo;arrestation <strong>Hermann G\u00f6ring<\/strong>, incarn\u00e9 par <strong>Russell Crowe<\/strong> qui joue en allemand, captur\u00e9 en Autriche. Se pose alors la question de son proc\u00e8s &#8211; et de 21 autres dirigeants nazis toujours en vie. Le <strong>film<\/strong> montre notamment les coulisses de cette question de proc\u00e8s : certains Alli\u00e9s sont pour des ex\u00e9cutions punitives sans proc\u00e8s, d&rsquo;autres militent pour la tenue d&rsquo;un proc\u00e8s en bonne et due forme. <\/p>\n\n\n\n<p>Le psychiatre am\u00e9ricain, jou\u00e9 par <strong>Rami Malek<\/strong>, est charg\u00e9 de d\u00e9terminer si <strong>G\u00f6ring<\/strong> ment, ou pas, quand il affirme qu&rsquo;il ne savait pas que les camps servaient \u00e0 tuer des prisonniers. Pour lui, il ne s&rsquo;agissait que de camps de travail, enti\u00e8rement g\u00e9r\u00e9s par Himler, qui n&rsquo;est plus pr\u00e9sent pour donner sa version car il s&rsquo;est suicid\u00e9. <\/p>\n\n\n\n<p>Le <strong>film<\/strong> <em><strong>Nuremberg<\/strong><\/em> d\u00e9peint, dans un premier temps, la relation et les nombreux entretiens entre les personnages de <strong>Rami Malek<\/strong> et <strong>Russell Crowe<\/strong>. Le psy est tiraill\u00e9 entre son devoir patriotique et son serment du secret m\u00e9dical. <br>Le proc\u00e8s en lui m\u00eame ne d\u00e9marre qu&rsquo;apr\u00e8s 1h15. Ici l&rsquo;int\u00e9r\u00eat n&rsquo;est pas de savoir ce que le proc\u00e8s va donner puisqu&rsquo;on le sait tous. En revanche, l&rsquo;int\u00e9r\u00eat est aussi de savoir comment le psy et les Alli\u00e9s, pour qui ils travaillent, vont se d\u00e9p\u00eatrer, juridiquement et strat\u00e9giquement, avec le cas de <strong>G\u00f6ring<\/strong>.<\/p>\n\n\n\n<p>De ce <em><strong>Nuremberg<\/strong><\/em>, on retient, entre autres, l&rsquo;immense capacit\u00e9 de <strong>Russell Crowe<\/strong> \u00e0 s&rsquo;accaparer &#8211; et m\u00eame \u00e0 embrasser &#8211; le r\u00f4le de <strong>G\u00f6ring<\/strong>. Sur un tout autre registre, il \u00e9tait \u00e9galement tr\u00e8s convaincant dans <a href=\"https:\/\/1jour1sortie.com\/index.php\/2025\/09\/30\/enrage-le-film-daction-avec-russell-crowe-diffuse-a-la-tele\/\"><em>Enrag\u00e9<\/em><\/a>. <br>Mais aussi la <strong>r\u00e9alisation<\/strong>, juste, notamment au moment final de l&rsquo;ex\u00e9cution des condamn\u00e9s. Le r\u00e9alisateur a <strong>James Vanderbilt<\/strong> a choisi de se concentrer sur les cordes, et non les corps. Ainsi, il n&rsquo;ajoute pas d&rsquo;horreur \u00e0 l&rsquo;horreur.<\/p>\n\n\n\n<p>A voir sur le m\u00eame th\u00e8me : <a href=\"https:\/\/1jour1sortie.com\/index.php\/2024\/01\/30\/la-zone-dinteret-quand-jonathan-glazer-raconte-le-tranquille-quotidien-dune-famille-nazie-a-auschwitz\/\"><em>La Zone d&rsquo;int\u00e9r\u00eat<\/em><\/a> <\/p>\n\n\n\n<p class=\"has-small-font-size\"><em>Nuremberg<\/em>, de James Vanderbilt<br>Avec Russell Crowe, Rami Malek, Leo Woodall&#8230;<br>2h28<br>En salles le 28\/01\/2026<br>Cr\u00e9dit photo : Nous Films<\/p>\n","protected":false},"excerpt":{"rendered":"<p>Le r\u00e9alisateur James Vanderbilt montre, dans le film \u00ab\u00a0Nuremberg\u00a0\u00bb, un aspect tr\u00e8s particulier du proc\u00e8s : la relation entre G\u00f6ring,<\/p>\n","protected":false},"author":1,"featured_media":3421,"comment_status":"open","ping_status":"open","sticky":false,"template":"","format":"standard","meta":{"colormag_page_container_layout":"default_layout","colormag_page_sidebar_layout":"default_layout","_jetpack_memberships_contains_paid_content":false,"footnotes":"","jetpack_publicize_message":"","jetpack_publicize_feature_enabled":true,"jetpack_social_post_already_shared":true,"jetpack_social_options":{"image_generator_settings":{"template":"highway","default_image_id":0,"font":"","enabled":false},"version":2}},"categories":[3],"tags":[849,10,298,17,2100,2104,2102,2101,2103,1704],"class_list":["post-3408","post","type-post","status-publish","format-standard","has-post-thumbnail","hentry","category-cinema","tag-biopic","tag-cinema","tag-drame-2","tag-film","tag-film-historique","tag-james-vanderbilt","tag-le-nazi-et-le-psychiatre","tag-nuremberg","tag-rami-mallek","tag-russell-crowe"],"yoast_head":"<!-- This site is optimized with the Yoast SEO plugin v27.2 - https:\/\/yoast.com\/product\/yoast-seo-wordpress\/ -->\n<title>Nuremberg avec Russell Crowe et Rami Malek - 1 Jour 1 Sortie<\/title>\n<meta name=\"robots\" content=\"index, follow, max-snippet:-1, max-image-preview:large, max-video-preview:-1\" \/>\n<link rel=\"canonical\" href=\"https:\/\/1jour1sortie.com\/index.php\/2026\/01\/26\/nuremberg-avec-russell-crowe-et-rami-malek\/\" \/>\n<meta property=\"og:locale\" content=\"fr_FR\" \/>\n<meta property=\"og:type\" content=\"article\" \/>\n<meta property=\"og:title\" content=\"Nuremberg avec Russell Crowe et Rami Malek - 1 Jour 1 Sortie\" \/>\n<meta property=\"og:description\" content=\"Le r\u00e9alisateur James Vanderbilt montre, dans le film \u00ab\u00a0Nuremberg\u00a0\u00bb, un aspect tr\u00e8s particulier du proc\u00e8s : la relation entre G\u00f6ring,\" \/>\n<meta property=\"og:url\" content=\"https:\/\/1jour1sortie.com\/index.php\/2026\/01\/26\/nuremberg-avec-russell-crowe-et-rami-malek\/\" \/>\n<meta property=\"og:site_name\" content=\"1 Jour 1 Sortie\" \/>\n<meta property=\"article:published_time\" content=\"2026-01-26T13:10:09+00:00\" \/>\n<meta property=\"article:modified_time\" content=\"2026-01-28T08:27:00+00:00\" \/>\n<meta property=\"og:image\" content=\"https:\/\/1jour1sortie.com\/wp-content\/uploads\/2026\/01\/ff23d787b3b3c99668bf34674b684ef7.jpg\" \/>\n\t<meta property=\"og:image:width\" content=\"750\" \/>\n\t<meta property=\"og:image:height\" content=\"500\" \/>\n\t<meta property=\"og:image:type\" content=\"image\/jpeg\" \/>\n<meta name=\"author\" content=\"Laura Bruneau\" \/>\n<meta name=\"twitter:card\" content=\"summary_large_image\" \/>\n<meta name=\"twitter:label1\" content=\"\u00c9crit par\" \/>\n\t<meta name=\"twitter:data1\" content=\"Laura Bruneau\" \/>\n\t<meta name=\"twitter:label2\" content=\"Dur\u00e9e de lecture estim\u00e9e\" \/>\n\t<meta name=\"twitter:data2\" content=\"3 minutes\" \/>\n<script type=\"application\/ld+json\" class=\"yoast-schema-graph\">{\"@context\":\"https:\/\/schema.org\",\"@graph\":[{\"@type\":\"Article\",\"@id\":\"https:\/\/1jour1sortie.com\/index.php\/2026\/01\/26\/nuremberg-avec-russell-crowe-et-rami-malek\/#article\",\"isPartOf\":{\"@id\":\"https:\/\/1jour1sortie.com\/index.php\/2026\/01\/26\/nuremberg-avec-russell-crowe-et-rami-malek\/\"},\"author\":{\"name\":\"Laura Bruneau\",\"@id\":\"https:\/\/1jour1sortie.com\/#\/schema\/person\/421cf30a2d8bd17d611a374f6581881a\"},\"headline\":\"Nuremberg avec Russell Crowe et Rami Malek\",\"datePublished\":\"2026-01-26T13:10:09+00:00\",\"dateModified\":\"2026-01-28T08:27:00+00:00\",\"mainEntityOfPage\":{\"@id\":\"https:\/\/1jour1sortie.com\/index.php\/2026\/01\/26\/nuremberg-avec-russell-crowe-et-rami-malek\/\"},\"wordCount\":623,\"commentCount\":3,\"publisher\":{\"@id\":\"https:\/\/1jour1sortie.com\/#\/schema\/person\/421cf30a2d8bd17d611a374f6581881a\"},\"image\":{\"@id\":\"https:\/\/1jour1sortie.com\/index.php\/2026\/01\/26\/nuremberg-avec-russell-crowe-et-rami-malek\/#primaryimage\"},\"thumbnailUrl\":\"https:\/\/1jour1sortie.com\/wp-content\/uploads\/2026\/01\/ff23d787b3b3c99668bf34674b684ef7.jpg\",\"keywords\":[\"biopic\",\"Cin\u00e9ma\",\"drame\",\"film\",\"film historique\",\"james vanderbilt\",\"le nazi et le psychiatre\",\"nuremberg\",\"rami mallek\",\"russell crowe\"],\"articleSection\":[\"Cin\u00e9ma &amp; Co\"],\"inLanguage\":\"fr-FR\",\"potentialAction\":[{\"@type\":\"CommentAction\",\"name\":\"Comment\",\"target\":[\"https:\/\/1jour1sortie.com\/index.php\/2026\/01\/26\/nuremberg-avec-russell-crowe-et-rami-malek\/#respond\"]}]},{\"@type\":\"WebPage\",\"@id\":\"https:\/\/1jour1sortie.com\/index.php\/2026\/01\/26\/nuremberg-avec-russell-crowe-et-rami-malek\/\",\"url\":\"https:\/\/1jour1sortie.com\/index.php\/2026\/01\/26\/nuremberg-avec-russell-crowe-et-rami-malek\/\",\"name\":\"Nuremberg avec Russell Crowe et Rami Malek - 1 Jour 1 Sortie\",\"isPartOf\":{\"@id\":\"https:\/\/1jour1sortie.com\/#website\"},\"primaryImageOfPage\":{\"@id\":\"https:\/\/1jour1sortie.com\/index.php\/2026\/01\/26\/nuremberg-avec-russell-crowe-et-rami-malek\/#primaryimage\"},\"image\":{\"@id\":\"https:\/\/1jour1sortie.com\/index.php\/2026\/01\/26\/nuremberg-avec-russell-crowe-et-rami-malek\/#primaryimage\"},\"thumbnailUrl\":\"https:\/\/1jour1sortie.com\/wp-content\/uploads\/2026\/01\/ff23d787b3b3c99668bf34674b684ef7.jpg\",\"datePublished\":\"2026-01-26T13:10:09+00:00\",\"dateModified\":\"2026-01-28T08:27:00+00:00\",\"breadcrumb\":{\"@id\":\"https:\/\/1jour1sortie.com\/index.php\/2026\/01\/26\/nuremberg-avec-russell-crowe-et-rami-malek\/#breadcrumb\"},\"inLanguage\":\"fr-FR\",\"potentialAction\":[{\"@type\":\"ReadAction\",\"target\":[\"https:\/\/1jour1sortie.com\/index.php\/2026\/01\/26\/nuremberg-avec-russell-crowe-et-rami-malek\/\"]}]},{\"@type\":\"ImageObject\",\"inLanguage\":\"fr-FR\",\"@id\":\"https:\/\/1jour1sortie.com\/index.php\/2026\/01\/26\/nuremberg-avec-russell-crowe-et-rami-malek\/#primaryimage\",\"url\":\"https:\/\/1jour1sortie.com\/wp-content\/uploads\/2026\/01\/ff23d787b3b3c99668bf34674b684ef7.jpg\",\"contentUrl\":\"https:\/\/1jour1sortie.com\/wp-content\/uploads\/2026\/01\/ff23d787b3b3c99668bf34674b684ef7.jpg\",\"width\":750,\"height\":500,\"caption\":\"Rami Malek et Russell Crowe dans Nuremberg\"},{\"@type\":\"BreadcrumbList\",\"@id\":\"https:\/\/1jour1sortie.com\/index.php\/2026\/01\/26\/nuremberg-avec-russell-crowe-et-rami-malek\/#breadcrumb\",\"itemListElement\":[{\"@type\":\"ListItem\",\"position\":1,\"name\":\"Accueil\",\"item\":\"https:\/\/1jour1sortie.com\/\"},{\"@type\":\"ListItem\",\"position\":2,\"name\":\"Nuremberg avec Russell Crowe et Rami Malek\"}]},{\"@type\":\"WebSite\",\"@id\":\"https:\/\/1jour1sortie.com\/#website\",\"url\":\"https:\/\/1jour1sortie.com\/\",\"name\":\"1 Jour 1 Sortie\",\"description\":\"Par Laura Bruneau\",\"publisher\":{\"@id\":\"https:\/\/1jour1sortie.com\/#\/schema\/person\/421cf30a2d8bd17d611a374f6581881a\"},\"potentialAction\":[{\"@type\":\"SearchAction\",\"target\":{\"@type\":\"EntryPoint\",\"urlTemplate\":\"https:\/\/1jour1sortie.com\/?s={search_term_string}\"},\"query-input\":{\"@type\":\"PropertyValueSpecification\",\"valueRequired\":true,\"valueName\":\"search_term_string\"}}],\"inLanguage\":\"fr-FR\"},{\"@type\":[\"Person\",\"Organization\"],\"@id\":\"https:\/\/1jour1sortie.com\/#\/schema\/person\/421cf30a2d8bd17d611a374f6581881a\",\"name\":\"Laura Bruneau\",\"image\":{\"@type\":\"ImageObject\",\"inLanguage\":\"fr-FR\",\"@id\":\"https:\/\/secure.gravatar.com\/avatar\/8291dab2ef06499abccb64ced18b956a811c146e7f11c5e16b7e8eaf1dfccffc?s=96&d=mm&r=g\",\"url\":\"https:\/\/secure.gravatar.com\/avatar\/8291dab2ef06499abccb64ced18b956a811c146e7f11c5e16b7e8eaf1dfccffc?s=96&d=mm&r=g\",\"contentUrl\":\"https:\/\/secure.gravatar.com\/avatar\/8291dab2ef06499abccb64ced18b956a811c146e7f11c5e16b7e8eaf1dfccffc?s=96&d=mm&r=g\",\"caption\":\"Laura Bruneau\"},\"logo\":{\"@id\":\"https:\/\/secure.gravatar.com\/avatar\/8291dab2ef06499abccb64ced18b956a811c146e7f11c5e16b7e8eaf1dfccffc?s=96&d=mm&r=g\"},\"sameAs\":[\"http:\/\/1jour1sortie.com\"],\"url\":\"https:\/\/1jour1sortie.com\/index.php\/author\/admin6732\/\"}]}<\/script>\n<!-- \/ Yoast SEO plugin. -->","yoast_head_json":{"title":"Nuremberg avec Russell Crowe et Rami Malek - 1 Jour 1 Sortie","robots":{"index":"index","follow":"follow","max-snippet":"max-snippet:-1","max-image-preview":"max-image-preview:large","max-video-preview":"max-video-preview:-1"},"canonical":"https:\/\/1jour1sortie.com\/index.php\/2026\/01\/26\/nuremberg-avec-russell-crowe-et-rami-malek\/","og_locale":"fr_FR","og_type":"article","og_title":"Nuremberg avec Russell Crowe et Rami Malek - 1 Jour 1 Sortie","og_description":"Le r\u00e9alisateur James Vanderbilt montre, dans le film \u00ab\u00a0Nuremberg\u00a0\u00bb, un aspect tr\u00e8s particulier du proc\u00e8s : la relation entre G\u00f6ring,","og_url":"https:\/\/1jour1sortie.com\/index.php\/2026\/01\/26\/nuremberg-avec-russell-crowe-et-rami-malek\/","og_site_name":"1 Jour 1 Sortie","article_published_time":"2026-01-26T13:10:09+00:00","article_modified_time":"2026-01-28T08:27:00+00:00","og_image":[{"width":750,"height":500,"url":"https:\/\/1jour1sortie.com\/wp-content\/uploads\/2026\/01\/ff23d787b3b3c99668bf34674b684ef7.jpg","type":"image\/jpeg"}],"author":"Laura Bruneau","twitter_card":"summary_large_image","twitter_misc":{"\u00c9crit par":"Laura Bruneau","Dur\u00e9e de lecture estim\u00e9e":"3 minutes"},"schema":{"@context":"https:\/\/schema.org","@graph":[{"@type":"Article","@id":"https:\/\/1jour1sortie.com\/index.php\/2026\/01\/26\/nuremberg-avec-russell-crowe-et-rami-malek\/#article","isPartOf":{"@id":"https:\/\/1jour1sortie.com\/index.php\/2026\/01\/26\/nuremberg-avec-russell-crowe-et-rami-malek\/"},"author":{"name":"Laura Bruneau","@id":"https:\/\/1jour1sortie.com\/#\/schema\/person\/421cf30a2d8bd17d611a374f6581881a"},"headline":"Nuremberg avec Russell Crowe et Rami Malek","datePublished":"2026-01-26T13:10:09+00:00","dateModified":"2026-01-28T08:27:00+00:00","mainEntityOfPage":{"@id":"https:\/\/1jour1sortie.com\/index.php\/2026\/01\/26\/nuremberg-avec-russell-crowe-et-rami-malek\/"},"wordCount":623,"commentCount":3,"publisher":{"@id":"https:\/\/1jour1sortie.com\/#\/schema\/person\/421cf30a2d8bd17d611a374f6581881a"},"image":{"@id":"https:\/\/1jour1sortie.com\/index.php\/2026\/01\/26\/nuremberg-avec-russell-crowe-et-rami-malek\/#primaryimage"},"thumbnailUrl":"https:\/\/1jour1sortie.com\/wp-content\/uploads\/2026\/01\/ff23d787b3b3c99668bf34674b684ef7.jpg","keywords":["biopic","Cin\u00e9ma","drame","film","film historique","james vanderbilt","le nazi et le psychiatre","nuremberg","rami mallek","russell crowe"],"articleSection":["Cin\u00e9ma &amp; Co"],"inLanguage":"fr-FR","potentialAction":[{"@type":"CommentAction","name":"Comment","target":["https:\/\/1jour1sortie.com\/index.php\/2026\/01\/26\/nuremberg-avec-russell-crowe-et-rami-malek\/#respond"]}]},{"@type":"WebPage","@id":"https:\/\/1jour1sortie.com\/index.php\/2026\/01\/26\/nuremberg-avec-russell-crowe-et-rami-malek\/","url":"https:\/\/1jour1sortie.com\/index.php\/2026\/01\/26\/nuremberg-avec-russell-crowe-et-rami-malek\/","name":"Nuremberg avec Russell Crowe et Rami Malek - 1 Jour 1 Sortie","isPartOf":{"@id":"https:\/\/1jour1sortie.com\/#website"},"primaryImageOfPage":{"@id":"https:\/\/1jour1sortie.com\/index.php\/2026\/01\/26\/nuremberg-avec-russell-crowe-et-rami-malek\/#primaryimage"},"image":{"@id":"https:\/\/1jour1sortie.com\/index.php\/2026\/01\/26\/nuremberg-avec-russell-crowe-et-rami-malek\/#primaryimage"},"thumbnailUrl":"https:\/\/1jour1sortie.com\/wp-content\/uploads\/2026\/01\/ff23d787b3b3c99668bf34674b684ef7.jpg","datePublished":"2026-01-26T13:10:09+00:00","dateModified":"2026-01-28T08:27:00+00:00","breadcrumb":{"@id":"https:\/\/1jour1sortie.com\/index.php\/2026\/01\/26\/nuremberg-avec-russell-crowe-et-rami-malek\/#breadcrumb"},"inLanguage":"fr-FR","potentialAction":[{"@type":"ReadAction","target":["https:\/\/1jour1sortie.com\/index.php\/2026\/01\/26\/nuremberg-avec-russell-crowe-et-rami-malek\/"]}]},{"@type":"ImageObject","inLanguage":"fr-FR","@id":"https:\/\/1jour1sortie.com\/index.php\/2026\/01\/26\/nuremberg-avec-russell-crowe-et-rami-malek\/#primaryimage","url":"https:\/\/1jour1sortie.com\/wp-content\/uploads\/2026\/01\/ff23d787b3b3c99668bf34674b684ef7.jpg","contentUrl":"https:\/\/1jour1sortie.com\/wp-content\/uploads\/2026\/01\/ff23d787b3b3c99668bf34674b684ef7.jpg","width":750,"height":500,"caption":"Rami Malek et Russell Crowe dans Nuremberg"},{"@type":"BreadcrumbList","@id":"https:\/\/1jour1sortie.com\/index.php\/2026\/01\/26\/nuremberg-avec-russell-crowe-et-rami-malek\/#breadcrumb","itemListElement":[{"@type":"ListItem","position":1,"name":"Accueil","item":"https:\/\/1jour1sortie.com\/"},{"@type":"ListItem","position":2,"name":"Nuremberg avec Russell Crowe et Rami Malek"}]},{"@type":"WebSite","@id":"https:\/\/1jour1sortie.com\/#website","url":"https:\/\/1jour1sortie.com\/","name":"1 Jour 1 Sortie","description":"Par Laura Bruneau","publisher":{"@id":"https:\/\/1jour1sortie.com\/#\/schema\/person\/421cf30a2d8bd17d611a374f6581881a"},"potentialAction":[{"@type":"SearchAction","target":{"@type":"EntryPoint","urlTemplate":"https:\/\/1jour1sortie.com\/?s={search_term_string}"},"query-input":{"@type":"PropertyValueSpecification","valueRequired":true,"valueName":"search_term_string"}}],"inLanguage":"fr-FR"},{"@type":["Person","Organization"],"@id":"https:\/\/1jour1sortie.com\/#\/schema\/person\/421cf30a2d8bd17d611a374f6581881a","name":"Laura Bruneau","image":{"@type":"ImageObject","inLanguage":"fr-FR","@id":"https:\/\/secure.gravatar.com\/avatar\/8291dab2ef06499abccb64ced18b956a811c146e7f11c5e16b7e8eaf1dfccffc?s=96&d=mm&r=g","url":"https:\/\/secure.gravatar.com\/avatar\/8291dab2ef06499abccb64ced18b956a811c146e7f11c5e16b7e8eaf1dfccffc?s=96&d=mm&r=g","contentUrl":"https:\/\/secure.gravatar.com\/avatar\/8291dab2ef06499abccb64ced18b956a811c146e7f11c5e16b7e8eaf1dfccffc?s=96&d=mm&r=g","caption":"Laura Bruneau"},"logo":{"@id":"https:\/\/secure.gravatar.com\/avatar\/8291dab2ef06499abccb64ced18b956a811c146e7f11c5e16b7e8eaf1dfccffc?s=96&d=mm&r=g"},"sameAs":["http:\/\/1jour1sortie.com"],"url":"https:\/\/1jour1sortie.com\/index.php\/author\/admin6732\/"}]}},"jetpack_publicize_connections":[],"jetpack_featured_media_url":"https:\/\/1jour1sortie.com\/wp-content\/uploads\/2026\/01\/ff23d787b3b3c99668bf34674b684ef7.jpg","jetpack_sharing_enabled":true,"_links":{"self":[{"href":"https:\/\/1jour1sortie.com\/index.php\/wp-json\/wp\/v2\/posts\/3408","targetHints":{"allow":["GET"]}}],"collection":[{"href":"https:\/\/1jour1sortie.com\/index.php\/wp-json\/wp\/v2\/posts"}],"about":[{"href":"https:\/\/1jour1sortie.com\/index.php\/wp-json\/wp\/v2\/types\/post"}],"author":[{"embeddable":true,"href":"https:\/\/1jour1sortie.com\/index.php\/wp-json\/wp\/v2\/users\/1"}],"replies":[{"embeddable":true,"href":"https:\/\/1jour1sortie.com\/index.php\/wp-json\/wp\/v2\/comments?post=3408"}],"version-history":[{"count":13,"href":"https:\/\/1jour1sortie.com\/index.php\/wp-json\/wp\/v2\/posts\/3408\/revisions"}],"predecessor-version":[{"id":3453,"href":"https:\/\/1jour1sortie.com\/index.php\/wp-json\/wp\/v2\/posts\/3408\/revisions\/3453"}],"wp:featuredmedia":[{"embeddable":true,"href":"https:\/\/1jour1sortie.com\/index.php\/wp-json\/wp\/v2\/media\/3421"}],"wp:attachment":[{"href":"https:\/\/1jour1sortie.com\/index.php\/wp-json\/wp\/v2\/media?parent=3408"}],"wp:term":[{"taxonomy":"category","embeddable":true,"href":"https:\/\/1jour1sortie.com\/index.php\/wp-json\/wp\/v2\/categories?post=3408"},{"taxonomy":"post_tag","embeddable":true,"href":"https:\/\/1jour1sortie.com\/index.php\/wp-json\/wp\/v2\/tags?post=3408"}],"curies":[{"name":"wp","href":"https:\/\/api.w.org\/{rel}","templated":true}]}}