{"id":2767,"date":"2025-12-09T13:42:16","date_gmt":"2025-12-09T12:42:16","guid":{"rendered":"https:\/\/1jour1sortie.com\/?p=2767"},"modified":"2025-12-09T13:42:16","modified_gmt":"2025-12-09T12:42:16","slug":"chasse-gardee-2-hakim-jemili-et-didier-bourdon-dans-la-suite-de-la-comedie-sur-la-chasse","status":"publish","type":"post","link":"https:\/\/1jour1sortie.com\/index.php\/2025\/12\/09\/chasse-gardee-2-hakim-jemili-et-didier-bourdon-dans-la-suite-de-la-comedie-sur-la-chasse\/","title":{"rendered":"Chasse Gard\u00e9e 2, Hakim Jemili et Didier Bourdon dans la suite de la com\u00e9die sur la chasse"},"content":{"rendered":"\n<p><em>Hakim Jemili et Camille Lou reprennent du service dans \u00ab\u00a0Chasse Gard\u00e9e 2\u00a0\u00bb, la suite de la com\u00e9die \u00ab\u00a0Chasse Gard\u00e9e\u00a0\u00bb. Si les citadins ont pu pacifier leurs relations avec les chasseurs du village, l&rsquo;arriv\u00e9e de nouveaux voisins, dont Maxime Gasteuil, chasseurs \u00e0 courre, va troubler la tranquillit\u00e9 de la petite localit\u00e9 du Nord. <\/em><\/p>\n\n\n\n<p>Les chasseurs sont de retour sur grand \u00e9cran ! Apr\u00e8s le succ\u00e8s de <strong><em><a href=\"https:\/\/1jour1sortie.com\/index.php\/2023\/12\/14\/chasse-gardee-la-comedie-sur-la-chasse-avec-hakim-jemili-et-didier-bourdon\/\">Chasse Gard\u00e9e<\/a><\/em><\/strong><a href=\"https:\/\/1jour1sortie.com\/index.php\/2023\/12\/14\/chasse-gardee-la-comedie-sur-la-chasse-avec-hakim-jemili-et-didier-bourdon\/\">,<\/a><strong>com\u00e9die<\/strong> moquant tendrement la pratique de la chasse, sortie au <a href=\"https:\/\/1jour1sortie.com\/index.php\/category\/cinema\/\"><strong>cin\u00e9ma<\/strong><\/a> fin 2023, <strong>Antonin Fourlon<\/strong> et <strong>Fr\u00e9d\u00e9ric Forestier<\/strong> remettent \u00e7a. Les deux r\u00e9alisateurs ont imagin\u00e9 une suite \u00e0 leur<strong>film<\/strong>, sauf que cette fois <a href=\"https:\/\/1jour1sortie.com\/index.php\/2024\/12\/28\/hakim-jemili-en-tournee-avec-fatigue-un-spectacle-drole-avec-des-reflexions-profondes\/\"><strong>Hakim Jemili <\/strong><\/a>et <strong>Camille Lou<\/strong> vont s&rsquo;opposer aux adeptes de la chasse \u00e0 courre.<em><strong>Chasse Gard\u00e9e 2<\/strong><\/em> sort en salles ce <strong>10 <a href=\"https:\/\/1jour1sortie.com\/index.php\/2025\/12\/01\/culture-loisirs-on-fait-quoi-en-decembre-2025\/\">d\u00e9cembre<\/a> 2025<\/strong>.<\/p>\n\n\n\n<figure class=\"wp-block-embed is-type-video is-provider-youtube wp-block-embed-youtube wp-embed-aspect-16-9 wp-has-aspect-ratio\"><div class=\"wp-block-embed__wrapper\">\n<iframe loading=\"lazy\" title=\"Chasse Gard\u00e9e 2 - Bande-annonce officielle - UGC Distribution\" width=\"800\" height=\"450\" src=\"https:\/\/www.youtube.com\/embed\/kHXjJ0VaOCA?feature=oembed\" frameborder=\"0\" allow=\"accelerometer; autoplay; clipboard-write; encrypted-media; gyroscope; picture-in-picture; web-share\" referrerpolicy=\"strict-origin-when-cross-origin\" allowfullscreen><\/iframe>\n<\/div><\/figure>\n\n\n\n<p>Fin 2023 \/ d\u00e9but 2024, <strong>Fr\u00e9d\u00e9ric Forestier <\/strong>et <strong>Antonin Fourlon<\/strong> avaient cr\u00e9\u00e9 la surprise avec leur <strong>com\u00e9die<\/strong> <a href=\"https:\/\/1jour1sortie.com\/index.php\/2023\/12\/14\/chasse-gardee-la-comedie-sur-la-chasse-avec-hakim-jemili-et-didier-bourdon\/\"><em><strong>Chasse Gard\u00e9e<\/strong><\/em><\/a>. Entre d\u00e9cembre 2023 et avril 2024, ce <strong>film<\/strong> avec <strong>Didier Bourdon<\/strong>, <strong>Thierry Lhermitte<\/strong>, <strong>Camille Lou<\/strong> et <strong>Hakim Jemili<\/strong> avait attir\u00e9 plus de 1,9 million de spectateurs dans les salles de <a href=\"https:\/\/1jour1sortie.com\/index.php\/category\/cinema\/\"><strong>cin\u00e9ma<\/strong><\/a>. <br>Fort de ce succ\u00e8s, les r\u00e9alisateurs ont imagin\u00e9 une suite aux aventures de ce couple de citadins, incarn\u00e9 par <strong>Hakim Jemili <\/strong>et <strong>Camille Lou<\/strong>, qui s&rsquo;\u00e9tait oppos\u00e9 aux chasseurs du coin au moment de son installation \u00e0 la campagne. Si le couple avait pu raisonner les chasseurs, dans ce deuxi\u00e8me opus, ils va avoir \u00e0 faire \u00e0 un autre genre de chasseurs, bien plus fortun\u00e9s : les pratiquant de la <strong>chasse \u00e0 courre<\/strong>.<\/p>\n\n\n\n<p><strong><em>Chasse Gard\u00e9e 2 <\/em><\/strong>est dans la m\u00eame lign\u00e9e, sur le m\u00eame ton que <em><a href=\"https:\/\/1jour1sortie.com\/index.php\/2023\/12\/14\/chasse-gardee-la-comedie-sur-la-chasse-avec-hakim-jemili-et-didier-bourdon\/\">Chasse Gard\u00e9e<\/a><\/em>. Cette suite est aussi dr\u00f4le que le premier <strong>film<\/strong>. <br>On y retrouve les m\u00eames com\u00e9diens : <strong>Hakim Jemili<\/strong>, <strong>Chantal Ladesou<\/strong>, <a href=\"https:\/\/1jour1sortie.com\/index.php\/2025\/07\/29\/385-quai-des-orfevres-la-comedie-policiere-avec-didier-bourdon-artus-et-caroline-anglade-diffusee-a-la-tele\/\"><strong>Didier Bourdon<\/strong><\/a>, <strong>Camille Lou<\/strong>, <strong>Thierry Lhermitte<\/strong>, <strong>Jean-Fran\u00e7ois Cayrey<\/strong> ou encore <strong>Julien Pestel<\/strong>, ont repris du service. Ils sont rejoints par de nouveaux personnages. <strong>Maxime Gasteuil<\/strong> incarne le fils de <strong>Didier Bourdon<\/strong>, et <strong>Eden Ducourant<\/strong>, l&rsquo;\u00e9pouse de Maxime Gasteuil. Ces adeptes de la <strong>chasse \u00e0 courre <\/strong>ont bien l&rsquo;intention de d\u00e9mocratiser leur passion dans le paisible village du Nord o\u00f9 les chasseurs \u00e9taient devenus p\u00eacheurs. <strong>Diane Segard<\/strong> incarne la s\u0153ur d&rsquo;<strong>Eden Ducourant<\/strong>. Ce personnage, tr\u00e8s rigide, ne va n\u00e9anmoins pas laisser Benjamin, qui vit d\u00e9sormais avec son sanglier domestique, indiff\u00e9rent. Il est incarn\u00e9 par <strong>Julien Pestel <\/strong>(vu dans <em><a href=\"https:\/\/1jour1sortie.com\/index.php\/2025\/02\/19\/avec-ou-sans-enfants-quand-bertrand-usclat-nous-fait-rire-en-papa-gaffeur\/\">Avec ou sans enfants ?<\/a> <\/em>dont <strong>Antonin Fourlon <\/strong>a cosign\u00e9 le sc\u00e9nario). <strong>Elie Semoun<\/strong> est \u00e9galement au g\u00e9n\u00e9rique du <strong>film<\/strong>.<\/p>\n\n\n\n<p>Dans <strong><em>Chasse Gard\u00e9e 2<\/em><\/strong>, les r\u00e9pliques d&rsquo;<strong>Hakim Jemili,<\/strong> qu&rsquo;on d\u00e9couvre \u00e0 cheval, ont \u00e9t\u00e9 \u00e9crites pour lui. Si avec <strong>Camille Lou<\/strong> ils ont v\u00e9cu deux ann\u00e9es tranquilles, l&rsquo;arriv\u00e9e des <strong>chasseurs \u00e0 courre<\/strong> ne va pas \u00eatre de tout repos. Le couple va d\u00e9border d&rsquo;imagination pour faire fuir ces ind\u00e9sirables nouveaux voisins. <br>\u00ab\u00a0<em>Rosalie<\/em>\u00a0\u00bb de Carlos interpr\u00e9t\u00e9e au cor, un maire tr\u00e8s jeune et corruptible (jou\u00e9 par Th\u00e9o Gross), un m\u00e9got qui fait exploser des tonnes de cartouches de chasse&#8230; Les situations dr\u00f4les ne manquent pas dans <strong><em>Chasse Gard\u00e9e 2<\/em><\/strong>.<\/p>\n\n\n\n<p class=\"has-small-font-size\"><em>Chasse Gard\u00e9e 2<\/em>, de Fr\u00e9d\u00e9ric Forestier et Antonin Fourlon<br>Avec Hakim Jemili, Didier Bourdon, Camille Lou, Thierry Lhermitte, Maxime Gasteuil, Chantal Ladesou, Julien Pestel, Diane Segard&#8230;<br>1h38<br>En salles le 10\/12\/2025<br>Cr\u00e9dit photo : STARMAN FILMS CURIOSA FILMS STUDIO TF1 UGC IMAGES TF1 FILMS PRODUCTION TATANE FILMS<\/p>\n\n\n\n<p><\/p>\n","protected":false},"excerpt":{"rendered":"<p>Hakim Jemili et Camille Lou reprennent du service dans \u00ab\u00a0Chasse Gard\u00e9e 2\u00a0\u00bb, la suite de la com\u00e9die \u00ab\u00a0Chasse Gard\u00e9e\u00a0\u00bb. Si<\/p>\n","protected":false},"author":1,"featured_media":2770,"comment_status":"open","ping_status":"open","sticky":false,"template":"","format":"standard","meta":{"colormag_page_container_layout":"default_layout","colormag_page_sidebar_layout":"default_layout","_jetpack_memberships_contains_paid_content":false,"footnotes":"","jetpack_publicize_message":"","jetpack_publicize_feature_enabled":true,"jetpack_social_post_already_shared":false,"jetpack_social_options":{"image_generator_settings":{"template":"highway","default_image_id":0,"font":"","enabled":false},"version":2}},"categories":[3],"tags":[263,260,90,1883,10,11,1885,262,1884,1641,17,264,259,947,267,413,265],"class_list":["post-2767","post","type-post","status-publish","format-standard","has-post-thumbnail","hentry","category-cinema","tag-antonin-fourlon","tag-camille-lou","tag-chantal-ladesou","tag-chasse-gardee-2","tag-cinema","tag-comedie","tag-diane-segard","tag-didier-bourdon","tag-eden-ducourant","tag-elie-semoun","tag-film","tag-frederic-forestier","tag-hakim-jemili","tag-jean-francois-cayrey-2","tag-julien-pestel","tag-maxime-gasteuil","tag-thierry-lhermitte"],"yoast_head":"<!-- This site is optimized with the Yoast SEO plugin v27.2 - https:\/\/yoast.com\/product\/yoast-seo-wordpress\/ -->\n<title>Chasse Gard\u00e9e 2, Hakim Jemili et Didier Bourdon dans la suite de la com\u00e9die sur la chasse - 1 Jour 1 Sortie<\/title>\n<meta name=\"robots\" content=\"index, follow, max-snippet:-1, max-image-preview:large, max-video-preview:-1\" \/>\n<link rel=\"canonical\" href=\"https:\/\/1jour1sortie.com\/index.php\/2025\/12\/09\/chasse-gardee-2-hakim-jemili-et-didier-bourdon-dans-la-suite-de-la-comedie-sur-la-chasse\/\" \/>\n<meta property=\"og:locale\" content=\"fr_FR\" \/>\n<meta property=\"og:type\" content=\"article\" \/>\n<meta property=\"og:title\" content=\"Chasse Gard\u00e9e 2, Hakim Jemili et Didier Bourdon dans la suite de la com\u00e9die sur la chasse - 1 Jour 1 Sortie\" \/>\n<meta property=\"og:description\" content=\"Hakim Jemili et Camille Lou reprennent du service dans \u00ab\u00a0Chasse Gard\u00e9e 2\u00a0\u00bb, la suite de la com\u00e9die \u00ab\u00a0Chasse Gard\u00e9e\u00a0\u00bb. Si\" \/>\n<meta property=\"og:url\" content=\"https:\/\/1jour1sortie.com\/index.php\/2025\/12\/09\/chasse-gardee-2-hakim-jemili-et-didier-bourdon-dans-la-suite-de-la-comedie-sur-la-chasse\/\" \/>\n<meta property=\"og:site_name\" content=\"1 Jour 1 Sortie\" \/>\n<meta property=\"article:published_time\" content=\"2025-12-09T12:42:16+00:00\" \/>\n<meta property=\"og:image\" content=\"https:\/\/1jour1sortie.com\/wp-content\/uploads\/2025\/12\/24aeccbbe041e54f433005f3036bca59.jpg\" \/>\n\t<meta property=\"og:image:width\" content=\"1600\" \/>\n\t<meta property=\"og:image:height\" content=\"900\" \/>\n\t<meta property=\"og:image:type\" content=\"image\/jpeg\" \/>\n<meta name=\"author\" content=\"Laura Bruneau\" \/>\n<meta name=\"twitter:card\" content=\"summary_large_image\" \/>\n<meta name=\"twitter:label1\" content=\"\u00c9crit par\" \/>\n\t<meta name=\"twitter:data1\" content=\"Laura Bruneau\" \/>\n\t<meta name=\"twitter:label2\" content=\"Dur\u00e9e de lecture estim\u00e9e\" \/>\n\t<meta name=\"twitter:data2\" content=\"3 minutes\" \/>\n<script type=\"application\/ld+json\" class=\"yoast-schema-graph\">{\"@context\":\"https:\/\/schema.org\",\"@graph\":[{\"@type\":\"Article\",\"@id\":\"https:\/\/1jour1sortie.com\/index.php\/2025\/12\/09\/chasse-gardee-2-hakim-jemili-et-didier-bourdon-dans-la-suite-de-la-comedie-sur-la-chasse\/#article\",\"isPartOf\":{\"@id\":\"https:\/\/1jour1sortie.com\/index.php\/2025\/12\/09\/chasse-gardee-2-hakim-jemili-et-didier-bourdon-dans-la-suite-de-la-comedie-sur-la-chasse\/\"},\"author\":{\"name\":\"Laura Bruneau\",\"@id\":\"https:\/\/1jour1sortie.com\/#\/schema\/person\/421cf30a2d8bd17d611a374f6581881a\"},\"headline\":\"Chasse Gard\u00e9e 2, Hakim Jemili et Didier Bourdon dans la suite de la com\u00e9die sur la chasse\",\"datePublished\":\"2025-12-09T12:42:16+00:00\",\"mainEntityOfPage\":{\"@id\":\"https:\/\/1jour1sortie.com\/index.php\/2025\/12\/09\/chasse-gardee-2-hakim-jemili-et-didier-bourdon-dans-la-suite-de-la-comedie-sur-la-chasse\/\"},\"wordCount\":601,\"commentCount\":3,\"publisher\":{\"@id\":\"https:\/\/1jour1sortie.com\/#\/schema\/person\/421cf30a2d8bd17d611a374f6581881a\"},\"image\":{\"@id\":\"https:\/\/1jour1sortie.com\/index.php\/2025\/12\/09\/chasse-gardee-2-hakim-jemili-et-didier-bourdon-dans-la-suite-de-la-comedie-sur-la-chasse\/#primaryimage\"},\"thumbnailUrl\":\"https:\/\/1jour1sortie.com\/wp-content\/uploads\/2025\/12\/24aeccbbe041e54f433005f3036bca59.jpg\",\"keywords\":[\"antonin fourlon\",\"camille lou\",\"chantal ladesou\",\"chasse gard\u00e9e 2\",\"Cin\u00e9ma\",\"com\u00e9die\",\"diane segard\",\"didier bourdon\",\"eden ducourant\",\"elie semoun\",\"film\",\"fr\u00e9d\u00e9ric forestier\",\"hakim jemili\",\"jean fran\u00e7ois cayrey\",\"julien pestel\",\"maxime gasteuil\",\"thierry lhermitte\"],\"articleSection\":[\"Cin\u00e9ma &amp; Co\"],\"inLanguage\":\"fr-FR\",\"potentialAction\":[{\"@type\":\"CommentAction\",\"name\":\"Comment\",\"target\":[\"https:\/\/1jour1sortie.com\/index.php\/2025\/12\/09\/chasse-gardee-2-hakim-jemili-et-didier-bourdon-dans-la-suite-de-la-comedie-sur-la-chasse\/#respond\"]}]},{\"@type\":\"WebPage\",\"@id\":\"https:\/\/1jour1sortie.com\/index.php\/2025\/12\/09\/chasse-gardee-2-hakim-jemili-et-didier-bourdon-dans-la-suite-de-la-comedie-sur-la-chasse\/\",\"url\":\"https:\/\/1jour1sortie.com\/index.php\/2025\/12\/09\/chasse-gardee-2-hakim-jemili-et-didier-bourdon-dans-la-suite-de-la-comedie-sur-la-chasse\/\",\"name\":\"Chasse Gard\u00e9e 2, Hakim Jemili et Didier Bourdon dans la suite de la com\u00e9die sur la chasse - 1 Jour 1 Sortie\",\"isPartOf\":{\"@id\":\"https:\/\/1jour1sortie.com\/#website\"},\"primaryImageOfPage\":{\"@id\":\"https:\/\/1jour1sortie.com\/index.php\/2025\/12\/09\/chasse-gardee-2-hakim-jemili-et-didier-bourdon-dans-la-suite-de-la-comedie-sur-la-chasse\/#primaryimage\"},\"image\":{\"@id\":\"https:\/\/1jour1sortie.com\/index.php\/2025\/12\/09\/chasse-gardee-2-hakim-jemili-et-didier-bourdon-dans-la-suite-de-la-comedie-sur-la-chasse\/#primaryimage\"},\"thumbnailUrl\":\"https:\/\/1jour1sortie.com\/wp-content\/uploads\/2025\/12\/24aeccbbe041e54f433005f3036bca59.jpg\",\"datePublished\":\"2025-12-09T12:42:16+00:00\",\"breadcrumb\":{\"@id\":\"https:\/\/1jour1sortie.com\/index.php\/2025\/12\/09\/chasse-gardee-2-hakim-jemili-et-didier-bourdon-dans-la-suite-de-la-comedie-sur-la-chasse\/#breadcrumb\"},\"inLanguage\":\"fr-FR\",\"potentialAction\":[{\"@type\":\"ReadAction\",\"target\":[\"https:\/\/1jour1sortie.com\/index.php\/2025\/12\/09\/chasse-gardee-2-hakim-jemili-et-didier-bourdon-dans-la-suite-de-la-comedie-sur-la-chasse\/\"]}]},{\"@type\":\"ImageObject\",\"inLanguage\":\"fr-FR\",\"@id\":\"https:\/\/1jour1sortie.com\/index.php\/2025\/12\/09\/chasse-gardee-2-hakim-jemili-et-didier-bourdon-dans-la-suite-de-la-comedie-sur-la-chasse\/#primaryimage\",\"url\":\"https:\/\/1jour1sortie.com\/wp-content\/uploads\/2025\/12\/24aeccbbe041e54f433005f3036bca59.jpg\",\"contentUrl\":\"https:\/\/1jour1sortie.com\/wp-content\/uploads\/2025\/12\/24aeccbbe041e54f433005f3036bca59.jpg\",\"width\":1600,\"height\":900,\"caption\":\"Didier Bourdon et Jean-Fran\u00e7ois Cayrey dans Chasse Gard\u00e9e 2\"},{\"@type\":\"BreadcrumbList\",\"@id\":\"https:\/\/1jour1sortie.com\/index.php\/2025\/12\/09\/chasse-gardee-2-hakim-jemili-et-didier-bourdon-dans-la-suite-de-la-comedie-sur-la-chasse\/#breadcrumb\",\"itemListElement\":[{\"@type\":\"ListItem\",\"position\":1,\"name\":\"Accueil\",\"item\":\"https:\/\/1jour1sortie.com\/\"},{\"@type\":\"ListItem\",\"position\":2,\"name\":\"Chasse Gard\u00e9e 2, Hakim Jemili et Didier Bourdon dans la suite de la com\u00e9die sur la chasse\"}]},{\"@type\":\"WebSite\",\"@id\":\"https:\/\/1jour1sortie.com\/#website\",\"url\":\"https:\/\/1jour1sortie.com\/\",\"name\":\"1 Jour 1 Sortie\",\"description\":\"Par Laura Bruneau\",\"publisher\":{\"@id\":\"https:\/\/1jour1sortie.com\/#\/schema\/person\/421cf30a2d8bd17d611a374f6581881a\"},\"potentialAction\":[{\"@type\":\"SearchAction\",\"target\":{\"@type\":\"EntryPoint\",\"urlTemplate\":\"https:\/\/1jour1sortie.com\/?s={search_term_string}\"},\"query-input\":{\"@type\":\"PropertyValueSpecification\",\"valueRequired\":true,\"valueName\":\"search_term_string\"}}],\"inLanguage\":\"fr-FR\"},{\"@type\":[\"Person\",\"Organization\"],\"@id\":\"https:\/\/1jour1sortie.com\/#\/schema\/person\/421cf30a2d8bd17d611a374f6581881a\",\"name\":\"Laura Bruneau\",\"image\":{\"@type\":\"ImageObject\",\"inLanguage\":\"fr-FR\",\"@id\":\"https:\/\/secure.gravatar.com\/avatar\/8291dab2ef06499abccb64ced18b956a811c146e7f11c5e16b7e8eaf1dfccffc?s=96&d=mm&r=g\",\"url\":\"https:\/\/secure.gravatar.com\/avatar\/8291dab2ef06499abccb64ced18b956a811c146e7f11c5e16b7e8eaf1dfccffc?s=96&d=mm&r=g\",\"contentUrl\":\"https:\/\/secure.gravatar.com\/avatar\/8291dab2ef06499abccb64ced18b956a811c146e7f11c5e16b7e8eaf1dfccffc?s=96&d=mm&r=g\",\"caption\":\"Laura Bruneau\"},\"logo\":{\"@id\":\"https:\/\/secure.gravatar.com\/avatar\/8291dab2ef06499abccb64ced18b956a811c146e7f11c5e16b7e8eaf1dfccffc?s=96&d=mm&r=g\"},\"sameAs\":[\"http:\/\/1jour1sortie.com\"],\"url\":\"https:\/\/1jour1sortie.com\/index.php\/author\/admin6732\/\"}]}<\/script>\n<!-- \/ Yoast SEO plugin. -->","yoast_head_json":{"title":"Chasse Gard\u00e9e 2, Hakim Jemili et Didier Bourdon dans la suite de la com\u00e9die sur la chasse - 1 Jour 1 Sortie","robots":{"index":"index","follow":"follow","max-snippet":"max-snippet:-1","max-image-preview":"max-image-preview:large","max-video-preview":"max-video-preview:-1"},"canonical":"https:\/\/1jour1sortie.com\/index.php\/2025\/12\/09\/chasse-gardee-2-hakim-jemili-et-didier-bourdon-dans-la-suite-de-la-comedie-sur-la-chasse\/","og_locale":"fr_FR","og_type":"article","og_title":"Chasse Gard\u00e9e 2, Hakim Jemili et Didier Bourdon dans la suite de la com\u00e9die sur la chasse - 1 Jour 1 Sortie","og_description":"Hakim Jemili et Camille Lou reprennent du service dans \u00ab\u00a0Chasse Gard\u00e9e 2\u00a0\u00bb, la suite de la com\u00e9die \u00ab\u00a0Chasse Gard\u00e9e\u00a0\u00bb. Si","og_url":"https:\/\/1jour1sortie.com\/index.php\/2025\/12\/09\/chasse-gardee-2-hakim-jemili-et-didier-bourdon-dans-la-suite-de-la-comedie-sur-la-chasse\/","og_site_name":"1 Jour 1 Sortie","article_published_time":"2025-12-09T12:42:16+00:00","og_image":[{"width":1600,"height":900,"url":"https:\/\/1jour1sortie.com\/wp-content\/uploads\/2025\/12\/24aeccbbe041e54f433005f3036bca59.jpg","type":"image\/jpeg"}],"author":"Laura Bruneau","twitter_card":"summary_large_image","twitter_misc":{"\u00c9crit par":"Laura Bruneau","Dur\u00e9e de lecture estim\u00e9e":"3 minutes"},"schema":{"@context":"https:\/\/schema.org","@graph":[{"@type":"Article","@id":"https:\/\/1jour1sortie.com\/index.php\/2025\/12\/09\/chasse-gardee-2-hakim-jemili-et-didier-bourdon-dans-la-suite-de-la-comedie-sur-la-chasse\/#article","isPartOf":{"@id":"https:\/\/1jour1sortie.com\/index.php\/2025\/12\/09\/chasse-gardee-2-hakim-jemili-et-didier-bourdon-dans-la-suite-de-la-comedie-sur-la-chasse\/"},"author":{"name":"Laura Bruneau","@id":"https:\/\/1jour1sortie.com\/#\/schema\/person\/421cf30a2d8bd17d611a374f6581881a"},"headline":"Chasse Gard\u00e9e 2, Hakim Jemili et Didier Bourdon dans la suite de la com\u00e9die sur la chasse","datePublished":"2025-12-09T12:42:16+00:00","mainEntityOfPage":{"@id":"https:\/\/1jour1sortie.com\/index.php\/2025\/12\/09\/chasse-gardee-2-hakim-jemili-et-didier-bourdon-dans-la-suite-de-la-comedie-sur-la-chasse\/"},"wordCount":601,"commentCount":3,"publisher":{"@id":"https:\/\/1jour1sortie.com\/#\/schema\/person\/421cf30a2d8bd17d611a374f6581881a"},"image":{"@id":"https:\/\/1jour1sortie.com\/index.php\/2025\/12\/09\/chasse-gardee-2-hakim-jemili-et-didier-bourdon-dans-la-suite-de-la-comedie-sur-la-chasse\/#primaryimage"},"thumbnailUrl":"https:\/\/1jour1sortie.com\/wp-content\/uploads\/2025\/12\/24aeccbbe041e54f433005f3036bca59.jpg","keywords":["antonin fourlon","camille lou","chantal ladesou","chasse gard\u00e9e 2","Cin\u00e9ma","com\u00e9die","diane segard","didier bourdon","eden ducourant","elie semoun","film","fr\u00e9d\u00e9ric forestier","hakim jemili","jean fran\u00e7ois cayrey","julien pestel","maxime gasteuil","thierry lhermitte"],"articleSection":["Cin\u00e9ma &amp; Co"],"inLanguage":"fr-FR","potentialAction":[{"@type":"CommentAction","name":"Comment","target":["https:\/\/1jour1sortie.com\/index.php\/2025\/12\/09\/chasse-gardee-2-hakim-jemili-et-didier-bourdon-dans-la-suite-de-la-comedie-sur-la-chasse\/#respond"]}]},{"@type":"WebPage","@id":"https:\/\/1jour1sortie.com\/index.php\/2025\/12\/09\/chasse-gardee-2-hakim-jemili-et-didier-bourdon-dans-la-suite-de-la-comedie-sur-la-chasse\/","url":"https:\/\/1jour1sortie.com\/index.php\/2025\/12\/09\/chasse-gardee-2-hakim-jemili-et-didier-bourdon-dans-la-suite-de-la-comedie-sur-la-chasse\/","name":"Chasse Gard\u00e9e 2, Hakim Jemili et Didier Bourdon dans la suite de la com\u00e9die sur la chasse - 1 Jour 1 Sortie","isPartOf":{"@id":"https:\/\/1jour1sortie.com\/#website"},"primaryImageOfPage":{"@id":"https:\/\/1jour1sortie.com\/index.php\/2025\/12\/09\/chasse-gardee-2-hakim-jemili-et-didier-bourdon-dans-la-suite-de-la-comedie-sur-la-chasse\/#primaryimage"},"image":{"@id":"https:\/\/1jour1sortie.com\/index.php\/2025\/12\/09\/chasse-gardee-2-hakim-jemili-et-didier-bourdon-dans-la-suite-de-la-comedie-sur-la-chasse\/#primaryimage"},"thumbnailUrl":"https:\/\/1jour1sortie.com\/wp-content\/uploads\/2025\/12\/24aeccbbe041e54f433005f3036bca59.jpg","datePublished":"2025-12-09T12:42:16+00:00","breadcrumb":{"@id":"https:\/\/1jour1sortie.com\/index.php\/2025\/12\/09\/chasse-gardee-2-hakim-jemili-et-didier-bourdon-dans-la-suite-de-la-comedie-sur-la-chasse\/#breadcrumb"},"inLanguage":"fr-FR","potentialAction":[{"@type":"ReadAction","target":["https:\/\/1jour1sortie.com\/index.php\/2025\/12\/09\/chasse-gardee-2-hakim-jemili-et-didier-bourdon-dans-la-suite-de-la-comedie-sur-la-chasse\/"]}]},{"@type":"ImageObject","inLanguage":"fr-FR","@id":"https:\/\/1jour1sortie.com\/index.php\/2025\/12\/09\/chasse-gardee-2-hakim-jemili-et-didier-bourdon-dans-la-suite-de-la-comedie-sur-la-chasse\/#primaryimage","url":"https:\/\/1jour1sortie.com\/wp-content\/uploads\/2025\/12\/24aeccbbe041e54f433005f3036bca59.jpg","contentUrl":"https:\/\/1jour1sortie.com\/wp-content\/uploads\/2025\/12\/24aeccbbe041e54f433005f3036bca59.jpg","width":1600,"height":900,"caption":"Didier Bourdon et Jean-Fran\u00e7ois Cayrey dans Chasse Gard\u00e9e 2"},{"@type":"BreadcrumbList","@id":"https:\/\/1jour1sortie.com\/index.php\/2025\/12\/09\/chasse-gardee-2-hakim-jemili-et-didier-bourdon-dans-la-suite-de-la-comedie-sur-la-chasse\/#breadcrumb","itemListElement":[{"@type":"ListItem","position":1,"name":"Accueil","item":"https:\/\/1jour1sortie.com\/"},{"@type":"ListItem","position":2,"name":"Chasse Gard\u00e9e 2, Hakim Jemili et Didier Bourdon dans la suite de la com\u00e9die sur la chasse"}]},{"@type":"WebSite","@id":"https:\/\/1jour1sortie.com\/#website","url":"https:\/\/1jour1sortie.com\/","name":"1 Jour 1 Sortie","description":"Par Laura Bruneau","publisher":{"@id":"https:\/\/1jour1sortie.com\/#\/schema\/person\/421cf30a2d8bd17d611a374f6581881a"},"potentialAction":[{"@type":"SearchAction","target":{"@type":"EntryPoint","urlTemplate":"https:\/\/1jour1sortie.com\/?s={search_term_string}"},"query-input":{"@type":"PropertyValueSpecification","valueRequired":true,"valueName":"search_term_string"}}],"inLanguage":"fr-FR"},{"@type":["Person","Organization"],"@id":"https:\/\/1jour1sortie.com\/#\/schema\/person\/421cf30a2d8bd17d611a374f6581881a","name":"Laura Bruneau","image":{"@type":"ImageObject","inLanguage":"fr-FR","@id":"https:\/\/secure.gravatar.com\/avatar\/8291dab2ef06499abccb64ced18b956a811c146e7f11c5e16b7e8eaf1dfccffc?s=96&d=mm&r=g","url":"https:\/\/secure.gravatar.com\/avatar\/8291dab2ef06499abccb64ced18b956a811c146e7f11c5e16b7e8eaf1dfccffc?s=96&d=mm&r=g","contentUrl":"https:\/\/secure.gravatar.com\/avatar\/8291dab2ef06499abccb64ced18b956a811c146e7f11c5e16b7e8eaf1dfccffc?s=96&d=mm&r=g","caption":"Laura Bruneau"},"logo":{"@id":"https:\/\/secure.gravatar.com\/avatar\/8291dab2ef06499abccb64ced18b956a811c146e7f11c5e16b7e8eaf1dfccffc?s=96&d=mm&r=g"},"sameAs":["http:\/\/1jour1sortie.com"],"url":"https:\/\/1jour1sortie.com\/index.php\/author\/admin6732\/"}]}},"jetpack_publicize_connections":[],"jetpack_featured_media_url":"https:\/\/1jour1sortie.com\/wp-content\/uploads\/2025\/12\/24aeccbbe041e54f433005f3036bca59.jpg","jetpack_sharing_enabled":true,"_links":{"self":[{"href":"https:\/\/1jour1sortie.com\/index.php\/wp-json\/wp\/v2\/posts\/2767","targetHints":{"allow":["GET"]}}],"collection":[{"href":"https:\/\/1jour1sortie.com\/index.php\/wp-json\/wp\/v2\/posts"}],"about":[{"href":"https:\/\/1jour1sortie.com\/index.php\/wp-json\/wp\/v2\/types\/post"}],"author":[{"embeddable":true,"href":"https:\/\/1jour1sortie.com\/index.php\/wp-json\/wp\/v2\/users\/1"}],"replies":[{"embeddable":true,"href":"https:\/\/1jour1sortie.com\/index.php\/wp-json\/wp\/v2\/comments?post=2767"}],"version-history":[{"count":6,"href":"https:\/\/1jour1sortie.com\/index.php\/wp-json\/wp\/v2\/posts\/2767\/revisions"}],"predecessor-version":[{"id":2774,"href":"https:\/\/1jour1sortie.com\/index.php\/wp-json\/wp\/v2\/posts\/2767\/revisions\/2774"}],"wp:featuredmedia":[{"embeddable":true,"href":"https:\/\/1jour1sortie.com\/index.php\/wp-json\/wp\/v2\/media\/2770"}],"wp:attachment":[{"href":"https:\/\/1jour1sortie.com\/index.php\/wp-json\/wp\/v2\/media?parent=2767"}],"wp:term":[{"taxonomy":"category","embeddable":true,"href":"https:\/\/1jour1sortie.com\/index.php\/wp-json\/wp\/v2\/categories?post=2767"},{"taxonomy":"post_tag","embeddable":true,"href":"https:\/\/1jour1sortie.com\/index.php\/wp-json\/wp\/v2\/tags?post=2767"}],"curies":[{"name":"wp","href":"https:\/\/api.w.org\/{rel}","templated":true}]}}