{"id":2531,"date":"2025-10-25T11:21:49","date_gmt":"2025-10-25T09:21:49","guid":{"rendered":"https:\/\/1jour1sortie.com\/?p=2531"},"modified":"2025-10-25T11:21:50","modified_gmt":"2025-10-25T09:21:50","slug":"adieu-les-cons-le-genial-film-dalbert-dupontel-avec-virginie-efira-a-revoir-a-la-tele","status":"publish","type":"post","link":"https:\/\/1jour1sortie.com\/index.php\/2025\/10\/25\/adieu-les-cons-le-genial-film-dalbert-dupontel-avec-virginie-efira-a-revoir-a-la-tele\/","title":{"rendered":"Adieu les cons, le g\u00e9nial film d&rsquo;Albert Dupontel avec Virginie Efira, \u00e0 (re)voir \u00e0 la t\u00e9l\u00e9"},"content":{"rendered":"\n<p><em>\u00ab\u00a0Adieu les cons\u00a0\u00bb, le film aux 7 C\u00e9sars d&rsquo;Albert Dupontel, est de nouveau diffus\u00e9 \u00e0 la t\u00e9l\u00e9. Une magnifique com\u00e9die avec Virginie Efira, entre autres, et Nicolas Mari\u00e9, laur\u00e9at du C\u00e9sar du meilleur acteur dans un second r\u00f4le pour sa prestation. <\/em><\/p>\n\n\n\n<p><strong><em>Adieu les cons<\/em><\/strong>, l&rsquo;avant dernier film en date d&rsquo;<strong>Albert Dupontel<\/strong>, (re)passe \u00e0 la <a href=\"https:\/\/1jour1sortie.com\/index.php\/category\/cinema\/tv-series\/\"><strong>t\u00e9l\u00e9vision<\/strong><\/a>. Ce petit bijoux de<strong> com\u00e9die<\/strong> avec, entre autres, <strong>Virginie Efira<\/strong>, <strong>Nicolas Mari\u00e9<\/strong> et <strong><a href=\"https:\/\/1jour1sortie.com\/index.php\/2024\/11\/10\/hippocrate-sur-canal-a-quoi-sattendre-pour-la-saison-3-de-la-serie-medicale-avec-alice-belaidi\/\">Bouli Lanners<\/a><\/strong>, est programm\u00e9 sur <strong>France 2<\/strong> dimanche <strong>26 octobre 2025.<br>Le long-m\u00e9trage<\/strong>, pr\u00e9c\u00e9demment diffus\u00e9 sur TF1, en 2022, est, part ailleurs, disponible sur <a href=\"https:\/\/1jour1sortie.com\/index.php\/2025\/07\/28\/ces-bons-films-et-autres-programmes-a-voir-sur-netflix-et-prime-video\/\">Prime Video<\/a>. <\/p>\n\n\n\n<figure class=\"wp-block-embed is-type-video is-provider-youtube wp-block-embed-youtube wp-embed-aspect-16-9 wp-has-aspect-ratio\"><div class=\"wp-block-embed__wrapper\">\n<iframe loading=\"lazy\" title=\"ADIEU LES CONS - Bande-annonce\" width=\"800\" height=\"450\" src=\"https:\/\/www.youtube.com\/embed\/9uotsv-vf6I?feature=oembed\" frameborder=\"0\" allow=\"accelerometer; autoplay; clipboard-write; encrypted-media; gyroscope; picture-in-picture; web-share\" referrerpolicy=\"strict-origin-when-cross-origin\" allowfullscreen><\/iframe>\n<\/div><\/figure>\n\n\n\n<p><strong><em>Adieu les cons <\/em><\/strong>\u00e9tait sorti au <a href=\"https:\/\/1jour1sortie.com\/index.php\/category\/cinema\/\"><strong>cin\u00e9ma<\/strong><\/a> pendant le Covid, en octobre 2020, entre deux p\u00e9riodes de fermetures des salles obscures. En une semaine d\u2019exploitation, le<strong> film <\/strong>avait \u00e9t\u00e9 vu par un peu plus de 600.000 spectateurs. Ressorti en mai 2021, pour 16 nouvelles semaines d\u2019exploitation, <em><strong>Adieu les cons<\/strong><\/em> avait au final rassembl\u00e9 un tout petit moins de 2 millions de spectateurs en salles. Entre temps, aux <strong>C\u00e9sars 2021<\/strong>, le<strong> film<\/strong> avait d\u00e9croch\u00e9 <strong>7 prix<\/strong>, dont celui du <strong>meilleur film<\/strong>, de la <strong>meilleure r\u00e9alisation<\/strong> et du<strong> meilleur acteur<\/strong> dans un <strong>second r\u00f4le <\/strong>pour <strong>Nicolas Mari\u00e9<\/strong>. <br><strong>Albert Dupontel<\/strong> avait ensuite sorti son film suivant, <em>Second Tour<\/em>, en octobre 2023. <\/p>\n\n\n\n<p>Dans <strong><em>Adieu les cons<\/em><\/strong>, <strong>Albert Dupontel <\/strong>tient le r\u00f4le principal, l&rsquo;une de ses marques de fabrique. Il y donne la r\u00e9plique \u00e0 <strong>Virginie Efira<\/strong>, une femme malade \u00e0 la recherche de l&rsquo;enfant qu&rsquo;elle a abandonn\u00e9 des ann\u00e9es auparavant. Sa qu\u00eate lui fait croiser la route de JB, le personnage d&rsquo;<strong>Albert Dupontel<\/strong>, un homme en plein burn out et de <strong>Nicolas Mari\u00e9 <\/strong>qui incarne un archiviste. A eux trois, ils vont se lancer dans une qu\u00eate tout autant improbable que spectaculaire. <br>A leurs c\u00f4t\u00e9s, il y a aussi <strong><a href=\"https:\/\/1jour1sortie.com\/index.php\/2025\/01\/12\/le-dossier-maldoror-le-thriller-de-fabrice-du-welz-avec-anthony-bajon-inspire-de-laffaire-marc-dutroux\/\">Jackie Berroyer<\/a><\/strong>, <strong>Laurent Stocker<\/strong>, <a href=\"https:\/\/1jour1sortie.com\/index.php\/2025\/02\/14\/bref-2-la-serie-culte-de-kyan-khohandi-fait-son-retour-sur-disney-et-cest-toujours-poilant\/\"><strong>Kyan Khojandi<\/strong><\/a>, le <strong>Palmashow<\/strong>, <strong>Bouli Lanners <\/strong>ou encore <strong>Michel Vuillermoz<\/strong>.<\/p>\n\n\n\n<p><strong><em>Adieu les cons<\/em><\/strong> est un <strong>film<\/strong> \u00e9mouvant, dr\u00f4le et po\u00e9tique \u00e0 la fois. Du pur jus<strong> Dupontel<\/strong> dans lequel il d\u00e9peint un monde tr\u00e8s sombre, \u00e0 la mani\u00e8re d&rsquo;un conte. Pendant toute la dur\u00e9e, on oscille entre beaucoup de rires et d\u2019\u00e9motion. <br>Les r\u00e9pliques sont cisel\u00e9es, la mise en sc\u00e8ne tr\u00e8s esth\u00e9tique avec de nombreuses riches id\u00e9es. La r\u00e9alisation demeure nerveuse quand il le faut. Une p\u00e9pite.<\/p>\n\n\n\n<p class=\"has-small-font-size\"><em>Adieu les cons<\/em>, d&rsquo;Albert Dupontel<br>Avec Albert Dupontel, Virginie Efira, Nicolas Mari\u00e9, Jackie Berroyer, Michel Vuillermoz, Kyan Khojandi, Laurent Stocker, Bouli Lanners, Gr\u00e9goire Ludig, David Marsais&#8230;<br>1h27<br>Sur France le 26\/10\/2025 \u00e0 21h10<br>Cr\u00e9dit photo : J\u00e9r\u00f4me Pr\u00e9bois \u2013 ADCB Films<\/p>\n\n\n\n<p> <\/p>\n\n\n\n<p><\/p>\n\n\n\n<p><\/p>\n","protected":false},"excerpt":{"rendered":"<p>\u00ab\u00a0Adieu les cons\u00a0\u00bb, le film aux 7 C\u00e9sars d&rsquo;Albert Dupontel, est de nouveau diffus\u00e9 \u00e0 la t\u00e9l\u00e9. Une magnifique com\u00e9die<\/p>\n","protected":false},"author":1,"featured_media":2554,"comment_status":"open","ping_status":"open","sticky":false,"template":"","format":"standard","meta":{"colormag_page_container_layout":"default_layout","colormag_page_sidebar_layout":"default_layout","_jetpack_memberships_contains_paid_content":false,"footnotes":"","jetpack_publicize_message":"","jetpack_publicize_feature_enabled":true,"jetpack_social_post_already_shared":false,"jetpack_social_options":{"image_generator_settings":{"template":"highway","default_image_id":0,"font":"","enabled":false},"version":2}},"categories":[3,1103],"tags":[1261,1262,709,10,11,1783,17,778,765,838,927,1781,1780,1779,1782,40,41,48,1258],"class_list":["post-2531","post","type-post","status-publish","format-standard","has-post-thumbnail","hentry","category-cinema","category-tv-series","tag-adieu-les-cons","tag-albert-dupontel","tag-bouli-lanners","tag-cinema","tag-comedie","tag-david-marsais","tag-film","tag-france-2","tag-gregoire-ludig","tag-jackie-berroyer","tag-kyan-khojandi","tag-laurent-stocker","tag-michel-vuillermoz","tag-nicolas-marie","tag-palmashow","tag-tele","tag-television","tag-tv","tag-virginie-efira"],"yoast_head":"<!-- This site is optimized with the Yoast SEO plugin v27.2 - https:\/\/yoast.com\/product\/yoast-seo-wordpress\/ -->\n<title>Adieu les cons, le g\u00e9nial film d&#039;Albert Dupontel avec Virginie Efira, \u00e0 (re)voir \u00e0 la t\u00e9l\u00e9 - 1 Jour 1 Sortie<\/title>\n<meta name=\"robots\" content=\"index, follow, max-snippet:-1, max-image-preview:large, max-video-preview:-1\" \/>\n<link rel=\"canonical\" href=\"https:\/\/1jour1sortie.com\/index.php\/2025\/10\/25\/adieu-les-cons-le-genial-film-dalbert-dupontel-avec-virginie-efira-a-revoir-a-la-tele\/\" \/>\n<meta property=\"og:locale\" content=\"fr_FR\" \/>\n<meta property=\"og:type\" content=\"article\" \/>\n<meta property=\"og:title\" content=\"Adieu les cons, le g\u00e9nial film d&#039;Albert Dupontel avec Virginie Efira, \u00e0 (re)voir \u00e0 la t\u00e9l\u00e9 - 1 Jour 1 Sortie\" \/>\n<meta property=\"og:description\" content=\"\u00ab\u00a0Adieu les cons\u00a0\u00bb, le film aux 7 C\u00e9sars d&rsquo;Albert Dupontel, est de nouveau diffus\u00e9 \u00e0 la t\u00e9l\u00e9. Une magnifique com\u00e9die\" \/>\n<meta property=\"og:url\" content=\"https:\/\/1jour1sortie.com\/index.php\/2025\/10\/25\/adieu-les-cons-le-genial-film-dalbert-dupontel-avec-virginie-efira-a-revoir-a-la-tele\/\" \/>\n<meta property=\"og:site_name\" content=\"1 Jour 1 Sortie\" \/>\n<meta property=\"article:published_time\" content=\"2025-10-25T09:21:49+00:00\" \/>\n<meta property=\"article:modified_time\" content=\"2025-10-25T09:21:50+00:00\" \/>\n<meta property=\"og:image\" content=\"https:\/\/1jour1sortie.com\/wp-content\/uploads\/2025\/10\/2862714.jpg\" \/>\n\t<meta property=\"og:image:width\" content=\"1600\" \/>\n\t<meta property=\"og:image:height\" content=\"1067\" \/>\n\t<meta property=\"og:image:type\" content=\"image\/jpeg\" \/>\n<meta name=\"author\" content=\"Laura Bruneau\" \/>\n<meta name=\"twitter:card\" content=\"summary_large_image\" \/>\n<meta name=\"twitter:label1\" content=\"\u00c9crit par\" \/>\n\t<meta name=\"twitter:data1\" content=\"Laura Bruneau\" \/>\n\t<meta name=\"twitter:label2\" content=\"Dur\u00e9e de lecture estim\u00e9e\" \/>\n\t<meta name=\"twitter:data2\" content=\"3 minutes\" \/>\n<script type=\"application\/ld+json\" class=\"yoast-schema-graph\">{\"@context\":\"https:\/\/schema.org\",\"@graph\":[{\"@type\":\"Article\",\"@id\":\"https:\/\/1jour1sortie.com\/index.php\/2025\/10\/25\/adieu-les-cons-le-genial-film-dalbert-dupontel-avec-virginie-efira-a-revoir-a-la-tele\/#article\",\"isPartOf\":{\"@id\":\"https:\/\/1jour1sortie.com\/index.php\/2025\/10\/25\/adieu-les-cons-le-genial-film-dalbert-dupontel-avec-virginie-efira-a-revoir-a-la-tele\/\"},\"author\":{\"name\":\"Laura Bruneau\",\"@id\":\"https:\/\/1jour1sortie.com\/#\/schema\/person\/421cf30a2d8bd17d611a374f6581881a\"},\"headline\":\"Adieu les cons, le g\u00e9nial film d&rsquo;Albert Dupontel avec Virginie Efira, \u00e0 (re)voir \u00e0 la t\u00e9l\u00e9\",\"datePublished\":\"2025-10-25T09:21:49+00:00\",\"dateModified\":\"2025-10-25T09:21:50+00:00\",\"mainEntityOfPage\":{\"@id\":\"https:\/\/1jour1sortie.com\/index.php\/2025\/10\/25\/adieu-les-cons-le-genial-film-dalbert-dupontel-avec-virginie-efira-a-revoir-a-la-tele\/\"},\"wordCount\":470,\"commentCount\":0,\"publisher\":{\"@id\":\"https:\/\/1jour1sortie.com\/#\/schema\/person\/421cf30a2d8bd17d611a374f6581881a\"},\"image\":{\"@id\":\"https:\/\/1jour1sortie.com\/index.php\/2025\/10\/25\/adieu-les-cons-le-genial-film-dalbert-dupontel-avec-virginie-efira-a-revoir-a-la-tele\/#primaryimage\"},\"thumbnailUrl\":\"https:\/\/1jour1sortie.com\/wp-content\/uploads\/2025\/10\/2862714.jpg\",\"keywords\":[\"adieu les cons\",\"albert dupontel\",\"bouli lanners\",\"Cin\u00e9ma\",\"com\u00e9die\",\"david marsais\",\"film\",\"France 2\",\"gr\u00e9goire ludig\",\"jackie berroyer\",\"kyan khojandi\",\"laurent stocker\",\"michel vuillermoz\",\"nicolas mari\u00e9\",\"palmashow\",\"t\u00e9l\u00e9\",\"t\u00e9l\u00e9vision\",\"TV\",\"virginie efira\"],\"articleSection\":[\"Cin\u00e9ma &amp; Co\",\"TV &amp; S\u00e9ries\"],\"inLanguage\":\"fr-FR\",\"potentialAction\":[{\"@type\":\"CommentAction\",\"name\":\"Comment\",\"target\":[\"https:\/\/1jour1sortie.com\/index.php\/2025\/10\/25\/adieu-les-cons-le-genial-film-dalbert-dupontel-avec-virginie-efira-a-revoir-a-la-tele\/#respond\"]}]},{\"@type\":\"WebPage\",\"@id\":\"https:\/\/1jour1sortie.com\/index.php\/2025\/10\/25\/adieu-les-cons-le-genial-film-dalbert-dupontel-avec-virginie-efira-a-revoir-a-la-tele\/\",\"url\":\"https:\/\/1jour1sortie.com\/index.php\/2025\/10\/25\/adieu-les-cons-le-genial-film-dalbert-dupontel-avec-virginie-efira-a-revoir-a-la-tele\/\",\"name\":\"Adieu les cons, le g\u00e9nial film d'Albert Dupontel avec Virginie Efira, \u00e0 (re)voir \u00e0 la t\u00e9l\u00e9 - 1 Jour 1 Sortie\",\"isPartOf\":{\"@id\":\"https:\/\/1jour1sortie.com\/#website\"},\"primaryImageOfPage\":{\"@id\":\"https:\/\/1jour1sortie.com\/index.php\/2025\/10\/25\/adieu-les-cons-le-genial-film-dalbert-dupontel-avec-virginie-efira-a-revoir-a-la-tele\/#primaryimage\"},\"image\":{\"@id\":\"https:\/\/1jour1sortie.com\/index.php\/2025\/10\/25\/adieu-les-cons-le-genial-film-dalbert-dupontel-avec-virginie-efira-a-revoir-a-la-tele\/#primaryimage\"},\"thumbnailUrl\":\"https:\/\/1jour1sortie.com\/wp-content\/uploads\/2025\/10\/2862714.jpg\",\"datePublished\":\"2025-10-25T09:21:49+00:00\",\"dateModified\":\"2025-10-25T09:21:50+00:00\",\"breadcrumb\":{\"@id\":\"https:\/\/1jour1sortie.com\/index.php\/2025\/10\/25\/adieu-les-cons-le-genial-film-dalbert-dupontel-avec-virginie-efira-a-revoir-a-la-tele\/#breadcrumb\"},\"inLanguage\":\"fr-FR\",\"potentialAction\":[{\"@type\":\"ReadAction\",\"target\":[\"https:\/\/1jour1sortie.com\/index.php\/2025\/10\/25\/adieu-les-cons-le-genial-film-dalbert-dupontel-avec-virginie-efira-a-revoir-a-la-tele\/\"]}]},{\"@type\":\"ImageObject\",\"inLanguage\":\"fr-FR\",\"@id\":\"https:\/\/1jour1sortie.com\/index.php\/2025\/10\/25\/adieu-les-cons-le-genial-film-dalbert-dupontel-avec-virginie-efira-a-revoir-a-la-tele\/#primaryimage\",\"url\":\"https:\/\/1jour1sortie.com\/wp-content\/uploads\/2025\/10\/2862714.jpg\",\"contentUrl\":\"https:\/\/1jour1sortie.com\/wp-content\/uploads\/2025\/10\/2862714.jpg\",\"width\":1600,\"height\":1067,\"caption\":\"Virginie Efira et Albert Dupontel dans \\\"Adieu les cons\\\"\"},{\"@type\":\"BreadcrumbList\",\"@id\":\"https:\/\/1jour1sortie.com\/index.php\/2025\/10\/25\/adieu-les-cons-le-genial-film-dalbert-dupontel-avec-virginie-efira-a-revoir-a-la-tele\/#breadcrumb\",\"itemListElement\":[{\"@type\":\"ListItem\",\"position\":1,\"name\":\"Accueil\",\"item\":\"https:\/\/1jour1sortie.com\/\"},{\"@type\":\"ListItem\",\"position\":2,\"name\":\"Adieu les cons, le g\u00e9nial film d&rsquo;Albert Dupontel avec Virginie Efira, \u00e0 (re)voir \u00e0 la t\u00e9l\u00e9\"}]},{\"@type\":\"WebSite\",\"@id\":\"https:\/\/1jour1sortie.com\/#website\",\"url\":\"https:\/\/1jour1sortie.com\/\",\"name\":\"1 Jour 1 Sortie\",\"description\":\"Par Laura Bruneau\",\"publisher\":{\"@id\":\"https:\/\/1jour1sortie.com\/#\/schema\/person\/421cf30a2d8bd17d611a374f6581881a\"},\"potentialAction\":[{\"@type\":\"SearchAction\",\"target\":{\"@type\":\"EntryPoint\",\"urlTemplate\":\"https:\/\/1jour1sortie.com\/?s={search_term_string}\"},\"query-input\":{\"@type\":\"PropertyValueSpecification\",\"valueRequired\":true,\"valueName\":\"search_term_string\"}}],\"inLanguage\":\"fr-FR\"},{\"@type\":[\"Person\",\"Organization\"],\"@id\":\"https:\/\/1jour1sortie.com\/#\/schema\/person\/421cf30a2d8bd17d611a374f6581881a\",\"name\":\"Laura Bruneau\",\"image\":{\"@type\":\"ImageObject\",\"inLanguage\":\"fr-FR\",\"@id\":\"https:\/\/secure.gravatar.com\/avatar\/8291dab2ef06499abccb64ced18b956a811c146e7f11c5e16b7e8eaf1dfccffc?s=96&d=mm&r=g\",\"url\":\"https:\/\/secure.gravatar.com\/avatar\/8291dab2ef06499abccb64ced18b956a811c146e7f11c5e16b7e8eaf1dfccffc?s=96&d=mm&r=g\",\"contentUrl\":\"https:\/\/secure.gravatar.com\/avatar\/8291dab2ef06499abccb64ced18b956a811c146e7f11c5e16b7e8eaf1dfccffc?s=96&d=mm&r=g\",\"caption\":\"Laura Bruneau\"},\"logo\":{\"@id\":\"https:\/\/secure.gravatar.com\/avatar\/8291dab2ef06499abccb64ced18b956a811c146e7f11c5e16b7e8eaf1dfccffc?s=96&d=mm&r=g\"},\"sameAs\":[\"http:\/\/1jour1sortie.com\"],\"url\":\"https:\/\/1jour1sortie.com\/index.php\/author\/admin6732\/\"}]}<\/script>\n<!-- \/ Yoast SEO plugin. -->","yoast_head_json":{"title":"Adieu les cons, le g\u00e9nial film d'Albert Dupontel avec Virginie Efira, \u00e0 (re)voir \u00e0 la t\u00e9l\u00e9 - 1 Jour 1 Sortie","robots":{"index":"index","follow":"follow","max-snippet":"max-snippet:-1","max-image-preview":"max-image-preview:large","max-video-preview":"max-video-preview:-1"},"canonical":"https:\/\/1jour1sortie.com\/index.php\/2025\/10\/25\/adieu-les-cons-le-genial-film-dalbert-dupontel-avec-virginie-efira-a-revoir-a-la-tele\/","og_locale":"fr_FR","og_type":"article","og_title":"Adieu les cons, le g\u00e9nial film d'Albert Dupontel avec Virginie Efira, \u00e0 (re)voir \u00e0 la t\u00e9l\u00e9 - 1 Jour 1 Sortie","og_description":"\u00ab\u00a0Adieu les cons\u00a0\u00bb, le film aux 7 C\u00e9sars d&rsquo;Albert Dupontel, est de nouveau diffus\u00e9 \u00e0 la t\u00e9l\u00e9. Une magnifique com\u00e9die","og_url":"https:\/\/1jour1sortie.com\/index.php\/2025\/10\/25\/adieu-les-cons-le-genial-film-dalbert-dupontel-avec-virginie-efira-a-revoir-a-la-tele\/","og_site_name":"1 Jour 1 Sortie","article_published_time":"2025-10-25T09:21:49+00:00","article_modified_time":"2025-10-25T09:21:50+00:00","og_image":[{"width":1600,"height":1067,"url":"https:\/\/1jour1sortie.com\/wp-content\/uploads\/2025\/10\/2862714.jpg","type":"image\/jpeg"}],"author":"Laura Bruneau","twitter_card":"summary_large_image","twitter_misc":{"\u00c9crit par":"Laura Bruneau","Dur\u00e9e de lecture estim\u00e9e":"3 minutes"},"schema":{"@context":"https:\/\/schema.org","@graph":[{"@type":"Article","@id":"https:\/\/1jour1sortie.com\/index.php\/2025\/10\/25\/adieu-les-cons-le-genial-film-dalbert-dupontel-avec-virginie-efira-a-revoir-a-la-tele\/#article","isPartOf":{"@id":"https:\/\/1jour1sortie.com\/index.php\/2025\/10\/25\/adieu-les-cons-le-genial-film-dalbert-dupontel-avec-virginie-efira-a-revoir-a-la-tele\/"},"author":{"name":"Laura Bruneau","@id":"https:\/\/1jour1sortie.com\/#\/schema\/person\/421cf30a2d8bd17d611a374f6581881a"},"headline":"Adieu les cons, le g\u00e9nial film d&rsquo;Albert Dupontel avec Virginie Efira, \u00e0 (re)voir \u00e0 la t\u00e9l\u00e9","datePublished":"2025-10-25T09:21:49+00:00","dateModified":"2025-10-25T09:21:50+00:00","mainEntityOfPage":{"@id":"https:\/\/1jour1sortie.com\/index.php\/2025\/10\/25\/adieu-les-cons-le-genial-film-dalbert-dupontel-avec-virginie-efira-a-revoir-a-la-tele\/"},"wordCount":470,"commentCount":0,"publisher":{"@id":"https:\/\/1jour1sortie.com\/#\/schema\/person\/421cf30a2d8bd17d611a374f6581881a"},"image":{"@id":"https:\/\/1jour1sortie.com\/index.php\/2025\/10\/25\/adieu-les-cons-le-genial-film-dalbert-dupontel-avec-virginie-efira-a-revoir-a-la-tele\/#primaryimage"},"thumbnailUrl":"https:\/\/1jour1sortie.com\/wp-content\/uploads\/2025\/10\/2862714.jpg","keywords":["adieu les cons","albert dupontel","bouli lanners","Cin\u00e9ma","com\u00e9die","david marsais","film","France 2","gr\u00e9goire ludig","jackie berroyer","kyan khojandi","laurent stocker","michel vuillermoz","nicolas mari\u00e9","palmashow","t\u00e9l\u00e9","t\u00e9l\u00e9vision","TV","virginie efira"],"articleSection":["Cin\u00e9ma &amp; Co","TV &amp; S\u00e9ries"],"inLanguage":"fr-FR","potentialAction":[{"@type":"CommentAction","name":"Comment","target":["https:\/\/1jour1sortie.com\/index.php\/2025\/10\/25\/adieu-les-cons-le-genial-film-dalbert-dupontel-avec-virginie-efira-a-revoir-a-la-tele\/#respond"]}]},{"@type":"WebPage","@id":"https:\/\/1jour1sortie.com\/index.php\/2025\/10\/25\/adieu-les-cons-le-genial-film-dalbert-dupontel-avec-virginie-efira-a-revoir-a-la-tele\/","url":"https:\/\/1jour1sortie.com\/index.php\/2025\/10\/25\/adieu-les-cons-le-genial-film-dalbert-dupontel-avec-virginie-efira-a-revoir-a-la-tele\/","name":"Adieu les cons, le g\u00e9nial film d'Albert Dupontel avec Virginie Efira, \u00e0 (re)voir \u00e0 la t\u00e9l\u00e9 - 1 Jour 1 Sortie","isPartOf":{"@id":"https:\/\/1jour1sortie.com\/#website"},"primaryImageOfPage":{"@id":"https:\/\/1jour1sortie.com\/index.php\/2025\/10\/25\/adieu-les-cons-le-genial-film-dalbert-dupontel-avec-virginie-efira-a-revoir-a-la-tele\/#primaryimage"},"image":{"@id":"https:\/\/1jour1sortie.com\/index.php\/2025\/10\/25\/adieu-les-cons-le-genial-film-dalbert-dupontel-avec-virginie-efira-a-revoir-a-la-tele\/#primaryimage"},"thumbnailUrl":"https:\/\/1jour1sortie.com\/wp-content\/uploads\/2025\/10\/2862714.jpg","datePublished":"2025-10-25T09:21:49+00:00","dateModified":"2025-10-25T09:21:50+00:00","breadcrumb":{"@id":"https:\/\/1jour1sortie.com\/index.php\/2025\/10\/25\/adieu-les-cons-le-genial-film-dalbert-dupontel-avec-virginie-efira-a-revoir-a-la-tele\/#breadcrumb"},"inLanguage":"fr-FR","potentialAction":[{"@type":"ReadAction","target":["https:\/\/1jour1sortie.com\/index.php\/2025\/10\/25\/adieu-les-cons-le-genial-film-dalbert-dupontel-avec-virginie-efira-a-revoir-a-la-tele\/"]}]},{"@type":"ImageObject","inLanguage":"fr-FR","@id":"https:\/\/1jour1sortie.com\/index.php\/2025\/10\/25\/adieu-les-cons-le-genial-film-dalbert-dupontel-avec-virginie-efira-a-revoir-a-la-tele\/#primaryimage","url":"https:\/\/1jour1sortie.com\/wp-content\/uploads\/2025\/10\/2862714.jpg","contentUrl":"https:\/\/1jour1sortie.com\/wp-content\/uploads\/2025\/10\/2862714.jpg","width":1600,"height":1067,"caption":"Virginie Efira et Albert Dupontel dans \"Adieu les cons\""},{"@type":"BreadcrumbList","@id":"https:\/\/1jour1sortie.com\/index.php\/2025\/10\/25\/adieu-les-cons-le-genial-film-dalbert-dupontel-avec-virginie-efira-a-revoir-a-la-tele\/#breadcrumb","itemListElement":[{"@type":"ListItem","position":1,"name":"Accueil","item":"https:\/\/1jour1sortie.com\/"},{"@type":"ListItem","position":2,"name":"Adieu les cons, le g\u00e9nial film d&rsquo;Albert Dupontel avec Virginie Efira, \u00e0 (re)voir \u00e0 la t\u00e9l\u00e9"}]},{"@type":"WebSite","@id":"https:\/\/1jour1sortie.com\/#website","url":"https:\/\/1jour1sortie.com\/","name":"1 Jour 1 Sortie","description":"Par Laura Bruneau","publisher":{"@id":"https:\/\/1jour1sortie.com\/#\/schema\/person\/421cf30a2d8bd17d611a374f6581881a"},"potentialAction":[{"@type":"SearchAction","target":{"@type":"EntryPoint","urlTemplate":"https:\/\/1jour1sortie.com\/?s={search_term_string}"},"query-input":{"@type":"PropertyValueSpecification","valueRequired":true,"valueName":"search_term_string"}}],"inLanguage":"fr-FR"},{"@type":["Person","Organization"],"@id":"https:\/\/1jour1sortie.com\/#\/schema\/person\/421cf30a2d8bd17d611a374f6581881a","name":"Laura Bruneau","image":{"@type":"ImageObject","inLanguage":"fr-FR","@id":"https:\/\/secure.gravatar.com\/avatar\/8291dab2ef06499abccb64ced18b956a811c146e7f11c5e16b7e8eaf1dfccffc?s=96&d=mm&r=g","url":"https:\/\/secure.gravatar.com\/avatar\/8291dab2ef06499abccb64ced18b956a811c146e7f11c5e16b7e8eaf1dfccffc?s=96&d=mm&r=g","contentUrl":"https:\/\/secure.gravatar.com\/avatar\/8291dab2ef06499abccb64ced18b956a811c146e7f11c5e16b7e8eaf1dfccffc?s=96&d=mm&r=g","caption":"Laura Bruneau"},"logo":{"@id":"https:\/\/secure.gravatar.com\/avatar\/8291dab2ef06499abccb64ced18b956a811c146e7f11c5e16b7e8eaf1dfccffc?s=96&d=mm&r=g"},"sameAs":["http:\/\/1jour1sortie.com"],"url":"https:\/\/1jour1sortie.com\/index.php\/author\/admin6732\/"}]}},"jetpack_publicize_connections":[],"jetpack_featured_media_url":"https:\/\/1jour1sortie.com\/wp-content\/uploads\/2025\/10\/2862714.jpg","jetpack_sharing_enabled":true,"_links":{"self":[{"href":"https:\/\/1jour1sortie.com\/index.php\/wp-json\/wp\/v2\/posts\/2531","targetHints":{"allow":["GET"]}}],"collection":[{"href":"https:\/\/1jour1sortie.com\/index.php\/wp-json\/wp\/v2\/posts"}],"about":[{"href":"https:\/\/1jour1sortie.com\/index.php\/wp-json\/wp\/v2\/types\/post"}],"author":[{"embeddable":true,"href":"https:\/\/1jour1sortie.com\/index.php\/wp-json\/wp\/v2\/users\/1"}],"replies":[{"embeddable":true,"href":"https:\/\/1jour1sortie.com\/index.php\/wp-json\/wp\/v2\/comments?post=2531"}],"version-history":[{"count":8,"href":"https:\/\/1jour1sortie.com\/index.php\/wp-json\/wp\/v2\/posts\/2531\/revisions"}],"predecessor-version":[{"id":2557,"href":"https:\/\/1jour1sortie.com\/index.php\/wp-json\/wp\/v2\/posts\/2531\/revisions\/2557"}],"wp:featuredmedia":[{"embeddable":true,"href":"https:\/\/1jour1sortie.com\/index.php\/wp-json\/wp\/v2\/media\/2554"}],"wp:attachment":[{"href":"https:\/\/1jour1sortie.com\/index.php\/wp-json\/wp\/v2\/media?parent=2531"}],"wp:term":[{"taxonomy":"category","embeddable":true,"href":"https:\/\/1jour1sortie.com\/index.php\/wp-json\/wp\/v2\/categories?post=2531"},{"taxonomy":"post_tag","embeddable":true,"href":"https:\/\/1jour1sortie.com\/index.php\/wp-json\/wp\/v2\/tags?post=2531"}],"curies":[{"name":"wp","href":"https:\/\/api.w.org\/{rel}","templated":true}]}}