{"id":2518,"date":"2025-10-24T06:00:00","date_gmt":"2025-10-24T04:00:00","guid":{"rendered":"https:\/\/1jour1sortie.com\/?p=2518"},"modified":"2025-10-25T10:54:21","modified_gmt":"2025-10-25T08:54:21","slug":"la-serie-astrid-et-raphaelle-de-retour-sur-france-2-pour-une-6eme-saison","status":"publish","type":"post","link":"https:\/\/1jour1sortie.com\/index.php\/2025\/10\/24\/la-serie-astrid-et-raphaelle-de-retour-sur-france-2-pour-une-6eme-saison\/","title":{"rendered":"La s\u00e9rie Astrid et Rapha\u00eblle, de retour sur France 2, pour une 6\u00e8me saison"},"content":{"rendered":"\n<p><em>La s\u00e9rie polici\u00e8re \u00ab\u00a0Astrid et Rapha\u00eblle\u00a0\u00bb revient sur France 6 pour une saison 6. Toujours magistralement interpr\u00e9t\u00e9e par Sara Mortensen dans le r\u00f4le de la polici\u00e8re autiste.<\/em><\/p>\n\n\n\n<p><em><strong>Astrid et Rapha\u00eblle<\/strong><\/em>, la<strong> s\u00e9rie polici\u00e8re<\/strong> de<strong> France 2<\/strong>, port\u00e9e par <strong>Sara Mortensen<\/strong> et <strong>Lola Dewaere<\/strong>, est (bient\u00f4t) de retour \u00e0 la<a href=\"https:\/\/1jour1sortie.com\/index.php\/category\/cinema\/tv-series\/\"> <strong>t\u00e9l\u00e9<\/strong><\/a>, pour une sixi\u00e8me saison in\u00e9dite. La <strong>fiction<\/strong> revient \u00e0 l&rsquo;antenne \u00e0 compter du vendredi<strong> 24 octobre<\/strong>, tandis que la saison est d&rsquo;ores et d\u00e9j\u00e0 disponible en avant-premi\u00e8re en int\u00e9gralit\u00e9 sur la<a href=\"https:\/\/1jour1sortie.com\/index.php\/2025\/07\/28\/ces-bons-films-et-autres-programmes-a-voir-sur-netflix-et-prime-video\/\"> <\/a><strong><a href=\"https:\/\/1jour1sortie.com\/index.php\/2025\/07\/28\/ces-bons-films-et-autres-programmes-a-voir-sur-netflix-et-prime-video\/\">plateforme<\/a> <em>France.tv<\/em><\/strong>.<\/p>\n\n\n\n<figure class=\"wp-block-embed is-type-video is-provider-youtube wp-block-embed-youtube wp-embed-aspect-16-9 wp-has-aspect-ratio\"><div class=\"wp-block-embed__wrapper\">\n<iframe loading=\"lazy\" title=\"[Bande-annonce] Astrid et Rapha\u00eblle, saison 6\" width=\"800\" height=\"450\" src=\"https:\/\/www.youtube.com\/embed\/PQfiIZOA6MY?feature=oembed\" frameborder=\"0\" allow=\"accelerometer; autoplay; clipboard-write; encrypted-media; gyroscope; picture-in-picture; web-share\" referrerpolicy=\"strict-origin-when-cross-origin\" allowfullscreen><\/iframe>\n<\/div><\/figure>\n\n\n\n<p>Cr\u00e9\u00e9e en 2019, la <strong>s\u00e9rie<\/strong> <strong><em>Astrid et Rapha\u00eblle<\/em><\/strong> met en sc\u00e8ne une enqu\u00eatrice autiste, Astrid Nielsen, brillamment interpr\u00e9t\u00e9e par <strong>Sara Mortensen<\/strong> (r\u00e9cemment vue dans le biopic consacr\u00e9 \u00e0 Filip Nikolic sur TF1). <br>La <strong>nouvelle saison<\/strong> d&rsquo;<em><strong>Astrid et Rapha\u00eblle<\/strong><\/em> comporte 8 \u00e9pisodes, la premi\u00e8re moiti\u00e9 est r\u00e9alis\u00e9e par Julien Seri (<em>Kali<\/em> sur <a href=\"https:\/\/1jour1sortie.com\/index.php\/2025\/07\/28\/ces-bons-films-et-autres-programmes-a-voir-sur-netflix-et-prime-video\/\">Netflix<\/a>&#8230;) et la seconde moiti\u00e9 par Kamir A\u00efnouz (le film <em>Cigare au miel <\/em>en 2020). Autour de <strong>Sara Mortensen<\/strong>, il y a toujours<strong> Lola Dewaere<\/strong> (dans le r\u00f4le de la commandante Rapha\u00eblle Coste), <strong>Beno\u00eet  Michel<\/strong> (le capitaine Nicolas Perran),<strong> Jean-Louis Gar\u00e7on<\/strong> (commissaire Bachert) et Sophia Yamna (Norah Mansour).<\/p>\n\n\n\n<p>Cette <strong>saison 6<\/strong> accueillent quelques com\u00e9diens invit\u00e9s : <strong>Eric Laugerias<\/strong>, <strong>Charlotte Gaccio<\/strong>, <strong>Aur\u00e9lien Wiik,<\/strong> <strong>Shirley Bousquet<\/strong>, <a href=\"https:\/\/1jour1sortie.com\/index.php\/2025\/05\/18\/le-petit-dernier-le-one-man-show-dolivier-de-benoist-diffuse-a-la-tele\/\"><strong>Olivier de Benoist<\/strong>,<\/a> <strong>Guillaume Faure <\/strong>(Louis dans <em>Plus belle la vie<\/em>) ou encore la tr\u00e8s prometteuse <strong>Alice Cornillac<\/strong>. <br>Si en fin de saison 5, la<strong> s\u00e9rie <\/strong>nous laissait en suspens au mariage interrompu d&rsquo;Astrid et Tetsuo (<strong>Kengo Saito<\/strong>), interrompu apr\u00e8s un accident dont \u00e9tait victime Rapha\u00eblle, les cons\u00e9quences de cet accident sur la sant\u00e9 de la commandante de police font partie int\u00e9grante des nouvelles intrigues, tout comme l&rsquo;avenir du couple Astrid \/ Tetsuo.<br> La<strong> saison 6 <\/strong>d\u00e9marre par un double \u00e9pisode o\u00f9 il est question de paranormal, de fantastique et de chasseurs de fant\u00f4mes. La suite de la saison garde le m\u00eame cap, avec un \u00e9pisode sur des croyances autour d&rsquo;une statuette africaine et un autre assez tourn\u00e9 sur la religion. L&rsquo;\u00e9pisode 4, est bas\u00e9 sur la science et plus pr\u00e9cis\u00e9ment sur les math\u00e9matiques, tandis que le 6 prend place dans un data center et l&rsquo;ultime dans l&rsquo;univers de la <a href=\"https:\/\/1jour1sortie.com\/index.php\/2024\/08\/07\/hotel-dracula-a-paris-lexperience-vr-pour-visiter-le-chateau-du-roi-des-vampires\/\">r\u00e9alit\u00e9 virtuelle<\/a>. Un autre \u00e9pisode de la saison revient sur une affaire que les enqu\u00eateurs ont trait\u00e9 en 2020, pendant le Covid. Un meurtre sans corps qui n&rsquo;est pas sans rappeler l&rsquo;affaire Jubilar. <br>Une 6\u00e8me saison ax\u00e9e sur les sciences et les croyances, tr\u00e8s int\u00e9ressante, dont la fin laisse en suspens l&rsquo;avenir professionnel des deux h\u00e9ro\u00efnes.<\/p>\n\n\n\n<p class=\"has-small-font-size\"><em>Astrid et Rapha\u00eblle<\/em><br>Avec Lola Dewaere, Sara Mortensen, Beno\u00eet Michel, Jean-Louis Gar\u00e7on&#8230;<br>Sur France 2, les vendredis \u00e0 partir du 24\/10\/25<br><\/p>\n\n\n\n<p><br><\/p>\n\n\n\n<p><\/p>\n","protected":false},"excerpt":{"rendered":"<p>La s\u00e9rie polici\u00e8re \u00ab\u00a0Astrid et Rapha\u00eblle\u00a0\u00bb revient sur France 6 pour une saison 6. Toujours magistralement interpr\u00e9t\u00e9e par Sara Mortensen<\/p>\n","protected":false},"author":1,"featured_media":2522,"comment_status":"open","ping_status":"open","sticky":false,"template":"","format":"standard","meta":{"colormag_page_container_layout":"default_layout","colormag_page_sidebar_layout":"default_layout","_jetpack_memberships_contains_paid_content":false,"footnotes":"","jetpack_publicize_message":"","jetpack_publicize_feature_enabled":true,"jetpack_social_post_already_shared":false,"jetpack_social_options":{"image_generator_settings":{"template":"highway","default_image_id":0,"font":"","enabled":false},"version":2}},"categories":[1103],"tags":[1773,1767,1771,1774,1770,936,776,778,1778,1768,1214,1769,698,1754,775,700,1772,40,41,48],"class_list":["post-2518","post","type-post","status-publish","format-standard","has-post-thumbnail","hentry","category-tv-series","tag-alice-cornillac","tag-astrid-et-raphaelle","tag-aurelien-wiik","tag-benoit-michel","tag-charlotte-gaccio","tag-eric-laugerias","tag-fiction","tag-france-2","tag-guillaume-faure","tag-lola-dewaere","tag-olivier-de-benoist","tag-sara-mortensen","tag-serie","tag-serie-policiere","tag-serie-tele-2","tag-serie-tv","tag-shirley-bousquet","tag-tele","tag-television","tag-tv"],"yoast_head":"<!-- This site is optimized with the Yoast SEO plugin v27.2 - https:\/\/yoast.com\/product\/yoast-seo-wordpress\/ -->\n<title>La s\u00e9rie Astrid et Rapha\u00eblle, de retour sur France 2, pour une 6\u00e8me saison - 1 Jour 1 Sortie<\/title>\n<meta name=\"robots\" content=\"index, follow, max-snippet:-1, max-image-preview:large, max-video-preview:-1\" \/>\n<link rel=\"canonical\" href=\"https:\/\/1jour1sortie.com\/index.php\/2025\/10\/24\/la-serie-astrid-et-raphaelle-de-retour-sur-france-2-pour-une-6eme-saison\/\" \/>\n<meta property=\"og:locale\" content=\"fr_FR\" \/>\n<meta property=\"og:type\" content=\"article\" \/>\n<meta property=\"og:title\" content=\"La s\u00e9rie Astrid et Rapha\u00eblle, de retour sur France 2, pour une 6\u00e8me saison - 1 Jour 1 Sortie\" \/>\n<meta property=\"og:description\" content=\"La s\u00e9rie polici\u00e8re \u00ab\u00a0Astrid et Rapha\u00eblle\u00a0\u00bb revient sur France 6 pour une saison 6. Toujours magistralement interpr\u00e9t\u00e9e par Sara Mortensen\" \/>\n<meta property=\"og:url\" content=\"https:\/\/1jour1sortie.com\/index.php\/2025\/10\/24\/la-serie-astrid-et-raphaelle-de-retour-sur-france-2-pour-une-6eme-saison\/\" \/>\n<meta property=\"og:site_name\" content=\"1 Jour 1 Sortie\" \/>\n<meta property=\"article:published_time\" content=\"2025-10-24T04:00:00+00:00\" \/>\n<meta property=\"article:modified_time\" content=\"2025-10-25T08:54:21+00:00\" \/>\n<meta property=\"og:image\" content=\"https:\/\/1jour1sortie.com\/wp-content\/uploads\/2025\/10\/astrid.jpg\" \/>\n\t<meta property=\"og:image:width\" content=\"796\" \/>\n\t<meta property=\"og:image:height\" content=\"448\" \/>\n\t<meta property=\"og:image:type\" content=\"image\/jpeg\" \/>\n<meta name=\"author\" content=\"Laura Bruneau\" \/>\n<meta name=\"twitter:card\" content=\"summary_large_image\" \/>\n<meta name=\"twitter:label1\" content=\"\u00c9crit par\" \/>\n\t<meta name=\"twitter:data1\" content=\"Laura Bruneau\" \/>\n\t<meta name=\"twitter:label2\" content=\"Dur\u00e9e de lecture estim\u00e9e\" \/>\n\t<meta name=\"twitter:data2\" content=\"3 minutes\" \/>\n<script type=\"application\/ld+json\" class=\"yoast-schema-graph\">{\"@context\":\"https:\/\/schema.org\",\"@graph\":[{\"@type\":\"Article\",\"@id\":\"https:\/\/1jour1sortie.com\/index.php\/2025\/10\/24\/la-serie-astrid-et-raphaelle-de-retour-sur-france-2-pour-une-6eme-saison\/#article\",\"isPartOf\":{\"@id\":\"https:\/\/1jour1sortie.com\/index.php\/2025\/10\/24\/la-serie-astrid-et-raphaelle-de-retour-sur-france-2-pour-une-6eme-saison\/\"},\"author\":{\"name\":\"Laura Bruneau\",\"@id\":\"https:\/\/1jour1sortie.com\/#\/schema\/person\/421cf30a2d8bd17d611a374f6581881a\"},\"headline\":\"La s\u00e9rie Astrid et Rapha\u00eblle, de retour sur France 2, pour une 6\u00e8me saison\",\"datePublished\":\"2025-10-24T04:00:00+00:00\",\"dateModified\":\"2025-10-25T08:54:21+00:00\",\"mainEntityOfPage\":{\"@id\":\"https:\/\/1jour1sortie.com\/index.php\/2025\/10\/24\/la-serie-astrid-et-raphaelle-de-retour-sur-france-2-pour-une-6eme-saison\/\"},\"wordCount\":499,\"commentCount\":1,\"publisher\":{\"@id\":\"https:\/\/1jour1sortie.com\/#\/schema\/person\/421cf30a2d8bd17d611a374f6581881a\"},\"image\":{\"@id\":\"https:\/\/1jour1sortie.com\/index.php\/2025\/10\/24\/la-serie-astrid-et-raphaelle-de-retour-sur-france-2-pour-une-6eme-saison\/#primaryimage\"},\"thumbnailUrl\":\"https:\/\/1jour1sortie.com\/wp-content\/uploads\/2025\/10\/astrid.jpg\",\"keywords\":[\"alice cornillac\",\"astrid et rapha\u00eblle\",\"aur\u00e9lien wiik\",\"benoit michel\",\"charlotte gaccio\",\"eric laugerias\",\"fiction\",\"France 2\",\"guillaume faure\",\"lola dewaere\",\"olivier de benoist\",\"sara mortensen\",\"s\u00e9rie\",\"s\u00e9rie polici\u00e8re\",\"s\u00e9rie t\u00e9l\u00e9\",\"s\u00e9rie tv\",\"shirley bousquet\",\"t\u00e9l\u00e9\",\"t\u00e9l\u00e9vision\",\"TV\"],\"articleSection\":[\"TV &amp; S\u00e9ries\"],\"inLanguage\":\"fr-FR\",\"potentialAction\":[{\"@type\":\"CommentAction\",\"name\":\"Comment\",\"target\":[\"https:\/\/1jour1sortie.com\/index.php\/2025\/10\/24\/la-serie-astrid-et-raphaelle-de-retour-sur-france-2-pour-une-6eme-saison\/#respond\"]}]},{\"@type\":\"WebPage\",\"@id\":\"https:\/\/1jour1sortie.com\/index.php\/2025\/10\/24\/la-serie-astrid-et-raphaelle-de-retour-sur-france-2-pour-une-6eme-saison\/\",\"url\":\"https:\/\/1jour1sortie.com\/index.php\/2025\/10\/24\/la-serie-astrid-et-raphaelle-de-retour-sur-france-2-pour-une-6eme-saison\/\",\"name\":\"La s\u00e9rie Astrid et Rapha\u00eblle, de retour sur France 2, pour une 6\u00e8me saison - 1 Jour 1 Sortie\",\"isPartOf\":{\"@id\":\"https:\/\/1jour1sortie.com\/#website\"},\"primaryImageOfPage\":{\"@id\":\"https:\/\/1jour1sortie.com\/index.php\/2025\/10\/24\/la-serie-astrid-et-raphaelle-de-retour-sur-france-2-pour-une-6eme-saison\/#primaryimage\"},\"image\":{\"@id\":\"https:\/\/1jour1sortie.com\/index.php\/2025\/10\/24\/la-serie-astrid-et-raphaelle-de-retour-sur-france-2-pour-une-6eme-saison\/#primaryimage\"},\"thumbnailUrl\":\"https:\/\/1jour1sortie.com\/wp-content\/uploads\/2025\/10\/astrid.jpg\",\"datePublished\":\"2025-10-24T04:00:00+00:00\",\"dateModified\":\"2025-10-25T08:54:21+00:00\",\"breadcrumb\":{\"@id\":\"https:\/\/1jour1sortie.com\/index.php\/2025\/10\/24\/la-serie-astrid-et-raphaelle-de-retour-sur-france-2-pour-une-6eme-saison\/#breadcrumb\"},\"inLanguage\":\"fr-FR\",\"potentialAction\":[{\"@type\":\"ReadAction\",\"target\":[\"https:\/\/1jour1sortie.com\/index.php\/2025\/10\/24\/la-serie-astrid-et-raphaelle-de-retour-sur-france-2-pour-une-6eme-saison\/\"]}]},{\"@type\":\"ImageObject\",\"inLanguage\":\"fr-FR\",\"@id\":\"https:\/\/1jour1sortie.com\/index.php\/2025\/10\/24\/la-serie-astrid-et-raphaelle-de-retour-sur-france-2-pour-une-6eme-saison\/#primaryimage\",\"url\":\"https:\/\/1jour1sortie.com\/wp-content\/uploads\/2025\/10\/astrid.jpg\",\"contentUrl\":\"https:\/\/1jour1sortie.com\/wp-content\/uploads\/2025\/10\/astrid.jpg\",\"width\":796,\"height\":448,\"caption\":\"Astrid et Rapha\u00eblle, saison 6\"},{\"@type\":\"BreadcrumbList\",\"@id\":\"https:\/\/1jour1sortie.com\/index.php\/2025\/10\/24\/la-serie-astrid-et-raphaelle-de-retour-sur-france-2-pour-une-6eme-saison\/#breadcrumb\",\"itemListElement\":[{\"@type\":\"ListItem\",\"position\":1,\"name\":\"Accueil\",\"item\":\"https:\/\/1jour1sortie.com\/\"},{\"@type\":\"ListItem\",\"position\":2,\"name\":\"La s\u00e9rie Astrid et Rapha\u00eblle, de retour sur France 2, pour une 6\u00e8me saison\"}]},{\"@type\":\"WebSite\",\"@id\":\"https:\/\/1jour1sortie.com\/#website\",\"url\":\"https:\/\/1jour1sortie.com\/\",\"name\":\"1 Jour 1 Sortie\",\"description\":\"Par Laura Bruneau\",\"publisher\":{\"@id\":\"https:\/\/1jour1sortie.com\/#\/schema\/person\/421cf30a2d8bd17d611a374f6581881a\"},\"potentialAction\":[{\"@type\":\"SearchAction\",\"target\":{\"@type\":\"EntryPoint\",\"urlTemplate\":\"https:\/\/1jour1sortie.com\/?s={search_term_string}\"},\"query-input\":{\"@type\":\"PropertyValueSpecification\",\"valueRequired\":true,\"valueName\":\"search_term_string\"}}],\"inLanguage\":\"fr-FR\"},{\"@type\":[\"Person\",\"Organization\"],\"@id\":\"https:\/\/1jour1sortie.com\/#\/schema\/person\/421cf30a2d8bd17d611a374f6581881a\",\"name\":\"Laura Bruneau\",\"image\":{\"@type\":\"ImageObject\",\"inLanguage\":\"fr-FR\",\"@id\":\"https:\/\/secure.gravatar.com\/avatar\/8291dab2ef06499abccb64ced18b956a811c146e7f11c5e16b7e8eaf1dfccffc?s=96&d=mm&r=g\",\"url\":\"https:\/\/secure.gravatar.com\/avatar\/8291dab2ef06499abccb64ced18b956a811c146e7f11c5e16b7e8eaf1dfccffc?s=96&d=mm&r=g\",\"contentUrl\":\"https:\/\/secure.gravatar.com\/avatar\/8291dab2ef06499abccb64ced18b956a811c146e7f11c5e16b7e8eaf1dfccffc?s=96&d=mm&r=g\",\"caption\":\"Laura Bruneau\"},\"logo\":{\"@id\":\"https:\/\/secure.gravatar.com\/avatar\/8291dab2ef06499abccb64ced18b956a811c146e7f11c5e16b7e8eaf1dfccffc?s=96&d=mm&r=g\"},\"sameAs\":[\"http:\/\/1jour1sortie.com\"],\"url\":\"https:\/\/1jour1sortie.com\/index.php\/author\/admin6732\/\"}]}<\/script>\n<!-- \/ Yoast SEO plugin. -->","yoast_head_json":{"title":"La s\u00e9rie Astrid et Rapha\u00eblle, de retour sur France 2, pour une 6\u00e8me saison - 1 Jour 1 Sortie","robots":{"index":"index","follow":"follow","max-snippet":"max-snippet:-1","max-image-preview":"max-image-preview:large","max-video-preview":"max-video-preview:-1"},"canonical":"https:\/\/1jour1sortie.com\/index.php\/2025\/10\/24\/la-serie-astrid-et-raphaelle-de-retour-sur-france-2-pour-une-6eme-saison\/","og_locale":"fr_FR","og_type":"article","og_title":"La s\u00e9rie Astrid et Rapha\u00eblle, de retour sur France 2, pour une 6\u00e8me saison - 1 Jour 1 Sortie","og_description":"La s\u00e9rie polici\u00e8re \u00ab\u00a0Astrid et Rapha\u00eblle\u00a0\u00bb revient sur France 6 pour une saison 6. Toujours magistralement interpr\u00e9t\u00e9e par Sara Mortensen","og_url":"https:\/\/1jour1sortie.com\/index.php\/2025\/10\/24\/la-serie-astrid-et-raphaelle-de-retour-sur-france-2-pour-une-6eme-saison\/","og_site_name":"1 Jour 1 Sortie","article_published_time":"2025-10-24T04:00:00+00:00","article_modified_time":"2025-10-25T08:54:21+00:00","og_image":[{"width":796,"height":448,"url":"https:\/\/1jour1sortie.com\/wp-content\/uploads\/2025\/10\/astrid.jpg","type":"image\/jpeg"}],"author":"Laura Bruneau","twitter_card":"summary_large_image","twitter_misc":{"\u00c9crit par":"Laura Bruneau","Dur\u00e9e de lecture estim\u00e9e":"3 minutes"},"schema":{"@context":"https:\/\/schema.org","@graph":[{"@type":"Article","@id":"https:\/\/1jour1sortie.com\/index.php\/2025\/10\/24\/la-serie-astrid-et-raphaelle-de-retour-sur-france-2-pour-une-6eme-saison\/#article","isPartOf":{"@id":"https:\/\/1jour1sortie.com\/index.php\/2025\/10\/24\/la-serie-astrid-et-raphaelle-de-retour-sur-france-2-pour-une-6eme-saison\/"},"author":{"name":"Laura Bruneau","@id":"https:\/\/1jour1sortie.com\/#\/schema\/person\/421cf30a2d8bd17d611a374f6581881a"},"headline":"La s\u00e9rie Astrid et Rapha\u00eblle, de retour sur France 2, pour une 6\u00e8me saison","datePublished":"2025-10-24T04:00:00+00:00","dateModified":"2025-10-25T08:54:21+00:00","mainEntityOfPage":{"@id":"https:\/\/1jour1sortie.com\/index.php\/2025\/10\/24\/la-serie-astrid-et-raphaelle-de-retour-sur-france-2-pour-une-6eme-saison\/"},"wordCount":499,"commentCount":1,"publisher":{"@id":"https:\/\/1jour1sortie.com\/#\/schema\/person\/421cf30a2d8bd17d611a374f6581881a"},"image":{"@id":"https:\/\/1jour1sortie.com\/index.php\/2025\/10\/24\/la-serie-astrid-et-raphaelle-de-retour-sur-france-2-pour-une-6eme-saison\/#primaryimage"},"thumbnailUrl":"https:\/\/1jour1sortie.com\/wp-content\/uploads\/2025\/10\/astrid.jpg","keywords":["alice cornillac","astrid et rapha\u00eblle","aur\u00e9lien wiik","benoit michel","charlotte gaccio","eric laugerias","fiction","France 2","guillaume faure","lola dewaere","olivier de benoist","sara mortensen","s\u00e9rie","s\u00e9rie polici\u00e8re","s\u00e9rie t\u00e9l\u00e9","s\u00e9rie tv","shirley bousquet","t\u00e9l\u00e9","t\u00e9l\u00e9vision","TV"],"articleSection":["TV &amp; S\u00e9ries"],"inLanguage":"fr-FR","potentialAction":[{"@type":"CommentAction","name":"Comment","target":["https:\/\/1jour1sortie.com\/index.php\/2025\/10\/24\/la-serie-astrid-et-raphaelle-de-retour-sur-france-2-pour-une-6eme-saison\/#respond"]}]},{"@type":"WebPage","@id":"https:\/\/1jour1sortie.com\/index.php\/2025\/10\/24\/la-serie-astrid-et-raphaelle-de-retour-sur-france-2-pour-une-6eme-saison\/","url":"https:\/\/1jour1sortie.com\/index.php\/2025\/10\/24\/la-serie-astrid-et-raphaelle-de-retour-sur-france-2-pour-une-6eme-saison\/","name":"La s\u00e9rie Astrid et Rapha\u00eblle, de retour sur France 2, pour une 6\u00e8me saison - 1 Jour 1 Sortie","isPartOf":{"@id":"https:\/\/1jour1sortie.com\/#website"},"primaryImageOfPage":{"@id":"https:\/\/1jour1sortie.com\/index.php\/2025\/10\/24\/la-serie-astrid-et-raphaelle-de-retour-sur-france-2-pour-une-6eme-saison\/#primaryimage"},"image":{"@id":"https:\/\/1jour1sortie.com\/index.php\/2025\/10\/24\/la-serie-astrid-et-raphaelle-de-retour-sur-france-2-pour-une-6eme-saison\/#primaryimage"},"thumbnailUrl":"https:\/\/1jour1sortie.com\/wp-content\/uploads\/2025\/10\/astrid.jpg","datePublished":"2025-10-24T04:00:00+00:00","dateModified":"2025-10-25T08:54:21+00:00","breadcrumb":{"@id":"https:\/\/1jour1sortie.com\/index.php\/2025\/10\/24\/la-serie-astrid-et-raphaelle-de-retour-sur-france-2-pour-une-6eme-saison\/#breadcrumb"},"inLanguage":"fr-FR","potentialAction":[{"@type":"ReadAction","target":["https:\/\/1jour1sortie.com\/index.php\/2025\/10\/24\/la-serie-astrid-et-raphaelle-de-retour-sur-france-2-pour-une-6eme-saison\/"]}]},{"@type":"ImageObject","inLanguage":"fr-FR","@id":"https:\/\/1jour1sortie.com\/index.php\/2025\/10\/24\/la-serie-astrid-et-raphaelle-de-retour-sur-france-2-pour-une-6eme-saison\/#primaryimage","url":"https:\/\/1jour1sortie.com\/wp-content\/uploads\/2025\/10\/astrid.jpg","contentUrl":"https:\/\/1jour1sortie.com\/wp-content\/uploads\/2025\/10\/astrid.jpg","width":796,"height":448,"caption":"Astrid et Rapha\u00eblle, saison 6"},{"@type":"BreadcrumbList","@id":"https:\/\/1jour1sortie.com\/index.php\/2025\/10\/24\/la-serie-astrid-et-raphaelle-de-retour-sur-france-2-pour-une-6eme-saison\/#breadcrumb","itemListElement":[{"@type":"ListItem","position":1,"name":"Accueil","item":"https:\/\/1jour1sortie.com\/"},{"@type":"ListItem","position":2,"name":"La s\u00e9rie Astrid et Rapha\u00eblle, de retour sur France 2, pour une 6\u00e8me saison"}]},{"@type":"WebSite","@id":"https:\/\/1jour1sortie.com\/#website","url":"https:\/\/1jour1sortie.com\/","name":"1 Jour 1 Sortie","description":"Par Laura Bruneau","publisher":{"@id":"https:\/\/1jour1sortie.com\/#\/schema\/person\/421cf30a2d8bd17d611a374f6581881a"},"potentialAction":[{"@type":"SearchAction","target":{"@type":"EntryPoint","urlTemplate":"https:\/\/1jour1sortie.com\/?s={search_term_string}"},"query-input":{"@type":"PropertyValueSpecification","valueRequired":true,"valueName":"search_term_string"}}],"inLanguage":"fr-FR"},{"@type":["Person","Organization"],"@id":"https:\/\/1jour1sortie.com\/#\/schema\/person\/421cf30a2d8bd17d611a374f6581881a","name":"Laura Bruneau","image":{"@type":"ImageObject","inLanguage":"fr-FR","@id":"https:\/\/secure.gravatar.com\/avatar\/8291dab2ef06499abccb64ced18b956a811c146e7f11c5e16b7e8eaf1dfccffc?s=96&d=mm&r=g","url":"https:\/\/secure.gravatar.com\/avatar\/8291dab2ef06499abccb64ced18b956a811c146e7f11c5e16b7e8eaf1dfccffc?s=96&d=mm&r=g","contentUrl":"https:\/\/secure.gravatar.com\/avatar\/8291dab2ef06499abccb64ced18b956a811c146e7f11c5e16b7e8eaf1dfccffc?s=96&d=mm&r=g","caption":"Laura Bruneau"},"logo":{"@id":"https:\/\/secure.gravatar.com\/avatar\/8291dab2ef06499abccb64ced18b956a811c146e7f11c5e16b7e8eaf1dfccffc?s=96&d=mm&r=g"},"sameAs":["http:\/\/1jour1sortie.com"],"url":"https:\/\/1jour1sortie.com\/index.php\/author\/admin6732\/"}]}},"jetpack_publicize_connections":[],"jetpack_featured_media_url":"https:\/\/1jour1sortie.com\/wp-content\/uploads\/2025\/10\/astrid.jpg","jetpack_sharing_enabled":true,"_links":{"self":[{"href":"https:\/\/1jour1sortie.com\/index.php\/wp-json\/wp\/v2\/posts\/2518","targetHints":{"allow":["GET"]}}],"collection":[{"href":"https:\/\/1jour1sortie.com\/index.php\/wp-json\/wp\/v2\/posts"}],"about":[{"href":"https:\/\/1jour1sortie.com\/index.php\/wp-json\/wp\/v2\/types\/post"}],"author":[{"embeddable":true,"href":"https:\/\/1jour1sortie.com\/index.php\/wp-json\/wp\/v2\/users\/1"}],"replies":[{"embeddable":true,"href":"https:\/\/1jour1sortie.com\/index.php\/wp-json\/wp\/v2\/comments?post=2518"}],"version-history":[{"count":8,"href":"https:\/\/1jour1sortie.com\/index.php\/wp-json\/wp\/v2\/posts\/2518\/revisions"}],"predecessor-version":[{"id":2549,"href":"https:\/\/1jour1sortie.com\/index.php\/wp-json\/wp\/v2\/posts\/2518\/revisions\/2549"}],"wp:featuredmedia":[{"embeddable":true,"href":"https:\/\/1jour1sortie.com\/index.php\/wp-json\/wp\/v2\/media\/2522"}],"wp:attachment":[{"href":"https:\/\/1jour1sortie.com\/index.php\/wp-json\/wp\/v2\/media?parent=2518"}],"wp:term":[{"taxonomy":"category","embeddable":true,"href":"https:\/\/1jour1sortie.com\/index.php\/wp-json\/wp\/v2\/categories?post=2518"},{"taxonomy":"post_tag","embeddable":true,"href":"https:\/\/1jour1sortie.com\/index.php\/wp-json\/wp\/v2\/tags?post=2518"}],"curies":[{"name":"wp","href":"https:\/\/api.w.org\/{rel}","templated":true}]}}