{"id":237,"date":"2023-11-23T12:11:48","date_gmt":"2023-11-23T11:11:48","guid":{"rendered":"https:\/\/1jour1sortie.com\/?p=237"},"modified":"2023-11-23T12:11:48","modified_gmt":"2023-11-23T11:11:48","slug":"filipe-da-assuncao-le-nouveau-chef-de-lhotel-du-collectionneur-presente-sa-buche-de-noel","status":"publish","type":"post","link":"https:\/\/1jour1sortie.com\/index.php\/2023\/11\/23\/filipe-da-assuncao-le-nouveau-chef-de-lhotel-du-collectionneur-presente-sa-buche-de-noel\/","title":{"rendered":"Filipe Da Assun\u00e7ao, le nouveau chef de l&rsquo;h\u00f4tel du Collectionneur, pr\u00e9sente sa b\u00fbche de No\u00ebl"},"content":{"rendered":"\n<p><em>L&rsquo;H\u00f4tel du Collectionneur, \u00e9tablissement 5 \u00e9toiles parisien, a recrut\u00e9 un nouveau chef pour ses cuisines, Filipe Da Assun\u00e7ao (MOF). Le cuisinier pr\u00e9sente sa premi\u00e8re cr\u00e9ation pour l&rsquo;h\u00f4tel, \u00e0 l&rsquo;occasion des f\u00eates de fin d&rsquo;ann\u00e9e : sa b\u00fbche de No\u00ebl. <\/em><\/p>\n\n\n\n<p>L<strong>&lsquo;h\u00f4tel du Collectionneur<\/strong>, le plus grand h\u00f4tel 5 \u00e9toiles de <strong>Paris<\/strong>, dont aucune chambre ne mesure moins de 30 m\u00e8tres carr\u00e9, en cet hiver 2023 \/ 2024, a recrut\u00e9 un nouveau chef pour revoir son offre de restauration. C&rsquo;est<strong> Filipe Da Assun\u00e7ao<\/strong>, Meilleur Ouvrier de France 1996, qui vient de prendre la t\u00eate des cuisines du Collectionneur. Ainsi, il vient d&rsquo;ouvrir le restaurant et bar Le Collectionneur alors qu&rsquo;il y a \u00e0 peine quelques mois en arri\u00e8re, l&rsquo;h\u00f4tel du Collectionneur accueillait encore en location g\u00e9rance dans ses espaces le restaurant festif <a href=\"https:\/\/www.sortiraparis.com\/hotel-restaurant\/restaurant\/articles\/291498-salvaje-devoile-sa-terrasse-sauvage-et-cachee-pour-l-ete-2023\">Salvaje<\/a>. <\/p>\n\n\n\n<p>J&rsquo;avais d\u00e9couvert les talents culinaires du chef Filipe Da Assun\u00e7ao en 2019, alors qu&rsquo;il officiait encore au palace Le Royal Monceau o\u00f9 il avait d\u00e9croch\u00e9 une \u00e9toile au restaurant Il Carpaccio. Filipe Da Assun\u00e7ao avait<a href=\"https:\/\/www.sortiraparis.com\/luxe\/restaurants-gastronomie\/articles\/201046-serra-la-salle-a-manger-ephemere-du-royal-monceau\"> cr\u00e9\u00e9 un menu autour des l\u00e9gumes anciens<\/a> en accord mets et champagns pour la maison Ruinart qui y avait install\u00e9 une table \u00e9ph\u00e9m\u00e8re. Un menu qui, quatre ann\u00e9es plus tard, laisse encore un d\u00e9licieux souvenir. <\/p>\n\n\n\n<figure class=\"wp-block-image size-large is-resized\"><img loading=\"lazy\" decoding=\"async\" width=\"868\" height=\"1024\" src=\"https:\/\/1jour1sortie.com\/wp-content\/uploads\/2023\/11\/368099472_1340293466850686_8223777276893639250_n_GF-868x1024.jpg\" alt=\"\" class=\"wp-image-240\" style=\"width:624px;height:auto\" srcset=\"https:\/\/1jour1sortie.com\/wp-content\/uploads\/2023\/11\/368099472_1340293466850686_8223777276893639250_n_GF-868x1024.jpg 868w, https:\/\/1jour1sortie.com\/wp-content\/uploads\/2023\/11\/368099472_1340293466850686_8223777276893639250_n_GF-254x300.jpg 254w, https:\/\/1jour1sortie.com\/wp-content\/uploads\/2023\/11\/368099472_1340293466850686_8223777276893639250_n_GF-768x906.jpg 768w, https:\/\/1jour1sortie.com\/wp-content\/uploads\/2023\/11\/368099472_1340293466850686_8223777276893639250_n_GF-1302x1536.jpg 1302w, https:\/\/1jour1sortie.com\/wp-content\/uploads\/2023\/11\/368099472_1340293466850686_8223777276893639250_n_GF.jpg 1512w\" sizes=\"auto, (max-width: 868px) 100vw, 868px\" \/><\/figure>\n\n\n\n<p>Filipe Da Assun\u00e7ao, outre la carte du nouveau restaurant Le Collectionneur, signe aussi la b\u00fbche de No\u00ebl de l&rsquo;h\u00f4tel. Une b\u00fbche pour laquelle il a opt\u00e9 pour des saveurs rassurantes et consensuelles : la vanille et le chocolat. Un m\u00e9lange qui fonctionne toujours (la b\u00fbche de 6-8 personnes est propos\u00e9e \u00e0 90 euros du 15 au 25 d\u00e9cembre 2023). <\/p>\n","protected":false},"excerpt":{"rendered":"<p>L&rsquo;H\u00f4tel du Collectionneur, \u00e9tablissement 5 \u00e9toiles parisien, a recrut\u00e9 un nouveau chef pour ses cuisines, Filipe Da Assun\u00e7ao (MOF). Le<\/p>\n","protected":false},"author":1,"featured_media":238,"comment_status":"open","ping_status":"open","sticky":false,"template":"","format":"standard","meta":{"colormag_page_container_layout":"default_layout","colormag_page_sidebar_layout":"default_layout","_jetpack_memberships_contains_paid_content":false,"footnotes":"","jetpack_publicize_message":"","jetpack_publicize_feature_enabled":true,"jetpack_social_post_already_shared":false,"jetpack_social_options":{"image_generator_settings":{"template":"highway","default_image_id":0,"font":"","enabled":false},"version":2}},"categories":[119],"tags":[122,120,121,123],"class_list":["post-237","post","type-post","status-publish","format-standard","has-post-thumbnail","hentry","category-gourmandises","tag-buche-de-noel","tag-filipe-da-assuncao","tag-gastronomie","tag-hotel-du-collectionneur"],"yoast_head":"<!-- This site is optimized with the Yoast SEO plugin v27.2 - https:\/\/yoast.com\/product\/yoast-seo-wordpress\/ -->\n<title>Filipe Da Assun\u00e7ao, le nouveau chef de l&#039;h\u00f4tel du Collectionneur, pr\u00e9sente sa b\u00fbche de No\u00ebl - 1 Jour 1 Sortie<\/title>\n<meta name=\"robots\" content=\"index, follow, max-snippet:-1, max-image-preview:large, max-video-preview:-1\" \/>\n<link rel=\"canonical\" href=\"https:\/\/1jour1sortie.com\/index.php\/2023\/11\/23\/filipe-da-assuncao-le-nouveau-chef-de-lhotel-du-collectionneur-presente-sa-buche-de-noel\/\" \/>\n<meta property=\"og:locale\" content=\"fr_FR\" \/>\n<meta property=\"og:type\" content=\"article\" \/>\n<meta property=\"og:title\" content=\"Filipe Da Assun\u00e7ao, le nouveau chef de l&#039;h\u00f4tel du Collectionneur, pr\u00e9sente sa b\u00fbche de No\u00ebl - 1 Jour 1 Sortie\" \/>\n<meta property=\"og:description\" content=\"L&rsquo;H\u00f4tel du Collectionneur, \u00e9tablissement 5 \u00e9toiles parisien, a recrut\u00e9 un nouveau chef pour ses cuisines, Filipe Da Assun\u00e7ao (MOF). Le\" \/>\n<meta property=\"og:url\" content=\"https:\/\/1jour1sortie.com\/index.php\/2023\/11\/23\/filipe-da-assuncao-le-nouveau-chef-de-lhotel-du-collectionneur-presente-sa-buche-de-noel\/\" \/>\n<meta property=\"og:site_name\" content=\"1 Jour 1 Sortie\" \/>\n<meta property=\"article:published_time\" content=\"2023-11-23T11:11:48+00:00\" \/>\n<meta property=\"og:image\" content=\"https:\/\/1jour1sortie.com\/wp-content\/uploads\/2023\/11\/370231403_1069522804477455_5897671613557359916_n_GF.jpg\" \/>\n\t<meta property=\"og:image:width\" content=\"2016\" \/>\n\t<meta property=\"og:image:height\" content=\"1512\" \/>\n\t<meta property=\"og:image:type\" content=\"image\/jpeg\" \/>\n<meta name=\"author\" content=\"Laura Bruneau\" \/>\n<meta name=\"twitter:card\" content=\"summary_large_image\" \/>\n<meta name=\"twitter:label1\" content=\"\u00c9crit par\" \/>\n\t<meta name=\"twitter:data1\" content=\"Laura Bruneau\" \/>\n\t<meta name=\"twitter:label2\" content=\"Dur\u00e9e de lecture estim\u00e9e\" \/>\n\t<meta name=\"twitter:data2\" content=\"2 minutes\" \/>\n<script type=\"application\/ld+json\" class=\"yoast-schema-graph\">{\"@context\":\"https:\/\/schema.org\",\"@graph\":[{\"@type\":\"Article\",\"@id\":\"https:\/\/1jour1sortie.com\/index.php\/2023\/11\/23\/filipe-da-assuncao-le-nouveau-chef-de-lhotel-du-collectionneur-presente-sa-buche-de-noel\/#article\",\"isPartOf\":{\"@id\":\"https:\/\/1jour1sortie.com\/index.php\/2023\/11\/23\/filipe-da-assuncao-le-nouveau-chef-de-lhotel-du-collectionneur-presente-sa-buche-de-noel\/\"},\"author\":{\"name\":\"Laura Bruneau\",\"@id\":\"https:\/\/1jour1sortie.com\/#\/schema\/person\/421cf30a2d8bd17d611a374f6581881a\"},\"headline\":\"Filipe Da Assun\u00e7ao, le nouveau chef de l&rsquo;h\u00f4tel du Collectionneur, pr\u00e9sente sa b\u00fbche de No\u00ebl\",\"datePublished\":\"2023-11-23T11:11:48+00:00\",\"mainEntityOfPage\":{\"@id\":\"https:\/\/1jour1sortie.com\/index.php\/2023\/11\/23\/filipe-da-assuncao-le-nouveau-chef-de-lhotel-du-collectionneur-presente-sa-buche-de-noel\/\"},\"wordCount\":312,\"commentCount\":1,\"publisher\":{\"@id\":\"https:\/\/1jour1sortie.com\/#\/schema\/person\/421cf30a2d8bd17d611a374f6581881a\"},\"image\":{\"@id\":\"https:\/\/1jour1sortie.com\/index.php\/2023\/11\/23\/filipe-da-assuncao-le-nouveau-chef-de-lhotel-du-collectionneur-presente-sa-buche-de-noel\/#primaryimage\"},\"thumbnailUrl\":\"https:\/\/1jour1sortie.com\/wp-content\/uploads\/2023\/11\/370231403_1069522804477455_5897671613557359916_n_GF.jpg\",\"keywords\":[\"b\u00fbche de No\u00ebl\",\"filipe da assun\u00e7ao\",\"gastronomie\",\"h\u00f4tel du Collectionneur\"],\"articleSection\":[\"Gourmandises\"],\"inLanguage\":\"fr-FR\",\"potentialAction\":[{\"@type\":\"CommentAction\",\"name\":\"Comment\",\"target\":[\"https:\/\/1jour1sortie.com\/index.php\/2023\/11\/23\/filipe-da-assuncao-le-nouveau-chef-de-lhotel-du-collectionneur-presente-sa-buche-de-noel\/#respond\"]}]},{\"@type\":\"WebPage\",\"@id\":\"https:\/\/1jour1sortie.com\/index.php\/2023\/11\/23\/filipe-da-assuncao-le-nouveau-chef-de-lhotel-du-collectionneur-presente-sa-buche-de-noel\/\",\"url\":\"https:\/\/1jour1sortie.com\/index.php\/2023\/11\/23\/filipe-da-assuncao-le-nouveau-chef-de-lhotel-du-collectionneur-presente-sa-buche-de-noel\/\",\"name\":\"Filipe Da Assun\u00e7ao, le nouveau chef de l'h\u00f4tel du Collectionneur, pr\u00e9sente sa b\u00fbche de No\u00ebl - 1 Jour 1 Sortie\",\"isPartOf\":{\"@id\":\"https:\/\/1jour1sortie.com\/#website\"},\"primaryImageOfPage\":{\"@id\":\"https:\/\/1jour1sortie.com\/index.php\/2023\/11\/23\/filipe-da-assuncao-le-nouveau-chef-de-lhotel-du-collectionneur-presente-sa-buche-de-noel\/#primaryimage\"},\"image\":{\"@id\":\"https:\/\/1jour1sortie.com\/index.php\/2023\/11\/23\/filipe-da-assuncao-le-nouveau-chef-de-lhotel-du-collectionneur-presente-sa-buche-de-noel\/#primaryimage\"},\"thumbnailUrl\":\"https:\/\/1jour1sortie.com\/wp-content\/uploads\/2023\/11\/370231403_1069522804477455_5897671613557359916_n_GF.jpg\",\"datePublished\":\"2023-11-23T11:11:48+00:00\",\"breadcrumb\":{\"@id\":\"https:\/\/1jour1sortie.com\/index.php\/2023\/11\/23\/filipe-da-assuncao-le-nouveau-chef-de-lhotel-du-collectionneur-presente-sa-buche-de-noel\/#breadcrumb\"},\"inLanguage\":\"fr-FR\",\"potentialAction\":[{\"@type\":\"ReadAction\",\"target\":[\"https:\/\/1jour1sortie.com\/index.php\/2023\/11\/23\/filipe-da-assuncao-le-nouveau-chef-de-lhotel-du-collectionneur-presente-sa-buche-de-noel\/\"]}]},{\"@type\":\"ImageObject\",\"inLanguage\":\"fr-FR\",\"@id\":\"https:\/\/1jour1sortie.com\/index.php\/2023\/11\/23\/filipe-da-assuncao-le-nouveau-chef-de-lhotel-du-collectionneur-presente-sa-buche-de-noel\/#primaryimage\",\"url\":\"https:\/\/1jour1sortie.com\/wp-content\/uploads\/2023\/11\/370231403_1069522804477455_5897671613557359916_n_GF.jpg\",\"contentUrl\":\"https:\/\/1jour1sortie.com\/wp-content\/uploads\/2023\/11\/370231403_1069522804477455_5897671613557359916_n_GF.jpg\",\"width\":2016,\"height\":1512,\"caption\":\"B\u00fbche de No\u00ebl 2023 H\u00f4tel du Collectionneur - Filipe Da Assun\u00e7ao\"},{\"@type\":\"BreadcrumbList\",\"@id\":\"https:\/\/1jour1sortie.com\/index.php\/2023\/11\/23\/filipe-da-assuncao-le-nouveau-chef-de-lhotel-du-collectionneur-presente-sa-buche-de-noel\/#breadcrumb\",\"itemListElement\":[{\"@type\":\"ListItem\",\"position\":1,\"name\":\"Accueil\",\"item\":\"https:\/\/1jour1sortie.com\/\"},{\"@type\":\"ListItem\",\"position\":2,\"name\":\"Filipe Da Assun\u00e7ao, le nouveau chef de l&rsquo;h\u00f4tel du Collectionneur, pr\u00e9sente sa b\u00fbche de No\u00ebl\"}]},{\"@type\":\"WebSite\",\"@id\":\"https:\/\/1jour1sortie.com\/#website\",\"url\":\"https:\/\/1jour1sortie.com\/\",\"name\":\"1 Jour 1 Sortie\",\"description\":\"Par Laura Bruneau\",\"publisher\":{\"@id\":\"https:\/\/1jour1sortie.com\/#\/schema\/person\/421cf30a2d8bd17d611a374f6581881a\"},\"potentialAction\":[{\"@type\":\"SearchAction\",\"target\":{\"@type\":\"EntryPoint\",\"urlTemplate\":\"https:\/\/1jour1sortie.com\/?s={search_term_string}\"},\"query-input\":{\"@type\":\"PropertyValueSpecification\",\"valueRequired\":true,\"valueName\":\"search_term_string\"}}],\"inLanguage\":\"fr-FR\"},{\"@type\":[\"Person\",\"Organization\"],\"@id\":\"https:\/\/1jour1sortie.com\/#\/schema\/person\/421cf30a2d8bd17d611a374f6581881a\",\"name\":\"Laura Bruneau\",\"image\":{\"@type\":\"ImageObject\",\"inLanguage\":\"fr-FR\",\"@id\":\"https:\/\/secure.gravatar.com\/avatar\/8291dab2ef06499abccb64ced18b956a811c146e7f11c5e16b7e8eaf1dfccffc?s=96&d=mm&r=g\",\"url\":\"https:\/\/secure.gravatar.com\/avatar\/8291dab2ef06499abccb64ced18b956a811c146e7f11c5e16b7e8eaf1dfccffc?s=96&d=mm&r=g\",\"contentUrl\":\"https:\/\/secure.gravatar.com\/avatar\/8291dab2ef06499abccb64ced18b956a811c146e7f11c5e16b7e8eaf1dfccffc?s=96&d=mm&r=g\",\"caption\":\"Laura Bruneau\"},\"logo\":{\"@id\":\"https:\/\/secure.gravatar.com\/avatar\/8291dab2ef06499abccb64ced18b956a811c146e7f11c5e16b7e8eaf1dfccffc?s=96&d=mm&r=g\"},\"sameAs\":[\"http:\/\/1jour1sortie.com\"],\"url\":\"https:\/\/1jour1sortie.com\/index.php\/author\/admin6732\/\"}]}<\/script>\n<!-- \/ Yoast SEO plugin. -->","yoast_head_json":{"title":"Filipe Da Assun\u00e7ao, le nouveau chef de l'h\u00f4tel du Collectionneur, pr\u00e9sente sa b\u00fbche de No\u00ebl - 1 Jour 1 Sortie","robots":{"index":"index","follow":"follow","max-snippet":"max-snippet:-1","max-image-preview":"max-image-preview:large","max-video-preview":"max-video-preview:-1"},"canonical":"https:\/\/1jour1sortie.com\/index.php\/2023\/11\/23\/filipe-da-assuncao-le-nouveau-chef-de-lhotel-du-collectionneur-presente-sa-buche-de-noel\/","og_locale":"fr_FR","og_type":"article","og_title":"Filipe Da Assun\u00e7ao, le nouveau chef de l'h\u00f4tel du Collectionneur, pr\u00e9sente sa b\u00fbche de No\u00ebl - 1 Jour 1 Sortie","og_description":"L&rsquo;H\u00f4tel du Collectionneur, \u00e9tablissement 5 \u00e9toiles parisien, a recrut\u00e9 un nouveau chef pour ses cuisines, Filipe Da Assun\u00e7ao (MOF). Le","og_url":"https:\/\/1jour1sortie.com\/index.php\/2023\/11\/23\/filipe-da-assuncao-le-nouveau-chef-de-lhotel-du-collectionneur-presente-sa-buche-de-noel\/","og_site_name":"1 Jour 1 Sortie","article_published_time":"2023-11-23T11:11:48+00:00","og_image":[{"width":2016,"height":1512,"url":"https:\/\/1jour1sortie.com\/wp-content\/uploads\/2023\/11\/370231403_1069522804477455_5897671613557359916_n_GF.jpg","type":"image\/jpeg"}],"author":"Laura Bruneau","twitter_card":"summary_large_image","twitter_misc":{"\u00c9crit par":"Laura Bruneau","Dur\u00e9e de lecture estim\u00e9e":"2 minutes"},"schema":{"@context":"https:\/\/schema.org","@graph":[{"@type":"Article","@id":"https:\/\/1jour1sortie.com\/index.php\/2023\/11\/23\/filipe-da-assuncao-le-nouveau-chef-de-lhotel-du-collectionneur-presente-sa-buche-de-noel\/#article","isPartOf":{"@id":"https:\/\/1jour1sortie.com\/index.php\/2023\/11\/23\/filipe-da-assuncao-le-nouveau-chef-de-lhotel-du-collectionneur-presente-sa-buche-de-noel\/"},"author":{"name":"Laura Bruneau","@id":"https:\/\/1jour1sortie.com\/#\/schema\/person\/421cf30a2d8bd17d611a374f6581881a"},"headline":"Filipe Da Assun\u00e7ao, le nouveau chef de l&rsquo;h\u00f4tel du Collectionneur, pr\u00e9sente sa b\u00fbche de No\u00ebl","datePublished":"2023-11-23T11:11:48+00:00","mainEntityOfPage":{"@id":"https:\/\/1jour1sortie.com\/index.php\/2023\/11\/23\/filipe-da-assuncao-le-nouveau-chef-de-lhotel-du-collectionneur-presente-sa-buche-de-noel\/"},"wordCount":312,"commentCount":1,"publisher":{"@id":"https:\/\/1jour1sortie.com\/#\/schema\/person\/421cf30a2d8bd17d611a374f6581881a"},"image":{"@id":"https:\/\/1jour1sortie.com\/index.php\/2023\/11\/23\/filipe-da-assuncao-le-nouveau-chef-de-lhotel-du-collectionneur-presente-sa-buche-de-noel\/#primaryimage"},"thumbnailUrl":"https:\/\/1jour1sortie.com\/wp-content\/uploads\/2023\/11\/370231403_1069522804477455_5897671613557359916_n_GF.jpg","keywords":["b\u00fbche de No\u00ebl","filipe da assun\u00e7ao","gastronomie","h\u00f4tel du Collectionneur"],"articleSection":["Gourmandises"],"inLanguage":"fr-FR","potentialAction":[{"@type":"CommentAction","name":"Comment","target":["https:\/\/1jour1sortie.com\/index.php\/2023\/11\/23\/filipe-da-assuncao-le-nouveau-chef-de-lhotel-du-collectionneur-presente-sa-buche-de-noel\/#respond"]}]},{"@type":"WebPage","@id":"https:\/\/1jour1sortie.com\/index.php\/2023\/11\/23\/filipe-da-assuncao-le-nouveau-chef-de-lhotel-du-collectionneur-presente-sa-buche-de-noel\/","url":"https:\/\/1jour1sortie.com\/index.php\/2023\/11\/23\/filipe-da-assuncao-le-nouveau-chef-de-lhotel-du-collectionneur-presente-sa-buche-de-noel\/","name":"Filipe Da Assun\u00e7ao, le nouveau chef de l'h\u00f4tel du Collectionneur, pr\u00e9sente sa b\u00fbche de No\u00ebl - 1 Jour 1 Sortie","isPartOf":{"@id":"https:\/\/1jour1sortie.com\/#website"},"primaryImageOfPage":{"@id":"https:\/\/1jour1sortie.com\/index.php\/2023\/11\/23\/filipe-da-assuncao-le-nouveau-chef-de-lhotel-du-collectionneur-presente-sa-buche-de-noel\/#primaryimage"},"image":{"@id":"https:\/\/1jour1sortie.com\/index.php\/2023\/11\/23\/filipe-da-assuncao-le-nouveau-chef-de-lhotel-du-collectionneur-presente-sa-buche-de-noel\/#primaryimage"},"thumbnailUrl":"https:\/\/1jour1sortie.com\/wp-content\/uploads\/2023\/11\/370231403_1069522804477455_5897671613557359916_n_GF.jpg","datePublished":"2023-11-23T11:11:48+00:00","breadcrumb":{"@id":"https:\/\/1jour1sortie.com\/index.php\/2023\/11\/23\/filipe-da-assuncao-le-nouveau-chef-de-lhotel-du-collectionneur-presente-sa-buche-de-noel\/#breadcrumb"},"inLanguage":"fr-FR","potentialAction":[{"@type":"ReadAction","target":["https:\/\/1jour1sortie.com\/index.php\/2023\/11\/23\/filipe-da-assuncao-le-nouveau-chef-de-lhotel-du-collectionneur-presente-sa-buche-de-noel\/"]}]},{"@type":"ImageObject","inLanguage":"fr-FR","@id":"https:\/\/1jour1sortie.com\/index.php\/2023\/11\/23\/filipe-da-assuncao-le-nouveau-chef-de-lhotel-du-collectionneur-presente-sa-buche-de-noel\/#primaryimage","url":"https:\/\/1jour1sortie.com\/wp-content\/uploads\/2023\/11\/370231403_1069522804477455_5897671613557359916_n_GF.jpg","contentUrl":"https:\/\/1jour1sortie.com\/wp-content\/uploads\/2023\/11\/370231403_1069522804477455_5897671613557359916_n_GF.jpg","width":2016,"height":1512,"caption":"B\u00fbche de No\u00ebl 2023 H\u00f4tel du Collectionneur - Filipe Da Assun\u00e7ao"},{"@type":"BreadcrumbList","@id":"https:\/\/1jour1sortie.com\/index.php\/2023\/11\/23\/filipe-da-assuncao-le-nouveau-chef-de-lhotel-du-collectionneur-presente-sa-buche-de-noel\/#breadcrumb","itemListElement":[{"@type":"ListItem","position":1,"name":"Accueil","item":"https:\/\/1jour1sortie.com\/"},{"@type":"ListItem","position":2,"name":"Filipe Da Assun\u00e7ao, le nouveau chef de l&rsquo;h\u00f4tel du Collectionneur, pr\u00e9sente sa b\u00fbche de No\u00ebl"}]},{"@type":"WebSite","@id":"https:\/\/1jour1sortie.com\/#website","url":"https:\/\/1jour1sortie.com\/","name":"1 Jour 1 Sortie","description":"Par Laura Bruneau","publisher":{"@id":"https:\/\/1jour1sortie.com\/#\/schema\/person\/421cf30a2d8bd17d611a374f6581881a"},"potentialAction":[{"@type":"SearchAction","target":{"@type":"EntryPoint","urlTemplate":"https:\/\/1jour1sortie.com\/?s={search_term_string}"},"query-input":{"@type":"PropertyValueSpecification","valueRequired":true,"valueName":"search_term_string"}}],"inLanguage":"fr-FR"},{"@type":["Person","Organization"],"@id":"https:\/\/1jour1sortie.com\/#\/schema\/person\/421cf30a2d8bd17d611a374f6581881a","name":"Laura Bruneau","image":{"@type":"ImageObject","inLanguage":"fr-FR","@id":"https:\/\/secure.gravatar.com\/avatar\/8291dab2ef06499abccb64ced18b956a811c146e7f11c5e16b7e8eaf1dfccffc?s=96&d=mm&r=g","url":"https:\/\/secure.gravatar.com\/avatar\/8291dab2ef06499abccb64ced18b956a811c146e7f11c5e16b7e8eaf1dfccffc?s=96&d=mm&r=g","contentUrl":"https:\/\/secure.gravatar.com\/avatar\/8291dab2ef06499abccb64ced18b956a811c146e7f11c5e16b7e8eaf1dfccffc?s=96&d=mm&r=g","caption":"Laura Bruneau"},"logo":{"@id":"https:\/\/secure.gravatar.com\/avatar\/8291dab2ef06499abccb64ced18b956a811c146e7f11c5e16b7e8eaf1dfccffc?s=96&d=mm&r=g"},"sameAs":["http:\/\/1jour1sortie.com"],"url":"https:\/\/1jour1sortie.com\/index.php\/author\/admin6732\/"}]}},"jetpack_publicize_connections":[],"jetpack_featured_media_url":"https:\/\/1jour1sortie.com\/wp-content\/uploads\/2023\/11\/370231403_1069522804477455_5897671613557359916_n_GF.jpg","jetpack_sharing_enabled":true,"_links":{"self":[{"href":"https:\/\/1jour1sortie.com\/index.php\/wp-json\/wp\/v2\/posts\/237","targetHints":{"allow":["GET"]}}],"collection":[{"href":"https:\/\/1jour1sortie.com\/index.php\/wp-json\/wp\/v2\/posts"}],"about":[{"href":"https:\/\/1jour1sortie.com\/index.php\/wp-json\/wp\/v2\/types\/post"}],"author":[{"embeddable":true,"href":"https:\/\/1jour1sortie.com\/index.php\/wp-json\/wp\/v2\/users\/1"}],"replies":[{"embeddable":true,"href":"https:\/\/1jour1sortie.com\/index.php\/wp-json\/wp\/v2\/comments?post=237"}],"version-history":[{"count":3,"href":"https:\/\/1jour1sortie.com\/index.php\/wp-json\/wp\/v2\/posts\/237\/revisions"}],"predecessor-version":[{"id":242,"href":"https:\/\/1jour1sortie.com\/index.php\/wp-json\/wp\/v2\/posts\/237\/revisions\/242"}],"wp:featuredmedia":[{"embeddable":true,"href":"https:\/\/1jour1sortie.com\/index.php\/wp-json\/wp\/v2\/media\/238"}],"wp:attachment":[{"href":"https:\/\/1jour1sortie.com\/index.php\/wp-json\/wp\/v2\/media?parent=237"}],"wp:term":[{"taxonomy":"category","embeddable":true,"href":"https:\/\/1jour1sortie.com\/index.php\/wp-json\/wp\/v2\/categories?post=237"},{"taxonomy":"post_tag","embeddable":true,"href":"https:\/\/1jour1sortie.com\/index.php\/wp-json\/wp\/v2\/tags?post=237"}],"curies":[{"name":"wp","href":"https:\/\/api.w.org\/{rel}","templated":true}]}}