{"id":2303,"date":"2025-09-04T12:00:00","date_gmt":"2025-09-04T10:00:00","guid":{"rendered":"https:\/\/1jour1sortie.com\/?p=2303"},"modified":"2025-08-30T14:19:58","modified_gmt":"2025-08-30T12:19:58","slug":"la-tres-tres-grande-classe-la-comedie-avec-audrey-fleurot-et-melha-bedia-a-voir-a-la-tele","status":"publish","type":"post","link":"https:\/\/1jour1sortie.com\/index.php\/2025\/09\/04\/la-tres-tres-grande-classe-la-comedie-avec-audrey-fleurot-et-melha-bedia-a-voir-a-la-tele\/","title":{"rendered":"La tr\u00e8s tr\u00e8s grande classe, la com\u00e9die avec Audrey Fleurot et Melha Bedia, \u00e0 voir \u00e0 la t\u00e9l\u00e9"},"content":{"rendered":"\n<p><em>\u00ab\u00a0La tr\u00e8s tr\u00e8s grande classe\u00a0\u00bb, film qui r\u00e9unit Melha Bedia et Audrey Fleurot, dans les r\u00f4les de deux personnages que tout oppose passe \u00e0 la t\u00e9l\u00e9. Une com\u00e9die dans laquelle, les com\u00e9diennes sont des profs. <\/em><\/p>\n\n\n\n<p>Si elles \u00e9taient adversaires dans la deuxi\u00e8me saison de<em> Lol : qui rit, sort ! <\/em>sur <a href=\"https:\/\/1jour1sortie.com\/index.php\/2025\/07\/28\/ces-bons-films-et-autres-programmes-a-voir-sur-netflix-et-prime-video\/\">Prime Video<\/a>, en avril 2022, <strong>Audrey Fleurot <\/strong>et <strong>Melha Bedia<\/strong> l&rsquo;\u00e9taient aussi dans la <strong>com\u00e9die<\/strong><em><strong> La tr\u00e8s tr\u00e8s grande classe<\/strong><\/em>, sortie au <a href=\"https:\/\/1jour1sortie.com\/index.php\/category\/cinema\/\"><strong>cin\u00e9ma<\/strong><\/a> la m\u00eame ann\u00e9e. Le <strong>film<\/strong> est diffus\u00e9 \u00e0 la<a href=\"https:\/\/1jour1sortie.com\/index.php\/category\/cinema\/tv-series\/\"> <strong>t\u00e9l\u00e9<\/strong><\/a> le vendredi <strong>5 septembre <\/strong>2025, sur <strong>TFX<\/strong>, cha\u00eene de la TNT du groupe TF1. <\/p>\n\n\n\n<figure class=\"wp-block-embed is-type-video is-provider-youtube wp-block-embed-youtube wp-embed-aspect-16-9 wp-has-aspect-ratio\"><div class=\"wp-block-embed__wrapper\">\n<iframe loading=\"lazy\" title=\"La Tr\u00e8s Tr\u00e8s Grande Classe - Bande-annonce officielle - UGC Distribution\" width=\"800\" height=\"450\" src=\"https:\/\/www.youtube.com\/embed\/YrJ44KeCd6s?feature=oembed\" frameborder=\"0\" allow=\"accelerometer; autoplay; clipboard-write; encrypted-media; gyroscope; picture-in-picture; web-share\" referrerpolicy=\"strict-origin-when-cross-origin\" allowfullscreen><\/iframe>\n<\/div><\/figure>\n\n\n\n<p><strong><em>La tr\u00e8s tr\u00e8s grande classe<\/em><\/strong>, r\u00e9alis\u00e9e par <strong>Fr\u00e9d\u00e9ric Quiring<\/strong>, \u00e9tait sortie au cin\u00e9ma le 10 ao\u00fbt 2022. Rest\u00e9 \u00e0 l&rsquo;affiche des salles obscures pendant environ deux mois, le <strong>film <\/strong>avait rassembl\u00e9 un peu plus de 386.000 spectateurs. <br>Le 5 septembre prochain, ce sera la 3\u00e8me diffusion <strong>t\u00e9l\u00e9<\/strong> de<em><strong> La tr\u00e8s tr\u00e8s grande classe<\/strong><\/em>. La <strong>com\u00e9die<\/strong> a d\u00e9j\u00e0 \u00e9t\u00e9 programm\u00e9e sur TF1 le 20 juin 2024, r\u00e9unissant un peu plus de 3,1 millions de t\u00e9l\u00e9spectateurs, puis sur TMC, le 20 octobre 2024, cette fois devant 486.000 t\u00e9l\u00e9spectateurs. <\/p>\n\n\n\n<p>Dans<strong><em> La tr\u00e8s tr\u00e8s grande classe<\/em><\/strong>, <strong>Audrey Fleurot <\/strong>et<a href=\"http:\/\/melha\"> <\/a><strong>Melha Bedia <\/strong>incarnent deux profs que tout oppose, en comp\u00e9tition pour le poste de leur r\u00eave : une mutation \u00e0 Barcelone. Elles vont se livrer \u00e0 une guerre sans piti\u00e9. Au casting, du<strong> film<\/strong>, il y a aussi<strong> Fran\u00e7ois Berl\u00e9and<\/strong>, <strong>Ari\u00e9 Elmaleh<\/strong> et <a href=\"https:\/\/1jour1sortie.com\/index.php\/2025\/08\/08\/comedie-coeur-un-spectacle-dhumour-au-profit-des-restos-du-coeur\/\"><strong>Elie Semoun<\/strong><\/a> dans le r\u00f4le d&rsquo;un prof de karat\u00e9 tr\u00e8s particulier. <\/p>\n\n\n\n<p>Ce qui fait le sel de<strong><em> La tr\u00e8s tr\u00e8s grande classe<\/em><\/strong>, dont le sc\u00e9nario n&rsquo;apporte pas de r\u00e9elle surprise, ce sont tous les coups bas et vacheries, gaguesques,  d\u00e9ploy\u00e9s par <strong>Melha Bedia<\/strong> et <strong>Audrey Fleurot<\/strong>  dans la guerre qui les oppose ouvertement. Une guerre qui en vient aux mains. <strong>Melha Bedia<\/strong> est une prof martyris\u00e9e par ses \u00e9l\u00e8ves, qui veut prendre la tangente \u00e0 Barcelone. Quant \u00e0 <strong>Audrey Fleurot<\/strong>, elle est une enseignante coinc\u00e9e, que les \u00e9l\u00e8ves de l&rsquo;\u00e9cole catholique adorent.<\/p>\n\n\n\n<p class=\"has-small-font-size\"><em>La tr\u00e8s tr\u00e8s grande classe<\/em>, de Fr\u00e9d\u00e9ric Quiring<br>Avec Audrey Fleurot, Melha Bedia, Fran\u00e7ois Berl\u00e9and, Ari\u00e9 Elmaleh, Elie Semoun&#8230;<br>1h40<br>Sur TFX le 05\/09\/2025 \u00e0  21h10<br>Cr\u00e9dit photo : Marc Bossaerts<\/p>\n\n\n\n<p><\/p>\n\n\n\n<p><\/p>\n","protected":false},"excerpt":{"rendered":"<p>\u00ab\u00a0La tr\u00e8s tr\u00e8s grande classe\u00a0\u00bb, film qui r\u00e9unit Melha Bedia et Audrey Fleurot, dans les r\u00f4les de deux personnages que<\/p>\n","protected":false},"author":1,"featured_media":2309,"comment_status":"open","ping_status":"open","sticky":false,"template":"","format":"standard","meta":{"colormag_page_container_layout":"default_layout","colormag_page_sidebar_layout":"default_layout","_jetpack_memberships_contains_paid_content":false,"footnotes":"","jetpack_publicize_message":"","jetpack_publicize_feature_enabled":true,"jetpack_social_post_already_shared":false,"jetpack_social_options":{"image_generator_settings":{"template":"highway","default_image_id":0,"font":"","enabled":false},"version":2}},"categories":[3,1103],"tags":[1642,1640,10,11,1641,17,1159,1643,1638,1639,40,41,1457,48],"class_list":["post-2303","post","type-post","status-publish","format-standard","has-post-thumbnail","hentry","category-cinema","category-tv-series","tag-arie-elmaleh","tag-audrey-fleurot","tag-cinema","tag-comedie","tag-elie-semoun","tag-film","tag-francois-berleand","tag-frederic-quiring","tag-la-tres-tres-grande-classe","tag-melha-bedia","tag-tele","tag-television","tag-tfx","tag-tv"],"yoast_head":"<!-- This site is optimized with the Yoast SEO plugin v27.2 - https:\/\/yoast.com\/product\/yoast-seo-wordpress\/ -->\n<title>La tr\u00e8s tr\u00e8s grande classe, la com\u00e9die avec Audrey Fleurot et Melha Bedia, \u00e0 voir \u00e0 la t\u00e9l\u00e9 - 1 Jour 1 Sortie<\/title>\n<meta name=\"robots\" content=\"index, follow, max-snippet:-1, max-image-preview:large, max-video-preview:-1\" \/>\n<link rel=\"canonical\" href=\"https:\/\/1jour1sortie.com\/index.php\/2025\/09\/04\/la-tres-tres-grande-classe-la-comedie-avec-audrey-fleurot-et-melha-bedia-a-voir-a-la-tele\/\" \/>\n<meta property=\"og:locale\" content=\"fr_FR\" \/>\n<meta property=\"og:type\" content=\"article\" \/>\n<meta property=\"og:title\" content=\"La tr\u00e8s tr\u00e8s grande classe, la com\u00e9die avec Audrey Fleurot et Melha Bedia, \u00e0 voir \u00e0 la t\u00e9l\u00e9 - 1 Jour 1 Sortie\" \/>\n<meta property=\"og:description\" content=\"\u00ab\u00a0La tr\u00e8s tr\u00e8s grande classe\u00a0\u00bb, film qui r\u00e9unit Melha Bedia et Audrey Fleurot, dans les r\u00f4les de deux personnages que\" \/>\n<meta property=\"og:url\" content=\"https:\/\/1jour1sortie.com\/index.php\/2025\/09\/04\/la-tres-tres-grande-classe-la-comedie-avec-audrey-fleurot-et-melha-bedia-a-voir-a-la-tele\/\" \/>\n<meta property=\"og:site_name\" content=\"1 Jour 1 Sortie\" \/>\n<meta property=\"article:published_time\" content=\"2025-09-04T10:00:00+00:00\" \/>\n<meta property=\"og:image\" content=\"https:\/\/1jour1sortie.com\/wp-content\/uploads\/2025\/08\/1888715.jpg\" \/>\n\t<meta property=\"og:image:width\" content=\"1600\" \/>\n\t<meta property=\"og:image:height\" content=\"1063\" \/>\n\t<meta property=\"og:image:type\" content=\"image\/jpeg\" \/>\n<meta name=\"author\" content=\"Laura Bruneau\" \/>\n<meta name=\"twitter:card\" content=\"summary_large_image\" \/>\n<meta name=\"twitter:label1\" content=\"\u00c9crit par\" \/>\n\t<meta name=\"twitter:data1\" content=\"Laura Bruneau\" \/>\n\t<meta name=\"twitter:label2\" content=\"Dur\u00e9e de lecture estim\u00e9e\" \/>\n\t<meta name=\"twitter:data2\" content=\"3 minutes\" \/>\n<script type=\"application\/ld+json\" class=\"yoast-schema-graph\">{\"@context\":\"https:\/\/schema.org\",\"@graph\":[{\"@type\":\"Article\",\"@id\":\"https:\/\/1jour1sortie.com\/index.php\/2025\/09\/04\/la-tres-tres-grande-classe-la-comedie-avec-audrey-fleurot-et-melha-bedia-a-voir-a-la-tele\/#article\",\"isPartOf\":{\"@id\":\"https:\/\/1jour1sortie.com\/index.php\/2025\/09\/04\/la-tres-tres-grande-classe-la-comedie-avec-audrey-fleurot-et-melha-bedia-a-voir-a-la-tele\/\"},\"author\":{\"name\":\"Laura Bruneau\",\"@id\":\"https:\/\/1jour1sortie.com\/#\/schema\/person\/421cf30a2d8bd17d611a374f6581881a\"},\"headline\":\"La tr\u00e8s tr\u00e8s grande classe, la com\u00e9die avec Audrey Fleurot et Melha Bedia, \u00e0 voir \u00e0 la t\u00e9l\u00e9\",\"datePublished\":\"2025-09-04T10:00:00+00:00\",\"mainEntityOfPage\":{\"@id\":\"https:\/\/1jour1sortie.com\/index.php\/2025\/09\/04\/la-tres-tres-grande-classe-la-comedie-avec-audrey-fleurot-et-melha-bedia-a-voir-a-la-tele\/\"},\"wordCount\":430,\"commentCount\":0,\"publisher\":{\"@id\":\"https:\/\/1jour1sortie.com\/#\/schema\/person\/421cf30a2d8bd17d611a374f6581881a\"},\"image\":{\"@id\":\"https:\/\/1jour1sortie.com\/index.php\/2025\/09\/04\/la-tres-tres-grande-classe-la-comedie-avec-audrey-fleurot-et-melha-bedia-a-voir-a-la-tele\/#primaryimage\"},\"thumbnailUrl\":\"https:\/\/1jour1sortie.com\/wp-content\/uploads\/2025\/08\/1888715.jpg\",\"keywords\":[\"ari\u00e9 elmaleh\",\"audrey fleurot\",\"Cin\u00e9ma\",\"com\u00e9die\",\"elie semoun\",\"film\",\"fran\u00e7ois berl\u00e9and\",\"fr\u00e9d\u00e9ric quiring\",\"la tr\u00e8s tr\u00e8s grande classe\",\"melha bedia\",\"t\u00e9l\u00e9\",\"t\u00e9l\u00e9vision\",\"tfx\",\"TV\"],\"articleSection\":[\"Cin\u00e9ma &amp; Co\",\"TV &amp; S\u00e9ries\"],\"inLanguage\":\"fr-FR\",\"potentialAction\":[{\"@type\":\"CommentAction\",\"name\":\"Comment\",\"target\":[\"https:\/\/1jour1sortie.com\/index.php\/2025\/09\/04\/la-tres-tres-grande-classe-la-comedie-avec-audrey-fleurot-et-melha-bedia-a-voir-a-la-tele\/#respond\"]}]},{\"@type\":\"WebPage\",\"@id\":\"https:\/\/1jour1sortie.com\/index.php\/2025\/09\/04\/la-tres-tres-grande-classe-la-comedie-avec-audrey-fleurot-et-melha-bedia-a-voir-a-la-tele\/\",\"url\":\"https:\/\/1jour1sortie.com\/index.php\/2025\/09\/04\/la-tres-tres-grande-classe-la-comedie-avec-audrey-fleurot-et-melha-bedia-a-voir-a-la-tele\/\",\"name\":\"La tr\u00e8s tr\u00e8s grande classe, la com\u00e9die avec Audrey Fleurot et Melha Bedia, \u00e0 voir \u00e0 la t\u00e9l\u00e9 - 1 Jour 1 Sortie\",\"isPartOf\":{\"@id\":\"https:\/\/1jour1sortie.com\/#website\"},\"primaryImageOfPage\":{\"@id\":\"https:\/\/1jour1sortie.com\/index.php\/2025\/09\/04\/la-tres-tres-grande-classe-la-comedie-avec-audrey-fleurot-et-melha-bedia-a-voir-a-la-tele\/#primaryimage\"},\"image\":{\"@id\":\"https:\/\/1jour1sortie.com\/index.php\/2025\/09\/04\/la-tres-tres-grande-classe-la-comedie-avec-audrey-fleurot-et-melha-bedia-a-voir-a-la-tele\/#primaryimage\"},\"thumbnailUrl\":\"https:\/\/1jour1sortie.com\/wp-content\/uploads\/2025\/08\/1888715.jpg\",\"datePublished\":\"2025-09-04T10:00:00+00:00\",\"breadcrumb\":{\"@id\":\"https:\/\/1jour1sortie.com\/index.php\/2025\/09\/04\/la-tres-tres-grande-classe-la-comedie-avec-audrey-fleurot-et-melha-bedia-a-voir-a-la-tele\/#breadcrumb\"},\"inLanguage\":\"fr-FR\",\"potentialAction\":[{\"@type\":\"ReadAction\",\"target\":[\"https:\/\/1jour1sortie.com\/index.php\/2025\/09\/04\/la-tres-tres-grande-classe-la-comedie-avec-audrey-fleurot-et-melha-bedia-a-voir-a-la-tele\/\"]}]},{\"@type\":\"ImageObject\",\"inLanguage\":\"fr-FR\",\"@id\":\"https:\/\/1jour1sortie.com\/index.php\/2025\/09\/04\/la-tres-tres-grande-classe-la-comedie-avec-audrey-fleurot-et-melha-bedia-a-voir-a-la-tele\/#primaryimage\",\"url\":\"https:\/\/1jour1sortie.com\/wp-content\/uploads\/2025\/08\/1888715.jpg\",\"contentUrl\":\"https:\/\/1jour1sortie.com\/wp-content\/uploads\/2025\/08\/1888715.jpg\",\"width\":1600,\"height\":1063,\"caption\":\"Audrey Fleurot et Melha Bedia dans \\\"La tr\u00e8s tr\u00e8s grande classe\\\"\"},{\"@type\":\"BreadcrumbList\",\"@id\":\"https:\/\/1jour1sortie.com\/index.php\/2025\/09\/04\/la-tres-tres-grande-classe-la-comedie-avec-audrey-fleurot-et-melha-bedia-a-voir-a-la-tele\/#breadcrumb\",\"itemListElement\":[{\"@type\":\"ListItem\",\"position\":1,\"name\":\"Accueil\",\"item\":\"https:\/\/1jour1sortie.com\/\"},{\"@type\":\"ListItem\",\"position\":2,\"name\":\"La tr\u00e8s tr\u00e8s grande classe, la com\u00e9die avec Audrey Fleurot et Melha Bedia, \u00e0 voir \u00e0 la t\u00e9l\u00e9\"}]},{\"@type\":\"WebSite\",\"@id\":\"https:\/\/1jour1sortie.com\/#website\",\"url\":\"https:\/\/1jour1sortie.com\/\",\"name\":\"1 Jour 1 Sortie\",\"description\":\"Par Laura Bruneau\",\"publisher\":{\"@id\":\"https:\/\/1jour1sortie.com\/#\/schema\/person\/421cf30a2d8bd17d611a374f6581881a\"},\"potentialAction\":[{\"@type\":\"SearchAction\",\"target\":{\"@type\":\"EntryPoint\",\"urlTemplate\":\"https:\/\/1jour1sortie.com\/?s={search_term_string}\"},\"query-input\":{\"@type\":\"PropertyValueSpecification\",\"valueRequired\":true,\"valueName\":\"search_term_string\"}}],\"inLanguage\":\"fr-FR\"},{\"@type\":[\"Person\",\"Organization\"],\"@id\":\"https:\/\/1jour1sortie.com\/#\/schema\/person\/421cf30a2d8bd17d611a374f6581881a\",\"name\":\"Laura Bruneau\",\"image\":{\"@type\":\"ImageObject\",\"inLanguage\":\"fr-FR\",\"@id\":\"https:\/\/secure.gravatar.com\/avatar\/8291dab2ef06499abccb64ced18b956a811c146e7f11c5e16b7e8eaf1dfccffc?s=96&d=mm&r=g\",\"url\":\"https:\/\/secure.gravatar.com\/avatar\/8291dab2ef06499abccb64ced18b956a811c146e7f11c5e16b7e8eaf1dfccffc?s=96&d=mm&r=g\",\"contentUrl\":\"https:\/\/secure.gravatar.com\/avatar\/8291dab2ef06499abccb64ced18b956a811c146e7f11c5e16b7e8eaf1dfccffc?s=96&d=mm&r=g\",\"caption\":\"Laura Bruneau\"},\"logo\":{\"@id\":\"https:\/\/secure.gravatar.com\/avatar\/8291dab2ef06499abccb64ced18b956a811c146e7f11c5e16b7e8eaf1dfccffc?s=96&d=mm&r=g\"},\"sameAs\":[\"http:\/\/1jour1sortie.com\"],\"url\":\"https:\/\/1jour1sortie.com\/index.php\/author\/admin6732\/\"}]}<\/script>\n<!-- \/ Yoast SEO plugin. -->","yoast_head_json":{"title":"La tr\u00e8s tr\u00e8s grande classe, la com\u00e9die avec Audrey Fleurot et Melha Bedia, \u00e0 voir \u00e0 la t\u00e9l\u00e9 - 1 Jour 1 Sortie","robots":{"index":"index","follow":"follow","max-snippet":"max-snippet:-1","max-image-preview":"max-image-preview:large","max-video-preview":"max-video-preview:-1"},"canonical":"https:\/\/1jour1sortie.com\/index.php\/2025\/09\/04\/la-tres-tres-grande-classe-la-comedie-avec-audrey-fleurot-et-melha-bedia-a-voir-a-la-tele\/","og_locale":"fr_FR","og_type":"article","og_title":"La tr\u00e8s tr\u00e8s grande classe, la com\u00e9die avec Audrey Fleurot et Melha Bedia, \u00e0 voir \u00e0 la t\u00e9l\u00e9 - 1 Jour 1 Sortie","og_description":"\u00ab\u00a0La tr\u00e8s tr\u00e8s grande classe\u00a0\u00bb, film qui r\u00e9unit Melha Bedia et Audrey Fleurot, dans les r\u00f4les de deux personnages que","og_url":"https:\/\/1jour1sortie.com\/index.php\/2025\/09\/04\/la-tres-tres-grande-classe-la-comedie-avec-audrey-fleurot-et-melha-bedia-a-voir-a-la-tele\/","og_site_name":"1 Jour 1 Sortie","article_published_time":"2025-09-04T10:00:00+00:00","og_image":[{"width":1600,"height":1063,"url":"https:\/\/1jour1sortie.com\/wp-content\/uploads\/2025\/08\/1888715.jpg","type":"image\/jpeg"}],"author":"Laura Bruneau","twitter_card":"summary_large_image","twitter_misc":{"\u00c9crit par":"Laura Bruneau","Dur\u00e9e de lecture estim\u00e9e":"3 minutes"},"schema":{"@context":"https:\/\/schema.org","@graph":[{"@type":"Article","@id":"https:\/\/1jour1sortie.com\/index.php\/2025\/09\/04\/la-tres-tres-grande-classe-la-comedie-avec-audrey-fleurot-et-melha-bedia-a-voir-a-la-tele\/#article","isPartOf":{"@id":"https:\/\/1jour1sortie.com\/index.php\/2025\/09\/04\/la-tres-tres-grande-classe-la-comedie-avec-audrey-fleurot-et-melha-bedia-a-voir-a-la-tele\/"},"author":{"name":"Laura Bruneau","@id":"https:\/\/1jour1sortie.com\/#\/schema\/person\/421cf30a2d8bd17d611a374f6581881a"},"headline":"La tr\u00e8s tr\u00e8s grande classe, la com\u00e9die avec Audrey Fleurot et Melha Bedia, \u00e0 voir \u00e0 la t\u00e9l\u00e9","datePublished":"2025-09-04T10:00:00+00:00","mainEntityOfPage":{"@id":"https:\/\/1jour1sortie.com\/index.php\/2025\/09\/04\/la-tres-tres-grande-classe-la-comedie-avec-audrey-fleurot-et-melha-bedia-a-voir-a-la-tele\/"},"wordCount":430,"commentCount":0,"publisher":{"@id":"https:\/\/1jour1sortie.com\/#\/schema\/person\/421cf30a2d8bd17d611a374f6581881a"},"image":{"@id":"https:\/\/1jour1sortie.com\/index.php\/2025\/09\/04\/la-tres-tres-grande-classe-la-comedie-avec-audrey-fleurot-et-melha-bedia-a-voir-a-la-tele\/#primaryimage"},"thumbnailUrl":"https:\/\/1jour1sortie.com\/wp-content\/uploads\/2025\/08\/1888715.jpg","keywords":["ari\u00e9 elmaleh","audrey fleurot","Cin\u00e9ma","com\u00e9die","elie semoun","film","fran\u00e7ois berl\u00e9and","fr\u00e9d\u00e9ric quiring","la tr\u00e8s tr\u00e8s grande classe","melha bedia","t\u00e9l\u00e9","t\u00e9l\u00e9vision","tfx","TV"],"articleSection":["Cin\u00e9ma &amp; Co","TV &amp; S\u00e9ries"],"inLanguage":"fr-FR","potentialAction":[{"@type":"CommentAction","name":"Comment","target":["https:\/\/1jour1sortie.com\/index.php\/2025\/09\/04\/la-tres-tres-grande-classe-la-comedie-avec-audrey-fleurot-et-melha-bedia-a-voir-a-la-tele\/#respond"]}]},{"@type":"WebPage","@id":"https:\/\/1jour1sortie.com\/index.php\/2025\/09\/04\/la-tres-tres-grande-classe-la-comedie-avec-audrey-fleurot-et-melha-bedia-a-voir-a-la-tele\/","url":"https:\/\/1jour1sortie.com\/index.php\/2025\/09\/04\/la-tres-tres-grande-classe-la-comedie-avec-audrey-fleurot-et-melha-bedia-a-voir-a-la-tele\/","name":"La tr\u00e8s tr\u00e8s grande classe, la com\u00e9die avec Audrey Fleurot et Melha Bedia, \u00e0 voir \u00e0 la t\u00e9l\u00e9 - 1 Jour 1 Sortie","isPartOf":{"@id":"https:\/\/1jour1sortie.com\/#website"},"primaryImageOfPage":{"@id":"https:\/\/1jour1sortie.com\/index.php\/2025\/09\/04\/la-tres-tres-grande-classe-la-comedie-avec-audrey-fleurot-et-melha-bedia-a-voir-a-la-tele\/#primaryimage"},"image":{"@id":"https:\/\/1jour1sortie.com\/index.php\/2025\/09\/04\/la-tres-tres-grande-classe-la-comedie-avec-audrey-fleurot-et-melha-bedia-a-voir-a-la-tele\/#primaryimage"},"thumbnailUrl":"https:\/\/1jour1sortie.com\/wp-content\/uploads\/2025\/08\/1888715.jpg","datePublished":"2025-09-04T10:00:00+00:00","breadcrumb":{"@id":"https:\/\/1jour1sortie.com\/index.php\/2025\/09\/04\/la-tres-tres-grande-classe-la-comedie-avec-audrey-fleurot-et-melha-bedia-a-voir-a-la-tele\/#breadcrumb"},"inLanguage":"fr-FR","potentialAction":[{"@type":"ReadAction","target":["https:\/\/1jour1sortie.com\/index.php\/2025\/09\/04\/la-tres-tres-grande-classe-la-comedie-avec-audrey-fleurot-et-melha-bedia-a-voir-a-la-tele\/"]}]},{"@type":"ImageObject","inLanguage":"fr-FR","@id":"https:\/\/1jour1sortie.com\/index.php\/2025\/09\/04\/la-tres-tres-grande-classe-la-comedie-avec-audrey-fleurot-et-melha-bedia-a-voir-a-la-tele\/#primaryimage","url":"https:\/\/1jour1sortie.com\/wp-content\/uploads\/2025\/08\/1888715.jpg","contentUrl":"https:\/\/1jour1sortie.com\/wp-content\/uploads\/2025\/08\/1888715.jpg","width":1600,"height":1063,"caption":"Audrey Fleurot et Melha Bedia dans \"La tr\u00e8s tr\u00e8s grande classe\""},{"@type":"BreadcrumbList","@id":"https:\/\/1jour1sortie.com\/index.php\/2025\/09\/04\/la-tres-tres-grande-classe-la-comedie-avec-audrey-fleurot-et-melha-bedia-a-voir-a-la-tele\/#breadcrumb","itemListElement":[{"@type":"ListItem","position":1,"name":"Accueil","item":"https:\/\/1jour1sortie.com\/"},{"@type":"ListItem","position":2,"name":"La tr\u00e8s tr\u00e8s grande classe, la com\u00e9die avec Audrey Fleurot et Melha Bedia, \u00e0 voir \u00e0 la t\u00e9l\u00e9"}]},{"@type":"WebSite","@id":"https:\/\/1jour1sortie.com\/#website","url":"https:\/\/1jour1sortie.com\/","name":"1 Jour 1 Sortie","description":"Par Laura Bruneau","publisher":{"@id":"https:\/\/1jour1sortie.com\/#\/schema\/person\/421cf30a2d8bd17d611a374f6581881a"},"potentialAction":[{"@type":"SearchAction","target":{"@type":"EntryPoint","urlTemplate":"https:\/\/1jour1sortie.com\/?s={search_term_string}"},"query-input":{"@type":"PropertyValueSpecification","valueRequired":true,"valueName":"search_term_string"}}],"inLanguage":"fr-FR"},{"@type":["Person","Organization"],"@id":"https:\/\/1jour1sortie.com\/#\/schema\/person\/421cf30a2d8bd17d611a374f6581881a","name":"Laura Bruneau","image":{"@type":"ImageObject","inLanguage":"fr-FR","@id":"https:\/\/secure.gravatar.com\/avatar\/8291dab2ef06499abccb64ced18b956a811c146e7f11c5e16b7e8eaf1dfccffc?s=96&d=mm&r=g","url":"https:\/\/secure.gravatar.com\/avatar\/8291dab2ef06499abccb64ced18b956a811c146e7f11c5e16b7e8eaf1dfccffc?s=96&d=mm&r=g","contentUrl":"https:\/\/secure.gravatar.com\/avatar\/8291dab2ef06499abccb64ced18b956a811c146e7f11c5e16b7e8eaf1dfccffc?s=96&d=mm&r=g","caption":"Laura Bruneau"},"logo":{"@id":"https:\/\/secure.gravatar.com\/avatar\/8291dab2ef06499abccb64ced18b956a811c146e7f11c5e16b7e8eaf1dfccffc?s=96&d=mm&r=g"},"sameAs":["http:\/\/1jour1sortie.com"],"url":"https:\/\/1jour1sortie.com\/index.php\/author\/admin6732\/"}]}},"jetpack_publicize_connections":[],"jetpack_featured_media_url":"https:\/\/1jour1sortie.com\/wp-content\/uploads\/2025\/08\/1888715.jpg","jetpack_sharing_enabled":true,"_links":{"self":[{"href":"https:\/\/1jour1sortie.com\/index.php\/wp-json\/wp\/v2\/posts\/2303","targetHints":{"allow":["GET"]}}],"collection":[{"href":"https:\/\/1jour1sortie.com\/index.php\/wp-json\/wp\/v2\/posts"}],"about":[{"href":"https:\/\/1jour1sortie.com\/index.php\/wp-json\/wp\/v2\/types\/post"}],"author":[{"embeddable":true,"href":"https:\/\/1jour1sortie.com\/index.php\/wp-json\/wp\/v2\/users\/1"}],"replies":[{"embeddable":true,"href":"https:\/\/1jour1sortie.com\/index.php\/wp-json\/wp\/v2\/comments?post=2303"}],"version-history":[{"count":5,"href":"https:\/\/1jour1sortie.com\/index.php\/wp-json\/wp\/v2\/posts\/2303\/revisions"}],"predecessor-version":[{"id":2308,"href":"https:\/\/1jour1sortie.com\/index.php\/wp-json\/wp\/v2\/posts\/2303\/revisions\/2308"}],"wp:featuredmedia":[{"embeddable":true,"href":"https:\/\/1jour1sortie.com\/index.php\/wp-json\/wp\/v2\/media\/2309"}],"wp:attachment":[{"href":"https:\/\/1jour1sortie.com\/index.php\/wp-json\/wp\/v2\/media?parent=2303"}],"wp:term":[{"taxonomy":"category","embeddable":true,"href":"https:\/\/1jour1sortie.com\/index.php\/wp-json\/wp\/v2\/categories?post=2303"},{"taxonomy":"post_tag","embeddable":true,"href":"https:\/\/1jour1sortie.com\/index.php\/wp-json\/wp\/v2\/tags?post=2303"}],"curies":[{"name":"wp","href":"https:\/\/api.w.org\/{rel}","templated":true}]}}