{"id":2290,"date":"2025-09-05T08:00:00","date_gmt":"2025-09-05T06:00:00","guid":{"rendered":"https:\/\/1jour1sortie.com\/?p=2290"},"modified":"2025-08-31T11:58:22","modified_gmt":"2025-08-31T09:58:22","slug":"nous-finirons-ensemble-le-film-de-guillaume-canet-avec-marion-cotillard-benoit-magimel-francois-cluzet-diffuse-a-la-tele","status":"publish","type":"post","link":"https:\/\/1jour1sortie.com\/index.php\/2025\/09\/05\/nous-finirons-ensemble-le-film-de-guillaume-canet-avec-marion-cotillard-benoit-magimel-francois-cluzet-diffuse-a-la-tele\/","title":{"rendered":"Nous finirons ensemble, le film de Guillaume Canet, avec Marion Cotillard, Beno\u00eet Magimel, Fran\u00e7ois Cluzet, diffus\u00e9 \u00e0 la t\u00e9l\u00e9"},"content":{"rendered":"\n<p><em>W9 rediffuse \u00ab\u00a0nous finirons ensemble\u00a0\u00bb, le film de Guillaume Canet, qui est la suite des \u00ab\u00a0Petits Mouchoirs\u00a0\u00bb, avec Jos\u00e9 Garcia, Fran\u00e7ois Cluzet, Marion Cotillard, Gilles Lellouche ou encore Laurent Lafitte. <\/em><\/p>\n\n\n\n<p><strong><em>Nous finirons ensemble<\/em><\/strong>, le<a href=\"https:\/\/1jour1sortie.com\/index.php\/2025\/07\/28\/ces-bons-films-et-autres-programmes-a-voir-sur-netflix-et-prime-video\/\"> film<\/a> de <strong>Guillaume Canet<\/strong>, suite des <em><strong>Petits Mouchoirs<\/strong><\/em>, passe de nouveau \u00e0 la <a href=\"https:\/\/1jour1sortie.com\/index.php\/category\/cinema\/tv-series\/\"><strong>t\u00e9l\u00e9<\/strong><\/a>, en clair. La<strong> com\u00e9die dramatique<\/strong> est programm\u00e9e sur<strong> W9<\/strong>, le dimanche <strong>7 septembre<\/strong>, en prime time. <\/p>\n\n\n\n<figure class=\"wp-block-embed is-type-video is-provider-youtube wp-block-embed-youtube wp-embed-aspect-16-9 wp-has-aspect-ratio\"><div class=\"wp-block-embed__wrapper\">\n<iframe loading=\"lazy\" title=\"Nous Finirons Ensemble - Bande-annonce\" width=\"800\" height=\"450\" src=\"https:\/\/www.youtube.com\/embed\/ej0k_NUehao?feature=oembed\" frameborder=\"0\" allow=\"accelerometer; autoplay; clipboard-write; encrypted-media; gyroscope; picture-in-picture; web-share\" referrerpolicy=\"strict-origin-when-cross-origin\" allowfullscreen><\/iframe>\n<\/div><\/figure>\n\n\n\n<p>C&rsquo;est la 6\u00e8me fois que le groupe M6 diffuse <strong><em>Nous finirons ensemble<\/em><\/strong>, depuis sa premi\u00e8re programmation, en octobre 2021, o\u00f9 le film avait attir\u00e9 1,95 million de t\u00e9l\u00e9spectateurs devant M6. <br><strong><em>Nous finirons ensemble<\/em><\/strong> \u00e9tait sorti au cin\u00e9ma en mai 2019, soit un peu moins de 9 ans apr\u00e8s<em> Les petits mouchoirs<\/em>. <strong><em>Nous finirons ensemble<\/em><\/strong> avait alors \u00e9t\u00e9 vu par 2,76 millions de personnes au <a href=\"https:\/\/1jour1sortie.com\/index.php\/category\/cinema\/\">cin\u00e9ma<\/a>, contre 5,32 pour <em>Les petits mouchoirs<\/em>. <\/p>\n\n\n\n<p>Dans <strong><em>Nous finirons ensemble<\/em><\/strong>, <strong>Guillaume Cane<\/strong>t avait r\u00e9uni les m\u00eames acteurs que pour<em> Les petits mouchoirs<\/em>, \u00e0 savoir <a href=\"https:\/\/1jour1sortie.com\/index.php\/2025\/08\/21\/amants-le-drame-avec-pierre-niney-et-benoit-magimel-a-voir-a-la-tele\/\"><strong>Beno\u00eet Magimel<\/strong><\/a>, <strong>Fran\u00e7ois Cluzet<\/strong>, <strong>Laurent Lafitte<\/strong>, <a href=\"https:\/\/1jour1sortie.com\/index.php\/2024\/12\/04\/leurs-enfants-apres-eux-une-chronique-des-annees-90-par-les-freres-boukherma\/\"><strong>Gilles Lellouche<\/strong><\/a>, <strong>Marion Cotillard<\/strong>, <a href=\"https:\/\/1jour1sortie.com\/index.php\/2023\/12\/13\/interruption-la-piece-avec-pascale-arbillot-qui-parle-divg-sans-tabou\/\"><strong>Pascale Arbillot<\/strong><\/a>, <strong>Val\u00e9rie Bonneton <\/strong>et <strong>Jo\u00ebl Dupuch<\/strong>.<br><strong>Gwendoline Hamon<\/strong> et<strong> <a href=\"https:\/\/1jour1sortie.com\/index.php\/2024\/12\/23\/joli-joli-une-comedie-musicale-de-noel-avec-clara-luciani-vincent-dedienne-william-legbhil-et-laura-felpin\/\">Jos\u00e9 Garcia<\/a><\/strong> ont rejoint la troupe avec de nouveaux personnages. <\/p>\n\n\n\n<p>Dans <em>Les petits mouchoirs<\/em>, cette bande de copains se retrouvait en vacances, ensemble comme chaque ann\u00e9e, au Cap Ferret, mais cette ann\u00e9e-l\u00e0 un \u00e9v\u00e9nement tragique avait \u00e9branl\u00e9 l&rsquo;amiti\u00e9. Dans <em><strong>Nous finirons ensemble<\/strong><\/em>, la bande de potes se retrouve, apr\u00e8s plusieurs ann\u00e9es sans se voit, toujours au Cap Ferret, chez Max (<strong>Fran\u00e7ois Cluzet<\/strong>) pour lui faire la surprise pour son 60\u00e8me anniversaire. <\/p>\n\n\n\n<p>Bien que <strong>com\u00e9die dramatique<\/strong>,<strong><em> Nous finirons ensemble<\/em><\/strong> ne boude pas son aspect <strong>com\u00e9die <\/strong>avec de nombreuses sc\u00e8nes tr\u00e8s dr\u00f4les, car cette bande de copains a toujours son c\u00f4t\u00e9 un peu foufou, continue de sortir danser en boite et fait du parachute. Le personnage grognon de <strong>Fran\u00e7ois Cluzet <\/strong>contribue \u00e9galement \u00e0 nous faire rire, notamment lorsqu&rsquo;il s&#8217;emporte. <br><strong>Beno\u00eet Magimel <\/strong>est lumineux et <strong>Marion Cotillard <\/strong>convaincante dans le r\u00f4le de cette maman d\u00e9senchant\u00e9e.<\/p>\n\n\n\n<p class=\"has-small-font-size\"><em>Nous finirons ensemble<\/em>, de Guillaume Canet<br>Avec Marion Cotillard, Fran\u00e7ois Cluzet, Beno\u00eet Magimel, Jos\u00e9 Garcia, Laurent Lafitte, Gilles Lellouche, Pascale Arbillot, Val\u00e9rie Bonneton, Jo\u00ebl Dupuch&#8230;<br>2h15<br>Sur W9 le 07\/09\/2025 \u00e0 21h10<br>Cr\u00e9dit photo : Tr\u00e9sor Films &#8211; Can\u00e9o Films &#8211; Europacorp &#8211; M6 Films &#8211; Les Productions du Tr\u00e9sor &#8211; Art\u00e9mis Productions<br><\/p>\n\n\n\n<p><\/p>\n","protected":false},"excerpt":{"rendered":"<p>W9 rediffuse \u00ab\u00a0nous finirons ensemble\u00a0\u00bb, le film de Guillaume Canet, qui est la suite des \u00ab\u00a0Petits Mouchoirs\u00a0\u00bb, avec Jos\u00e9 Garcia,<\/p>\n","protected":false},"author":1,"featured_media":2314,"comment_status":"open","ping_status":"open","sticky":false,"template":"","format":"standard","meta":{"colormag_page_container_layout":"default_layout","colormag_page_sidebar_layout":"default_layout","_jetpack_memberships_contains_paid_content":false,"footnotes":"","jetpack_publicize_message":"","jetpack_publicize_feature_enabled":true,"jetpack_social_post_already_shared":false,"jetpack_social_options":{"image_generator_settings":{"template":"highway","default_image_id":0,"font":"","enabled":false},"version":2}},"categories":[3,1103],"tags":[1652,10,11,58,17,1651,746,1648,89,1255,1650,1649,251,40,41,48,1653,768],"class_list":["post-2290","post","type-post","status-publish","format-standard","has-post-thumbnail","hentry","category-cinema","category-tv-series","tag-benoit-maginem","tag-cinema","tag-comedie","tag-comedie-dramatique","tag-film","tag-francois-cluzet","tag-gilles-lellouche","tag-guillaume-canet","tag-jose-garcia","tag-laurent-lafitte","tag-marion-cotillard","tag-nous-finirons-ensemble","tag-pascale-arbillot","tag-tele","tag-television","tag-tv","tag-valerie-bonneton","tag-w9"],"yoast_head":"<!-- This site is optimized with the Yoast SEO plugin v27.2 - https:\/\/yoast.com\/product\/yoast-seo-wordpress\/ -->\n<title>Nous finirons ensemble, le film de Guillaume Canet, avec Marion Cotillard, Beno\u00eet Magimel, Fran\u00e7ois Cluzet, diffus\u00e9 \u00e0 la t\u00e9l\u00e9 - 1 Jour 1 Sortie<\/title>\n<meta name=\"robots\" content=\"index, follow, max-snippet:-1, max-image-preview:large, max-video-preview:-1\" \/>\n<link rel=\"canonical\" href=\"https:\/\/1jour1sortie.com\/index.php\/2025\/09\/05\/nous-finirons-ensemble-le-film-de-guillaume-canet-avec-marion-cotillard-benoit-magimel-francois-cluzet-diffuse-a-la-tele\/\" \/>\n<meta property=\"og:locale\" content=\"fr_FR\" \/>\n<meta property=\"og:type\" content=\"article\" \/>\n<meta property=\"og:title\" content=\"Nous finirons ensemble, le film de Guillaume Canet, avec Marion Cotillard, Beno\u00eet Magimel, Fran\u00e7ois Cluzet, diffus\u00e9 \u00e0 la t\u00e9l\u00e9 - 1 Jour 1 Sortie\" \/>\n<meta property=\"og:description\" content=\"W9 rediffuse \u00ab\u00a0nous finirons ensemble\u00a0\u00bb, le film de Guillaume Canet, qui est la suite des \u00ab\u00a0Petits Mouchoirs\u00a0\u00bb, avec Jos\u00e9 Garcia,\" \/>\n<meta property=\"og:url\" content=\"https:\/\/1jour1sortie.com\/index.php\/2025\/09\/05\/nous-finirons-ensemble-le-film-de-guillaume-canet-avec-marion-cotillard-benoit-magimel-francois-cluzet-diffuse-a-la-tele\/\" \/>\n<meta property=\"og:site_name\" content=\"1 Jour 1 Sortie\" \/>\n<meta property=\"article:published_time\" content=\"2025-09-05T06:00:00+00:00\" \/>\n<meta property=\"og:image\" content=\"https:\/\/1jour1sortie.com\/wp-content\/uploads\/2025\/08\/0285965.jpg\" \/>\n\t<meta property=\"og:image:width\" content=\"1600\" \/>\n\t<meta property=\"og:image:height\" content=\"1067\" \/>\n\t<meta property=\"og:image:type\" content=\"image\/jpeg\" \/>\n<meta name=\"author\" content=\"Laura Bruneau\" \/>\n<meta name=\"twitter:card\" content=\"summary_large_image\" \/>\n<meta name=\"twitter:label1\" content=\"\u00c9crit par\" \/>\n\t<meta name=\"twitter:data1\" content=\"Laura Bruneau\" \/>\n\t<meta name=\"twitter:label2\" content=\"Dur\u00e9e de lecture estim\u00e9e\" \/>\n\t<meta name=\"twitter:data2\" content=\"3 minutes\" \/>\n<script type=\"application\/ld+json\" class=\"yoast-schema-graph\">{\"@context\":\"https:\/\/schema.org\",\"@graph\":[{\"@type\":\"Article\",\"@id\":\"https:\/\/1jour1sortie.com\/index.php\/2025\/09\/05\/nous-finirons-ensemble-le-film-de-guillaume-canet-avec-marion-cotillard-benoit-magimel-francois-cluzet-diffuse-a-la-tele\/#article\",\"isPartOf\":{\"@id\":\"https:\/\/1jour1sortie.com\/index.php\/2025\/09\/05\/nous-finirons-ensemble-le-film-de-guillaume-canet-avec-marion-cotillard-benoit-magimel-francois-cluzet-diffuse-a-la-tele\/\"},\"author\":{\"name\":\"Laura Bruneau\",\"@id\":\"https:\/\/1jour1sortie.com\/#\/schema\/person\/421cf30a2d8bd17d611a374f6581881a\"},\"headline\":\"Nous finirons ensemble, le film de Guillaume Canet, avec Marion Cotillard, Beno\u00eet Magimel, Fran\u00e7ois Cluzet, diffus\u00e9 \u00e0 la t\u00e9l\u00e9\",\"datePublished\":\"2025-09-05T06:00:00+00:00\",\"mainEntityOfPage\":{\"@id\":\"https:\/\/1jour1sortie.com\/index.php\/2025\/09\/05\/nous-finirons-ensemble-le-film-de-guillaume-canet-avec-marion-cotillard-benoit-magimel-francois-cluzet-diffuse-a-la-tele\/\"},\"wordCount\":437,\"commentCount\":0,\"publisher\":{\"@id\":\"https:\/\/1jour1sortie.com\/#\/schema\/person\/421cf30a2d8bd17d611a374f6581881a\"},\"image\":{\"@id\":\"https:\/\/1jour1sortie.com\/index.php\/2025\/09\/05\/nous-finirons-ensemble-le-film-de-guillaume-canet-avec-marion-cotillard-benoit-magimel-francois-cluzet-diffuse-a-la-tele\/#primaryimage\"},\"thumbnailUrl\":\"https:\/\/1jour1sortie.com\/wp-content\/uploads\/2025\/08\/0285965.jpg\",\"keywords\":[\"beno\u00eet maginem\",\"Cin\u00e9ma\",\"com\u00e9die\",\"com\u00e9die dramatique\",\"film\",\"fran\u00e7ois cluzet\",\"gilles lellouche\",\"guillaume canet\",\"jos\u00e9 garcia\",\"laurent lafitte\",\"marion cotillard\",\"nous finirons ensemble\",\"pascale arbillot\",\"t\u00e9l\u00e9\",\"t\u00e9l\u00e9vision\",\"TV\",\"val\u00e9rie bonneton\",\"w9\"],\"articleSection\":[\"Cin\u00e9ma &amp; Co\",\"TV &amp; S\u00e9ries\"],\"inLanguage\":\"fr-FR\",\"potentialAction\":[{\"@type\":\"CommentAction\",\"name\":\"Comment\",\"target\":[\"https:\/\/1jour1sortie.com\/index.php\/2025\/09\/05\/nous-finirons-ensemble-le-film-de-guillaume-canet-avec-marion-cotillard-benoit-magimel-francois-cluzet-diffuse-a-la-tele\/#respond\"]}]},{\"@type\":\"WebPage\",\"@id\":\"https:\/\/1jour1sortie.com\/index.php\/2025\/09\/05\/nous-finirons-ensemble-le-film-de-guillaume-canet-avec-marion-cotillard-benoit-magimel-francois-cluzet-diffuse-a-la-tele\/\",\"url\":\"https:\/\/1jour1sortie.com\/index.php\/2025\/09\/05\/nous-finirons-ensemble-le-film-de-guillaume-canet-avec-marion-cotillard-benoit-magimel-francois-cluzet-diffuse-a-la-tele\/\",\"name\":\"Nous finirons ensemble, le film de Guillaume Canet, avec Marion Cotillard, Beno\u00eet Magimel, Fran\u00e7ois Cluzet, diffus\u00e9 \u00e0 la t\u00e9l\u00e9 - 1 Jour 1 Sortie\",\"isPartOf\":{\"@id\":\"https:\/\/1jour1sortie.com\/#website\"},\"primaryImageOfPage\":{\"@id\":\"https:\/\/1jour1sortie.com\/index.php\/2025\/09\/05\/nous-finirons-ensemble-le-film-de-guillaume-canet-avec-marion-cotillard-benoit-magimel-francois-cluzet-diffuse-a-la-tele\/#primaryimage\"},\"image\":{\"@id\":\"https:\/\/1jour1sortie.com\/index.php\/2025\/09\/05\/nous-finirons-ensemble-le-film-de-guillaume-canet-avec-marion-cotillard-benoit-magimel-francois-cluzet-diffuse-a-la-tele\/#primaryimage\"},\"thumbnailUrl\":\"https:\/\/1jour1sortie.com\/wp-content\/uploads\/2025\/08\/0285965.jpg\",\"datePublished\":\"2025-09-05T06:00:00+00:00\",\"breadcrumb\":{\"@id\":\"https:\/\/1jour1sortie.com\/index.php\/2025\/09\/05\/nous-finirons-ensemble-le-film-de-guillaume-canet-avec-marion-cotillard-benoit-magimel-francois-cluzet-diffuse-a-la-tele\/#breadcrumb\"},\"inLanguage\":\"fr-FR\",\"potentialAction\":[{\"@type\":\"ReadAction\",\"target\":[\"https:\/\/1jour1sortie.com\/index.php\/2025\/09\/05\/nous-finirons-ensemble-le-film-de-guillaume-canet-avec-marion-cotillard-benoit-magimel-francois-cluzet-diffuse-a-la-tele\/\"]}]},{\"@type\":\"ImageObject\",\"inLanguage\":\"fr-FR\",\"@id\":\"https:\/\/1jour1sortie.com\/index.php\/2025\/09\/05\/nous-finirons-ensemble-le-film-de-guillaume-canet-avec-marion-cotillard-benoit-magimel-francois-cluzet-diffuse-a-la-tele\/#primaryimage\",\"url\":\"https:\/\/1jour1sortie.com\/wp-content\/uploads\/2025\/08\/0285965.jpg\",\"contentUrl\":\"https:\/\/1jour1sortie.com\/wp-content\/uploads\/2025\/08\/0285965.jpg\",\"width\":1600,\"height\":1067,\"caption\":\"Fran\u00e7ois Cluzet dans \\\"Nous finirons ensemble\\\"\"},{\"@type\":\"BreadcrumbList\",\"@id\":\"https:\/\/1jour1sortie.com\/index.php\/2025\/09\/05\/nous-finirons-ensemble-le-film-de-guillaume-canet-avec-marion-cotillard-benoit-magimel-francois-cluzet-diffuse-a-la-tele\/#breadcrumb\",\"itemListElement\":[{\"@type\":\"ListItem\",\"position\":1,\"name\":\"Accueil\",\"item\":\"https:\/\/1jour1sortie.com\/\"},{\"@type\":\"ListItem\",\"position\":2,\"name\":\"Nous finirons ensemble, le film de Guillaume Canet, avec Marion Cotillard, Beno\u00eet Magimel, Fran\u00e7ois Cluzet, diffus\u00e9 \u00e0 la t\u00e9l\u00e9\"}]},{\"@type\":\"WebSite\",\"@id\":\"https:\/\/1jour1sortie.com\/#website\",\"url\":\"https:\/\/1jour1sortie.com\/\",\"name\":\"1 Jour 1 Sortie\",\"description\":\"Par Laura Bruneau\",\"publisher\":{\"@id\":\"https:\/\/1jour1sortie.com\/#\/schema\/person\/421cf30a2d8bd17d611a374f6581881a\"},\"potentialAction\":[{\"@type\":\"SearchAction\",\"target\":{\"@type\":\"EntryPoint\",\"urlTemplate\":\"https:\/\/1jour1sortie.com\/?s={search_term_string}\"},\"query-input\":{\"@type\":\"PropertyValueSpecification\",\"valueRequired\":true,\"valueName\":\"search_term_string\"}}],\"inLanguage\":\"fr-FR\"},{\"@type\":[\"Person\",\"Organization\"],\"@id\":\"https:\/\/1jour1sortie.com\/#\/schema\/person\/421cf30a2d8bd17d611a374f6581881a\",\"name\":\"Laura Bruneau\",\"image\":{\"@type\":\"ImageObject\",\"inLanguage\":\"fr-FR\",\"@id\":\"https:\/\/secure.gravatar.com\/avatar\/8291dab2ef06499abccb64ced18b956a811c146e7f11c5e16b7e8eaf1dfccffc?s=96&d=mm&r=g\",\"url\":\"https:\/\/secure.gravatar.com\/avatar\/8291dab2ef06499abccb64ced18b956a811c146e7f11c5e16b7e8eaf1dfccffc?s=96&d=mm&r=g\",\"contentUrl\":\"https:\/\/secure.gravatar.com\/avatar\/8291dab2ef06499abccb64ced18b956a811c146e7f11c5e16b7e8eaf1dfccffc?s=96&d=mm&r=g\",\"caption\":\"Laura Bruneau\"},\"logo\":{\"@id\":\"https:\/\/secure.gravatar.com\/avatar\/8291dab2ef06499abccb64ced18b956a811c146e7f11c5e16b7e8eaf1dfccffc?s=96&d=mm&r=g\"},\"sameAs\":[\"http:\/\/1jour1sortie.com\"],\"url\":\"https:\/\/1jour1sortie.com\/index.php\/author\/admin6732\/\"}]}<\/script>\n<!-- \/ Yoast SEO plugin. -->","yoast_head_json":{"title":"Nous finirons ensemble, le film de Guillaume Canet, avec Marion Cotillard, Beno\u00eet Magimel, Fran\u00e7ois Cluzet, diffus\u00e9 \u00e0 la t\u00e9l\u00e9 - 1 Jour 1 Sortie","robots":{"index":"index","follow":"follow","max-snippet":"max-snippet:-1","max-image-preview":"max-image-preview:large","max-video-preview":"max-video-preview:-1"},"canonical":"https:\/\/1jour1sortie.com\/index.php\/2025\/09\/05\/nous-finirons-ensemble-le-film-de-guillaume-canet-avec-marion-cotillard-benoit-magimel-francois-cluzet-diffuse-a-la-tele\/","og_locale":"fr_FR","og_type":"article","og_title":"Nous finirons ensemble, le film de Guillaume Canet, avec Marion Cotillard, Beno\u00eet Magimel, Fran\u00e7ois Cluzet, diffus\u00e9 \u00e0 la t\u00e9l\u00e9 - 1 Jour 1 Sortie","og_description":"W9 rediffuse \u00ab\u00a0nous finirons ensemble\u00a0\u00bb, le film de Guillaume Canet, qui est la suite des \u00ab\u00a0Petits Mouchoirs\u00a0\u00bb, avec Jos\u00e9 Garcia,","og_url":"https:\/\/1jour1sortie.com\/index.php\/2025\/09\/05\/nous-finirons-ensemble-le-film-de-guillaume-canet-avec-marion-cotillard-benoit-magimel-francois-cluzet-diffuse-a-la-tele\/","og_site_name":"1 Jour 1 Sortie","article_published_time":"2025-09-05T06:00:00+00:00","og_image":[{"width":1600,"height":1067,"url":"https:\/\/1jour1sortie.com\/wp-content\/uploads\/2025\/08\/0285965.jpg","type":"image\/jpeg"}],"author":"Laura Bruneau","twitter_card":"summary_large_image","twitter_misc":{"\u00c9crit par":"Laura Bruneau","Dur\u00e9e de lecture estim\u00e9e":"3 minutes"},"schema":{"@context":"https:\/\/schema.org","@graph":[{"@type":"Article","@id":"https:\/\/1jour1sortie.com\/index.php\/2025\/09\/05\/nous-finirons-ensemble-le-film-de-guillaume-canet-avec-marion-cotillard-benoit-magimel-francois-cluzet-diffuse-a-la-tele\/#article","isPartOf":{"@id":"https:\/\/1jour1sortie.com\/index.php\/2025\/09\/05\/nous-finirons-ensemble-le-film-de-guillaume-canet-avec-marion-cotillard-benoit-magimel-francois-cluzet-diffuse-a-la-tele\/"},"author":{"name":"Laura Bruneau","@id":"https:\/\/1jour1sortie.com\/#\/schema\/person\/421cf30a2d8bd17d611a374f6581881a"},"headline":"Nous finirons ensemble, le film de Guillaume Canet, avec Marion Cotillard, Beno\u00eet Magimel, Fran\u00e7ois Cluzet, diffus\u00e9 \u00e0 la t\u00e9l\u00e9","datePublished":"2025-09-05T06:00:00+00:00","mainEntityOfPage":{"@id":"https:\/\/1jour1sortie.com\/index.php\/2025\/09\/05\/nous-finirons-ensemble-le-film-de-guillaume-canet-avec-marion-cotillard-benoit-magimel-francois-cluzet-diffuse-a-la-tele\/"},"wordCount":437,"commentCount":0,"publisher":{"@id":"https:\/\/1jour1sortie.com\/#\/schema\/person\/421cf30a2d8bd17d611a374f6581881a"},"image":{"@id":"https:\/\/1jour1sortie.com\/index.php\/2025\/09\/05\/nous-finirons-ensemble-le-film-de-guillaume-canet-avec-marion-cotillard-benoit-magimel-francois-cluzet-diffuse-a-la-tele\/#primaryimage"},"thumbnailUrl":"https:\/\/1jour1sortie.com\/wp-content\/uploads\/2025\/08\/0285965.jpg","keywords":["beno\u00eet maginem","Cin\u00e9ma","com\u00e9die","com\u00e9die dramatique","film","fran\u00e7ois cluzet","gilles lellouche","guillaume canet","jos\u00e9 garcia","laurent lafitte","marion cotillard","nous finirons ensemble","pascale arbillot","t\u00e9l\u00e9","t\u00e9l\u00e9vision","TV","val\u00e9rie bonneton","w9"],"articleSection":["Cin\u00e9ma &amp; Co","TV &amp; S\u00e9ries"],"inLanguage":"fr-FR","potentialAction":[{"@type":"CommentAction","name":"Comment","target":["https:\/\/1jour1sortie.com\/index.php\/2025\/09\/05\/nous-finirons-ensemble-le-film-de-guillaume-canet-avec-marion-cotillard-benoit-magimel-francois-cluzet-diffuse-a-la-tele\/#respond"]}]},{"@type":"WebPage","@id":"https:\/\/1jour1sortie.com\/index.php\/2025\/09\/05\/nous-finirons-ensemble-le-film-de-guillaume-canet-avec-marion-cotillard-benoit-magimel-francois-cluzet-diffuse-a-la-tele\/","url":"https:\/\/1jour1sortie.com\/index.php\/2025\/09\/05\/nous-finirons-ensemble-le-film-de-guillaume-canet-avec-marion-cotillard-benoit-magimel-francois-cluzet-diffuse-a-la-tele\/","name":"Nous finirons ensemble, le film de Guillaume Canet, avec Marion Cotillard, Beno\u00eet Magimel, Fran\u00e7ois Cluzet, diffus\u00e9 \u00e0 la t\u00e9l\u00e9 - 1 Jour 1 Sortie","isPartOf":{"@id":"https:\/\/1jour1sortie.com\/#website"},"primaryImageOfPage":{"@id":"https:\/\/1jour1sortie.com\/index.php\/2025\/09\/05\/nous-finirons-ensemble-le-film-de-guillaume-canet-avec-marion-cotillard-benoit-magimel-francois-cluzet-diffuse-a-la-tele\/#primaryimage"},"image":{"@id":"https:\/\/1jour1sortie.com\/index.php\/2025\/09\/05\/nous-finirons-ensemble-le-film-de-guillaume-canet-avec-marion-cotillard-benoit-magimel-francois-cluzet-diffuse-a-la-tele\/#primaryimage"},"thumbnailUrl":"https:\/\/1jour1sortie.com\/wp-content\/uploads\/2025\/08\/0285965.jpg","datePublished":"2025-09-05T06:00:00+00:00","breadcrumb":{"@id":"https:\/\/1jour1sortie.com\/index.php\/2025\/09\/05\/nous-finirons-ensemble-le-film-de-guillaume-canet-avec-marion-cotillard-benoit-magimel-francois-cluzet-diffuse-a-la-tele\/#breadcrumb"},"inLanguage":"fr-FR","potentialAction":[{"@type":"ReadAction","target":["https:\/\/1jour1sortie.com\/index.php\/2025\/09\/05\/nous-finirons-ensemble-le-film-de-guillaume-canet-avec-marion-cotillard-benoit-magimel-francois-cluzet-diffuse-a-la-tele\/"]}]},{"@type":"ImageObject","inLanguage":"fr-FR","@id":"https:\/\/1jour1sortie.com\/index.php\/2025\/09\/05\/nous-finirons-ensemble-le-film-de-guillaume-canet-avec-marion-cotillard-benoit-magimel-francois-cluzet-diffuse-a-la-tele\/#primaryimage","url":"https:\/\/1jour1sortie.com\/wp-content\/uploads\/2025\/08\/0285965.jpg","contentUrl":"https:\/\/1jour1sortie.com\/wp-content\/uploads\/2025\/08\/0285965.jpg","width":1600,"height":1067,"caption":"Fran\u00e7ois Cluzet dans \"Nous finirons ensemble\""},{"@type":"BreadcrumbList","@id":"https:\/\/1jour1sortie.com\/index.php\/2025\/09\/05\/nous-finirons-ensemble-le-film-de-guillaume-canet-avec-marion-cotillard-benoit-magimel-francois-cluzet-diffuse-a-la-tele\/#breadcrumb","itemListElement":[{"@type":"ListItem","position":1,"name":"Accueil","item":"https:\/\/1jour1sortie.com\/"},{"@type":"ListItem","position":2,"name":"Nous finirons ensemble, le film de Guillaume Canet, avec Marion Cotillard, Beno\u00eet Magimel, Fran\u00e7ois Cluzet, diffus\u00e9 \u00e0 la t\u00e9l\u00e9"}]},{"@type":"WebSite","@id":"https:\/\/1jour1sortie.com\/#website","url":"https:\/\/1jour1sortie.com\/","name":"1 Jour 1 Sortie","description":"Par Laura Bruneau","publisher":{"@id":"https:\/\/1jour1sortie.com\/#\/schema\/person\/421cf30a2d8bd17d611a374f6581881a"},"potentialAction":[{"@type":"SearchAction","target":{"@type":"EntryPoint","urlTemplate":"https:\/\/1jour1sortie.com\/?s={search_term_string}"},"query-input":{"@type":"PropertyValueSpecification","valueRequired":true,"valueName":"search_term_string"}}],"inLanguage":"fr-FR"},{"@type":["Person","Organization"],"@id":"https:\/\/1jour1sortie.com\/#\/schema\/person\/421cf30a2d8bd17d611a374f6581881a","name":"Laura Bruneau","image":{"@type":"ImageObject","inLanguage":"fr-FR","@id":"https:\/\/secure.gravatar.com\/avatar\/8291dab2ef06499abccb64ced18b956a811c146e7f11c5e16b7e8eaf1dfccffc?s=96&d=mm&r=g","url":"https:\/\/secure.gravatar.com\/avatar\/8291dab2ef06499abccb64ced18b956a811c146e7f11c5e16b7e8eaf1dfccffc?s=96&d=mm&r=g","contentUrl":"https:\/\/secure.gravatar.com\/avatar\/8291dab2ef06499abccb64ced18b956a811c146e7f11c5e16b7e8eaf1dfccffc?s=96&d=mm&r=g","caption":"Laura Bruneau"},"logo":{"@id":"https:\/\/secure.gravatar.com\/avatar\/8291dab2ef06499abccb64ced18b956a811c146e7f11c5e16b7e8eaf1dfccffc?s=96&d=mm&r=g"},"sameAs":["http:\/\/1jour1sortie.com"],"url":"https:\/\/1jour1sortie.com\/index.php\/author\/admin6732\/"}]}},"jetpack_publicize_connections":[],"jetpack_featured_media_url":"https:\/\/1jour1sortie.com\/wp-content\/uploads\/2025\/08\/0285965.jpg","jetpack_sharing_enabled":true,"_links":{"self":[{"href":"https:\/\/1jour1sortie.com\/index.php\/wp-json\/wp\/v2\/posts\/2290","targetHints":{"allow":["GET"]}}],"collection":[{"href":"https:\/\/1jour1sortie.com\/index.php\/wp-json\/wp\/v2\/posts"}],"about":[{"href":"https:\/\/1jour1sortie.com\/index.php\/wp-json\/wp\/v2\/types\/post"}],"author":[{"embeddable":true,"href":"https:\/\/1jour1sortie.com\/index.php\/wp-json\/wp\/v2\/users\/1"}],"replies":[{"embeddable":true,"href":"https:\/\/1jour1sortie.com\/index.php\/wp-json\/wp\/v2\/comments?post=2290"}],"version-history":[{"count":5,"href":"https:\/\/1jour1sortie.com\/index.php\/wp-json\/wp\/v2\/posts\/2290\/revisions"}],"predecessor-version":[{"id":2315,"href":"https:\/\/1jour1sortie.com\/index.php\/wp-json\/wp\/v2\/posts\/2290\/revisions\/2315"}],"wp:featuredmedia":[{"embeddable":true,"href":"https:\/\/1jour1sortie.com\/index.php\/wp-json\/wp\/v2\/media\/2314"}],"wp:attachment":[{"href":"https:\/\/1jour1sortie.com\/index.php\/wp-json\/wp\/v2\/media?parent=2290"}],"wp:term":[{"taxonomy":"category","embeddable":true,"href":"https:\/\/1jour1sortie.com\/index.php\/wp-json\/wp\/v2\/categories?post=2290"},{"taxonomy":"post_tag","embeddable":true,"href":"https:\/\/1jour1sortie.com\/index.php\/wp-json\/wp\/v2\/tags?post=2290"}],"curies":[{"name":"wp","href":"https:\/\/api.w.org\/{rel}","templated":true}]}}