{"id":1920,"date":"2025-07-29T08:00:00","date_gmt":"2025-07-29T06:00:00","guid":{"rendered":"https:\/\/1jour1sortie.com\/?p=1920"},"modified":"2025-07-18T17:27:07","modified_gmt":"2025-07-18T15:27:07","slug":"385-quai-des-orfevres-la-comedie-policiere-avec-didier-bourdon-artus-et-caroline-anglade-diffusee-a-la-tele","status":"publish","type":"post","link":"https:\/\/1jour1sortie.com\/index.php\/2025\/07\/29\/385-quai-des-orfevres-la-comedie-policiere-avec-didier-bourdon-artus-et-caroline-anglade-diffusee-a-la-tele\/","title":{"rendered":"38\u00b05 Quai des Orf\u00e8vres, la com\u00e9die polici\u00e8re avec Didier Bourdon, Artus et Caroline Anglade, diffus\u00e9e \u00e0 la t\u00e9l\u00e9"},"content":{"rendered":"\n<p><em>\u00c9chec commercial au cin\u00e9ma au moment de sa sortie il y a deux ans, \u00ab\u00a038\u00b05 Quai des Orf\u00e8vres\u00a0\u00bb est propos\u00e9 \u00e0 la t\u00e9l\u00e9. Un film, avec Artus, Didier Bourdon et Caroline Anglade, dont le c\u00f4t\u00e9 policier est fort plaisant. <\/em><\/p>\n\n\n\n<p><strong><em>38\u00b05 Quai des Orf\u00e8vres<\/em><\/strong>, <strong>film <\/strong>\u00e9crit et r\u00e9alis\u00e9 par <strong>Benjamin Lehrer<\/strong>, et prim\u00e9 en 2023 au <strong>Festival de l&rsquo;Alpe d&rsquo;Huez<\/strong>, est diffus\u00e9 \u00e0 la <a href=\"https:\/\/1jour1sortie.com\/index.php\/category\/cinema\/tv-series\/\"><strong>t\u00e9l\u00e9<\/strong> <\/a>en cet \u00e9t\u00e9 2025. Cette <strong>com\u00e9die polici\u00e8re<\/strong>, avec <strong>Didier Bourdon<\/strong>, <strong>Artus<\/strong> et <strong>Caroline Anglad<\/strong>e, est programm\u00e9e sur <strong>TMC<\/strong>, en prime time, le jeudi <strong>31 juillet <\/strong>2025.<\/p>\n\n\n\n<figure class=\"wp-block-embed is-type-video is-provider-youtube wp-block-embed-youtube wp-embed-aspect-16-9 wp-has-aspect-ratio\"><div class=\"wp-block-embed__wrapper\">\n<iframe loading=\"lazy\" title=\"38\u00b05 QUAI DES ORF\u00c8VRES | BANDE-ANNONCE OFFICIELLE (Didier Bourdon, Grand Prix de l\u2019Alpe d\u2019Huez)\" width=\"800\" height=\"450\" src=\"https:\/\/www.youtube.com\/embed\/wf-gbxKwwUo?feature=oembed\" frameborder=\"0\" allow=\"accelerometer; autoplay; clipboard-write; encrypted-media; gyroscope; picture-in-picture; web-share\" referrerpolicy=\"strict-origin-when-cross-origin\" allowfullscreen><\/iframe>\n<\/div><\/figure>\n\n\n\n<p><strong><em>38\u00b05 Quai des Orf\u00e8vres<\/em><\/strong> \u00e9tait sorti au<strong> <a href=\"https:\/\/1jour1sortie.com\/index.php\/category\/cinema\/\">cin\u00e9ma<\/a><\/strong> le 21 juin 2023. Le<strong> film,<\/strong> qui a re\u00e7u le<strong> Grand Prix <\/strong>2023 du<strong> Festival International du Film de com\u00e9die de l&rsquo;Alpe d&rsquo;Huez<\/strong>, n&rsquo;avait cumul\u00e9, \u00e0 l&rsquo;\u00e9t\u00e9 2023, qu&rsquo;un peu moins de 80.000 spectateurs en salles. Deux ann\u00e9es plus tard, il est propos\u00e9, pour la premi\u00e8re fois, en <strong>clair<\/strong> \u00e0 la <strong>t\u00e9l\u00e9<\/strong>, sur <strong>TMC<\/strong>, cha\u00eene du groupe TF1, canal 10 de la TNT.  <\/p>\n\n\n\n<p>Si <strong><em>38\u00b05 Quai des Orf\u00e8vres<\/em><\/strong> a \u00e9t\u00e9 prim\u00e9 dans un festival d\u00e9di\u00e9 au genre de la <strong>com\u00e9die<\/strong>, c\u2019est clairement son aspect<strong> policier <\/strong>qui s\u00e9duit davantage.<br><strong>Benjamin Lehrer <\/strong>y dirige <strong>Didier Bourdon <\/strong>(<a href=\"https:\/\/1jour1sortie.com\/index.php\/2023\/12\/14\/chasse-gardee-la-comedie-sur-la-chasse-avec-hakim-jemili-et-didier-bourdon\/\"><em>Chasse Gard\u00e9e<\/em><\/a>),  <strong>Caroline Anglade <\/strong>&#8211; dont le nom du personnage fait clairement r\u00e9f\u00e9rence \u00e0 celui de Jodie Foster dans<em> Le silence des agneaux<\/em> &#8211; et <strong>Artus<\/strong>. <strong>Yann Papin<\/strong>,  <strong>Fr\u00e9d\u00e9rique Bel<\/strong>,<strong> Steve Tran<\/strong> et <strong>Thierry Desroses<\/strong> (\u00e0 la rentr\u00e9e dans le western fran\u00e7ais D<em>ans l&rsquo;ombre de Marlowe)<\/em>) comptent \u00e9galement parmi la distribution de <strong><em>38\u00b05 Quai des Orf\u00e8vres<\/em><\/strong>.<\/p>\n\n\n\n<p>Panique quai des Orf\u00e8vres ! Un tueur en s\u00e9rie, surnomm\u00e9 le Ver(s) Solitaire, s\u00e8me des Alexandrins sur des sc\u00e8nes de crime, causant terreur et confusion. Clarisse Sterling (<strong>Caroline Anglade<\/strong>), une jeune enqu\u00eatrice enthousiaste, se voit confier cette affaire sous la supervision du l\u00e9gendaire commissaire Keller (<strong>Didier Bourdon<\/strong>). Arm\u00e9e de 200 grammes de chouquettes et d\u2019un bel ananas bien plac\u00e9, Clarisse doit jongler entre les bras cass\u00e9s qui composent la brigade criminelle et des \u00e9nigmes tordues pour d\u00e9masquer l\u2019assassin\u2026 Sa mission impossible ne fait que commencer.<\/p>\n\n\n\n<p>D\u00e8s le g\u00e9n\u00e9rique de <strong><em>38\u00b05 Quai des Orf\u00e8vres<\/em><\/strong>, le r\u00e9alisateur<strong> Benjamin Lehrer<\/strong>, pass\u00e9 par<em> Les Guignols de l&rsquo;info<\/em>,  annonce la couleur : son <strong>film <\/strong>est tr\u00e8s inspir\u00e9 par des classiques du <a href=\"https:\/\/1jour1sortie.com\/index.php\/category\/cinema\/\"><strong>cin\u00e9ma<\/strong><\/a>. Entre un titre qui fait \u00e9cho \u00e0 un long-m\u00e9trage d\u2019<a href=\"https:\/\/1jour1sortie.com\/index.php\/2025\/03\/09\/pour-lhonneur-la-comedie-sur-le-rugby-avec-olivier-marchal-et-mathieu-madenian-diffusee-a-la-tele\/\">Olivier Marchal<\/a>, de tr\u00e8s nombreuses r\u00e9f\u00e9rences au <em>Silence des agneaux <\/em>et un clin d\u2019\u0153il \u00e0 <em>La Famille B\u00e9lier<\/em>, tout y est.<br>Apr\u00e8s une ouverture avec des personnages aux costumes plus que loufoques, on constate que les \u00e9l\u00e9ments pour faire rire sont bien l\u00e0, que ce soit dans les situations, les dialogues ou les personnages. Et notamment celui de<strong> Didier Bourdon,<\/strong> un commissaire imbu de sa personne et un peu trop amateur de Taser ainsi que celui d&rsquo;<strong>Artus, <\/strong>un m\u00e9decin l\u00e9giste superstar. Mais, tr\u00e8s rapidement, on se rend compte que c\u2019est davantage le c\u00f4t\u00e9 <strong>policier<\/strong> du <strong>film<\/strong>, son enqu\u00eate, et son aspect<strong> parodique<\/strong> qui s\u00e9duisent que purement sa nature de <strong>com\u00e9die<\/strong>. Car, si sur le papier les id\u00e9es sont tr\u00e8s bonnes, pour le c\u00f4t\u00e9 fou rire, on repassera. Tout au mieux, on sourit.<br>N\u00e9anmoins, le r\u00e9alisateur propose un <strong>film<\/strong> avec une intrigue et une enqu\u00eate \u00e0 l\u2019ancienne, mais tr\u00e8s moderne dans son \u00e9criture. Et c&rsquo;est l\u00e0 son tour de force. On plonge volontiers dans les investigations sur ce tueur en s\u00e9rie, une enqu\u00eate&nbsp;\u00e0 l\u2019ancienne bien que dans le service en charge de l\u2019affaire on ne manque pas de comptabiliser les likes sur les r\u00e9seaux sociaux et on prend des selfies \u00e0 longueur de temps. Le d\u00e9nouement nous confirme, lui aussi, qu\u2019il y a quelque chose d\u2019ancien dans ce <strong>long-m\u00e9trage<\/strong>. Mais pas dans le mauvais sens du terme : ici ancien rime avec <strong>hommage<\/strong> au genre <strong>policier<\/strong>.<\/p>\n\n\n\n<p class=\"has-small-font-size\"><em>38\u00b05 Quai des Orf\u00e8vres<\/em>, de Benjamin Lehrer<br>Avec Didier Bourdon, Artus, Caroline Anglade, Yann Papin, Pascal Demolon, Fr\u00e9d\u00e9rique Bel, Thierry Desroses, Steve Tran, <a href=\"https:\/\/1jour1sortie.com\/index.php\/2025\/02\/19\/avec-ou-sans-enfants-quand-bertrand-usclat-nous-fait-rire-en-papa-gaffeur\/\">Julien Pestel<\/a>, J\u00e9r\u00f4me Anger, St\u00e9phane Bern&#8230;<br>1h24<br>Sur TMC le 31\/07\/25 \u00e0 21h10<br>Cr\u00e9dit photo : Jean-Philippe Baltel \/ CHABRAQUE PRODUCTIONS  CARR\u00c9 LONG PRODUCTIONS<br><\/p>\n","protected":false},"excerpt":{"rendered":"<p>\u00c9chec commercial au cin\u00e9ma au moment de sa sortie il y a deux ans, \u00ab\u00a038\u00b05 Quai des Orf\u00e8vres\u00a0\u00bb est propos\u00e9<\/p>\n","protected":false},"author":1,"featured_media":1952,"comment_status":"open","ping_status":"open","sticky":false,"template":"","format":"standard","meta":{"colormag_page_container_layout":"default_layout","colormag_page_sidebar_layout":"default_layout","_jetpack_memberships_contains_paid_content":false,"footnotes":"","jetpack_publicize_message":"","jetpack_publicize_feature_enabled":true,"jetpack_social_post_already_shared":false,"jetpack_social_options":{"image_generator_settings":{"template":"highway","default_image_id":0,"font":"","enabled":false},"version":2}},"categories":[3,1103],"tags":[1445,371,1446,1447,10,11,1444,262,17,827,1449,1451,267,1452,40,41,1450,739,48],"class_list":["post-1920","post","type-post","status-publish","format-standard","has-post-thumbnail","hentry","category-cinema","category-tv-series","tag-385-quai-des-orfevres","tag-artus","tag-benjamin-lehrer","tag-caroline-anglade","tag-cinema","tag-comedie","tag-comedie-policiere","tag-didier-bourdon","tag-film","tag-film-policier","tag-frederique-bel","tag-jerome-anger","tag-julien-pestel","tag-stephane-bern","tag-tele","tag-television","tag-thierry-desroses","tag-tmc","tag-tv"],"yoast_head":"<!-- This site is optimized with the Yoast SEO plugin v27.2 - https:\/\/yoast.com\/product\/yoast-seo-wordpress\/ -->\n<title>38\u00b05 Quai des Orf\u00e8vres, la com\u00e9die polici\u00e8re avec Didier Bourdon, Artus et Caroline Anglade, diffus\u00e9e \u00e0 la t\u00e9l\u00e9 - 1 Jour 1 Sortie<\/title>\n<meta name=\"robots\" content=\"index, follow, max-snippet:-1, max-image-preview:large, max-video-preview:-1\" \/>\n<link rel=\"canonical\" href=\"https:\/\/1jour1sortie.com\/index.php\/2025\/07\/29\/385-quai-des-orfevres-la-comedie-policiere-avec-didier-bourdon-artus-et-caroline-anglade-diffusee-a-la-tele\/\" \/>\n<meta property=\"og:locale\" content=\"fr_FR\" \/>\n<meta property=\"og:type\" content=\"article\" \/>\n<meta property=\"og:title\" content=\"38\u00b05 Quai des Orf\u00e8vres, la com\u00e9die polici\u00e8re avec Didier Bourdon, Artus et Caroline Anglade, diffus\u00e9e \u00e0 la t\u00e9l\u00e9 - 1 Jour 1 Sortie\" \/>\n<meta property=\"og:description\" content=\"\u00c9chec commercial au cin\u00e9ma au moment de sa sortie il y a deux ans, \u00ab\u00a038\u00b05 Quai des Orf\u00e8vres\u00a0\u00bb est propos\u00e9\" \/>\n<meta property=\"og:url\" content=\"https:\/\/1jour1sortie.com\/index.php\/2025\/07\/29\/385-quai-des-orfevres-la-comedie-policiere-avec-didier-bourdon-artus-et-caroline-anglade-diffusee-a-la-tele\/\" \/>\n<meta property=\"og:site_name\" content=\"1 Jour 1 Sortie\" \/>\n<meta property=\"article:published_time\" content=\"2025-07-29T06:00:00+00:00\" \/>\n<meta property=\"og:image\" content=\"https:\/\/1jour1sortie.com\/wp-content\/uploads\/2025\/07\/2776332.jpg\" \/>\n\t<meta property=\"og:image:width\" content=\"1600\" \/>\n\t<meta property=\"og:image:height\" content=\"900\" \/>\n\t<meta property=\"og:image:type\" content=\"image\/jpeg\" \/>\n<meta name=\"author\" content=\"Laura Bruneau\" \/>\n<meta name=\"twitter:card\" content=\"summary_large_image\" \/>\n<meta name=\"twitter:label1\" content=\"\u00c9crit par\" \/>\n\t<meta name=\"twitter:data1\" content=\"Laura Bruneau\" \/>\n\t<meta name=\"twitter:label2\" content=\"Dur\u00e9e de lecture estim\u00e9e\" \/>\n\t<meta name=\"twitter:data2\" content=\"4 minutes\" \/>\n<script type=\"application\/ld+json\" class=\"yoast-schema-graph\">{\"@context\":\"https:\/\/schema.org\",\"@graph\":[{\"@type\":\"Article\",\"@id\":\"https:\/\/1jour1sortie.com\/index.php\/2025\/07\/29\/385-quai-des-orfevres-la-comedie-policiere-avec-didier-bourdon-artus-et-caroline-anglade-diffusee-a-la-tele\/#article\",\"isPartOf\":{\"@id\":\"https:\/\/1jour1sortie.com\/index.php\/2025\/07\/29\/385-quai-des-orfevres-la-comedie-policiere-avec-didier-bourdon-artus-et-caroline-anglade-diffusee-a-la-tele\/\"},\"author\":{\"name\":\"Laura Bruneau\",\"@id\":\"https:\/\/1jour1sortie.com\/#\/schema\/person\/421cf30a2d8bd17d611a374f6581881a\"},\"headline\":\"38\u00b05 Quai des Orf\u00e8vres, la com\u00e9die polici\u00e8re avec Didier Bourdon, Artus et Caroline Anglade, diffus\u00e9e \u00e0 la t\u00e9l\u00e9\",\"datePublished\":\"2025-07-29T06:00:00+00:00\",\"mainEntityOfPage\":{\"@id\":\"https:\/\/1jour1sortie.com\/index.php\/2025\/07\/29\/385-quai-des-orfevres-la-comedie-policiere-avec-didier-bourdon-artus-et-caroline-anglade-diffusee-a-la-tele\/\"},\"wordCount\":755,\"commentCount\":0,\"publisher\":{\"@id\":\"https:\/\/1jour1sortie.com\/#\/schema\/person\/421cf30a2d8bd17d611a374f6581881a\"},\"image\":{\"@id\":\"https:\/\/1jour1sortie.com\/index.php\/2025\/07\/29\/385-quai-des-orfevres-la-comedie-policiere-avec-didier-bourdon-artus-et-caroline-anglade-diffusee-a-la-tele\/#primaryimage\"},\"thumbnailUrl\":\"https:\/\/1jour1sortie.com\/wp-content\/uploads\/2025\/07\/2776332.jpg\",\"keywords\":[\"38\u00b05 Quai des Orf\u00e8vres\",\"artus\",\"benjamin lehrer\",\"caroline anglade\",\"Cin\u00e9ma\",\"com\u00e9die\",\"com\u00e9die polici\u00e8re\",\"didier bourdon\",\"film\",\"film policier\",\"fr\u00e9d\u00e9rique bel\",\"j\u00e9r\u00f4me anger\",\"julien pestel\",\"st\u00e9phane bern\",\"t\u00e9l\u00e9\",\"t\u00e9l\u00e9vision\",\"thierry desroses\",\"tmc\",\"TV\"],\"articleSection\":[\"Cin\u00e9ma &amp; Co\",\"TV &amp; S\u00e9ries\"],\"inLanguage\":\"fr-FR\",\"potentialAction\":[{\"@type\":\"CommentAction\",\"name\":\"Comment\",\"target\":[\"https:\/\/1jour1sortie.com\/index.php\/2025\/07\/29\/385-quai-des-orfevres-la-comedie-policiere-avec-didier-bourdon-artus-et-caroline-anglade-diffusee-a-la-tele\/#respond\"]}]},{\"@type\":\"WebPage\",\"@id\":\"https:\/\/1jour1sortie.com\/index.php\/2025\/07\/29\/385-quai-des-orfevres-la-comedie-policiere-avec-didier-bourdon-artus-et-caroline-anglade-diffusee-a-la-tele\/\",\"url\":\"https:\/\/1jour1sortie.com\/index.php\/2025\/07\/29\/385-quai-des-orfevres-la-comedie-policiere-avec-didier-bourdon-artus-et-caroline-anglade-diffusee-a-la-tele\/\",\"name\":\"38\u00b05 Quai des Orf\u00e8vres, la com\u00e9die polici\u00e8re avec Didier Bourdon, Artus et Caroline Anglade, diffus\u00e9e \u00e0 la t\u00e9l\u00e9 - 1 Jour 1 Sortie\",\"isPartOf\":{\"@id\":\"https:\/\/1jour1sortie.com\/#website\"},\"primaryImageOfPage\":{\"@id\":\"https:\/\/1jour1sortie.com\/index.php\/2025\/07\/29\/385-quai-des-orfevres-la-comedie-policiere-avec-didier-bourdon-artus-et-caroline-anglade-diffusee-a-la-tele\/#primaryimage\"},\"image\":{\"@id\":\"https:\/\/1jour1sortie.com\/index.php\/2025\/07\/29\/385-quai-des-orfevres-la-comedie-policiere-avec-didier-bourdon-artus-et-caroline-anglade-diffusee-a-la-tele\/#primaryimage\"},\"thumbnailUrl\":\"https:\/\/1jour1sortie.com\/wp-content\/uploads\/2025\/07\/2776332.jpg\",\"datePublished\":\"2025-07-29T06:00:00+00:00\",\"breadcrumb\":{\"@id\":\"https:\/\/1jour1sortie.com\/index.php\/2025\/07\/29\/385-quai-des-orfevres-la-comedie-policiere-avec-didier-bourdon-artus-et-caroline-anglade-diffusee-a-la-tele\/#breadcrumb\"},\"inLanguage\":\"fr-FR\",\"potentialAction\":[{\"@type\":\"ReadAction\",\"target\":[\"https:\/\/1jour1sortie.com\/index.php\/2025\/07\/29\/385-quai-des-orfevres-la-comedie-policiere-avec-didier-bourdon-artus-et-caroline-anglade-diffusee-a-la-tele\/\"]}]},{\"@type\":\"ImageObject\",\"inLanguage\":\"fr-FR\",\"@id\":\"https:\/\/1jour1sortie.com\/index.php\/2025\/07\/29\/385-quai-des-orfevres-la-comedie-policiere-avec-didier-bourdon-artus-et-caroline-anglade-diffusee-a-la-tele\/#primaryimage\",\"url\":\"https:\/\/1jour1sortie.com\/wp-content\/uploads\/2025\/07\/2776332.jpg\",\"contentUrl\":\"https:\/\/1jour1sortie.com\/wp-content\/uploads\/2025\/07\/2776332.jpg\",\"width\":1600,\"height\":900,\"caption\":\"38\u00b05 quai des orf\u00e8vres\"},{\"@type\":\"BreadcrumbList\",\"@id\":\"https:\/\/1jour1sortie.com\/index.php\/2025\/07\/29\/385-quai-des-orfevres-la-comedie-policiere-avec-didier-bourdon-artus-et-caroline-anglade-diffusee-a-la-tele\/#breadcrumb\",\"itemListElement\":[{\"@type\":\"ListItem\",\"position\":1,\"name\":\"Accueil\",\"item\":\"https:\/\/1jour1sortie.com\/\"},{\"@type\":\"ListItem\",\"position\":2,\"name\":\"38\u00b05 Quai des Orf\u00e8vres, la com\u00e9die polici\u00e8re avec Didier Bourdon, Artus et Caroline Anglade, diffus\u00e9e \u00e0 la t\u00e9l\u00e9\"}]},{\"@type\":\"WebSite\",\"@id\":\"https:\/\/1jour1sortie.com\/#website\",\"url\":\"https:\/\/1jour1sortie.com\/\",\"name\":\"1 Jour 1 Sortie\",\"description\":\"Par Laura Bruneau\",\"publisher\":{\"@id\":\"https:\/\/1jour1sortie.com\/#\/schema\/person\/421cf30a2d8bd17d611a374f6581881a\"},\"potentialAction\":[{\"@type\":\"SearchAction\",\"target\":{\"@type\":\"EntryPoint\",\"urlTemplate\":\"https:\/\/1jour1sortie.com\/?s={search_term_string}\"},\"query-input\":{\"@type\":\"PropertyValueSpecification\",\"valueRequired\":true,\"valueName\":\"search_term_string\"}}],\"inLanguage\":\"fr-FR\"},{\"@type\":[\"Person\",\"Organization\"],\"@id\":\"https:\/\/1jour1sortie.com\/#\/schema\/person\/421cf30a2d8bd17d611a374f6581881a\",\"name\":\"Laura Bruneau\",\"image\":{\"@type\":\"ImageObject\",\"inLanguage\":\"fr-FR\",\"@id\":\"https:\/\/secure.gravatar.com\/avatar\/8291dab2ef06499abccb64ced18b956a811c146e7f11c5e16b7e8eaf1dfccffc?s=96&d=mm&r=g\",\"url\":\"https:\/\/secure.gravatar.com\/avatar\/8291dab2ef06499abccb64ced18b956a811c146e7f11c5e16b7e8eaf1dfccffc?s=96&d=mm&r=g\",\"contentUrl\":\"https:\/\/secure.gravatar.com\/avatar\/8291dab2ef06499abccb64ced18b956a811c146e7f11c5e16b7e8eaf1dfccffc?s=96&d=mm&r=g\",\"caption\":\"Laura Bruneau\"},\"logo\":{\"@id\":\"https:\/\/secure.gravatar.com\/avatar\/8291dab2ef06499abccb64ced18b956a811c146e7f11c5e16b7e8eaf1dfccffc?s=96&d=mm&r=g\"},\"sameAs\":[\"http:\/\/1jour1sortie.com\"],\"url\":\"https:\/\/1jour1sortie.com\/index.php\/author\/admin6732\/\"}]}<\/script>\n<!-- \/ Yoast SEO plugin. -->","yoast_head_json":{"title":"38\u00b05 Quai des Orf\u00e8vres, la com\u00e9die polici\u00e8re avec Didier Bourdon, Artus et Caroline Anglade, diffus\u00e9e \u00e0 la t\u00e9l\u00e9 - 1 Jour 1 Sortie","robots":{"index":"index","follow":"follow","max-snippet":"max-snippet:-1","max-image-preview":"max-image-preview:large","max-video-preview":"max-video-preview:-1"},"canonical":"https:\/\/1jour1sortie.com\/index.php\/2025\/07\/29\/385-quai-des-orfevres-la-comedie-policiere-avec-didier-bourdon-artus-et-caroline-anglade-diffusee-a-la-tele\/","og_locale":"fr_FR","og_type":"article","og_title":"38\u00b05 Quai des Orf\u00e8vres, la com\u00e9die polici\u00e8re avec Didier Bourdon, Artus et Caroline Anglade, diffus\u00e9e \u00e0 la t\u00e9l\u00e9 - 1 Jour 1 Sortie","og_description":"\u00c9chec commercial au cin\u00e9ma au moment de sa sortie il y a deux ans, \u00ab\u00a038\u00b05 Quai des Orf\u00e8vres\u00a0\u00bb est propos\u00e9","og_url":"https:\/\/1jour1sortie.com\/index.php\/2025\/07\/29\/385-quai-des-orfevres-la-comedie-policiere-avec-didier-bourdon-artus-et-caroline-anglade-diffusee-a-la-tele\/","og_site_name":"1 Jour 1 Sortie","article_published_time":"2025-07-29T06:00:00+00:00","og_image":[{"width":1600,"height":900,"url":"https:\/\/1jour1sortie.com\/wp-content\/uploads\/2025\/07\/2776332.jpg","type":"image\/jpeg"}],"author":"Laura Bruneau","twitter_card":"summary_large_image","twitter_misc":{"\u00c9crit par":"Laura Bruneau","Dur\u00e9e de lecture estim\u00e9e":"4 minutes"},"schema":{"@context":"https:\/\/schema.org","@graph":[{"@type":"Article","@id":"https:\/\/1jour1sortie.com\/index.php\/2025\/07\/29\/385-quai-des-orfevres-la-comedie-policiere-avec-didier-bourdon-artus-et-caroline-anglade-diffusee-a-la-tele\/#article","isPartOf":{"@id":"https:\/\/1jour1sortie.com\/index.php\/2025\/07\/29\/385-quai-des-orfevres-la-comedie-policiere-avec-didier-bourdon-artus-et-caroline-anglade-diffusee-a-la-tele\/"},"author":{"name":"Laura Bruneau","@id":"https:\/\/1jour1sortie.com\/#\/schema\/person\/421cf30a2d8bd17d611a374f6581881a"},"headline":"38\u00b05 Quai des Orf\u00e8vres, la com\u00e9die polici\u00e8re avec Didier Bourdon, Artus et Caroline Anglade, diffus\u00e9e \u00e0 la t\u00e9l\u00e9","datePublished":"2025-07-29T06:00:00+00:00","mainEntityOfPage":{"@id":"https:\/\/1jour1sortie.com\/index.php\/2025\/07\/29\/385-quai-des-orfevres-la-comedie-policiere-avec-didier-bourdon-artus-et-caroline-anglade-diffusee-a-la-tele\/"},"wordCount":755,"commentCount":0,"publisher":{"@id":"https:\/\/1jour1sortie.com\/#\/schema\/person\/421cf30a2d8bd17d611a374f6581881a"},"image":{"@id":"https:\/\/1jour1sortie.com\/index.php\/2025\/07\/29\/385-quai-des-orfevres-la-comedie-policiere-avec-didier-bourdon-artus-et-caroline-anglade-diffusee-a-la-tele\/#primaryimage"},"thumbnailUrl":"https:\/\/1jour1sortie.com\/wp-content\/uploads\/2025\/07\/2776332.jpg","keywords":["38\u00b05 Quai des Orf\u00e8vres","artus","benjamin lehrer","caroline anglade","Cin\u00e9ma","com\u00e9die","com\u00e9die polici\u00e8re","didier bourdon","film","film policier","fr\u00e9d\u00e9rique bel","j\u00e9r\u00f4me anger","julien pestel","st\u00e9phane bern","t\u00e9l\u00e9","t\u00e9l\u00e9vision","thierry desroses","tmc","TV"],"articleSection":["Cin\u00e9ma &amp; Co","TV &amp; S\u00e9ries"],"inLanguage":"fr-FR","potentialAction":[{"@type":"CommentAction","name":"Comment","target":["https:\/\/1jour1sortie.com\/index.php\/2025\/07\/29\/385-quai-des-orfevres-la-comedie-policiere-avec-didier-bourdon-artus-et-caroline-anglade-diffusee-a-la-tele\/#respond"]}]},{"@type":"WebPage","@id":"https:\/\/1jour1sortie.com\/index.php\/2025\/07\/29\/385-quai-des-orfevres-la-comedie-policiere-avec-didier-bourdon-artus-et-caroline-anglade-diffusee-a-la-tele\/","url":"https:\/\/1jour1sortie.com\/index.php\/2025\/07\/29\/385-quai-des-orfevres-la-comedie-policiere-avec-didier-bourdon-artus-et-caroline-anglade-diffusee-a-la-tele\/","name":"38\u00b05 Quai des Orf\u00e8vres, la com\u00e9die polici\u00e8re avec Didier Bourdon, Artus et Caroline Anglade, diffus\u00e9e \u00e0 la t\u00e9l\u00e9 - 1 Jour 1 Sortie","isPartOf":{"@id":"https:\/\/1jour1sortie.com\/#website"},"primaryImageOfPage":{"@id":"https:\/\/1jour1sortie.com\/index.php\/2025\/07\/29\/385-quai-des-orfevres-la-comedie-policiere-avec-didier-bourdon-artus-et-caroline-anglade-diffusee-a-la-tele\/#primaryimage"},"image":{"@id":"https:\/\/1jour1sortie.com\/index.php\/2025\/07\/29\/385-quai-des-orfevres-la-comedie-policiere-avec-didier-bourdon-artus-et-caroline-anglade-diffusee-a-la-tele\/#primaryimage"},"thumbnailUrl":"https:\/\/1jour1sortie.com\/wp-content\/uploads\/2025\/07\/2776332.jpg","datePublished":"2025-07-29T06:00:00+00:00","breadcrumb":{"@id":"https:\/\/1jour1sortie.com\/index.php\/2025\/07\/29\/385-quai-des-orfevres-la-comedie-policiere-avec-didier-bourdon-artus-et-caroline-anglade-diffusee-a-la-tele\/#breadcrumb"},"inLanguage":"fr-FR","potentialAction":[{"@type":"ReadAction","target":["https:\/\/1jour1sortie.com\/index.php\/2025\/07\/29\/385-quai-des-orfevres-la-comedie-policiere-avec-didier-bourdon-artus-et-caroline-anglade-diffusee-a-la-tele\/"]}]},{"@type":"ImageObject","inLanguage":"fr-FR","@id":"https:\/\/1jour1sortie.com\/index.php\/2025\/07\/29\/385-quai-des-orfevres-la-comedie-policiere-avec-didier-bourdon-artus-et-caroline-anglade-diffusee-a-la-tele\/#primaryimage","url":"https:\/\/1jour1sortie.com\/wp-content\/uploads\/2025\/07\/2776332.jpg","contentUrl":"https:\/\/1jour1sortie.com\/wp-content\/uploads\/2025\/07\/2776332.jpg","width":1600,"height":900,"caption":"38\u00b05 quai des orf\u00e8vres"},{"@type":"BreadcrumbList","@id":"https:\/\/1jour1sortie.com\/index.php\/2025\/07\/29\/385-quai-des-orfevres-la-comedie-policiere-avec-didier-bourdon-artus-et-caroline-anglade-diffusee-a-la-tele\/#breadcrumb","itemListElement":[{"@type":"ListItem","position":1,"name":"Accueil","item":"https:\/\/1jour1sortie.com\/"},{"@type":"ListItem","position":2,"name":"38\u00b05 Quai des Orf\u00e8vres, la com\u00e9die polici\u00e8re avec Didier Bourdon, Artus et Caroline Anglade, diffus\u00e9e \u00e0 la t\u00e9l\u00e9"}]},{"@type":"WebSite","@id":"https:\/\/1jour1sortie.com\/#website","url":"https:\/\/1jour1sortie.com\/","name":"1 Jour 1 Sortie","description":"Par Laura Bruneau","publisher":{"@id":"https:\/\/1jour1sortie.com\/#\/schema\/person\/421cf30a2d8bd17d611a374f6581881a"},"potentialAction":[{"@type":"SearchAction","target":{"@type":"EntryPoint","urlTemplate":"https:\/\/1jour1sortie.com\/?s={search_term_string}"},"query-input":{"@type":"PropertyValueSpecification","valueRequired":true,"valueName":"search_term_string"}}],"inLanguage":"fr-FR"},{"@type":["Person","Organization"],"@id":"https:\/\/1jour1sortie.com\/#\/schema\/person\/421cf30a2d8bd17d611a374f6581881a","name":"Laura Bruneau","image":{"@type":"ImageObject","inLanguage":"fr-FR","@id":"https:\/\/secure.gravatar.com\/avatar\/8291dab2ef06499abccb64ced18b956a811c146e7f11c5e16b7e8eaf1dfccffc?s=96&d=mm&r=g","url":"https:\/\/secure.gravatar.com\/avatar\/8291dab2ef06499abccb64ced18b956a811c146e7f11c5e16b7e8eaf1dfccffc?s=96&d=mm&r=g","contentUrl":"https:\/\/secure.gravatar.com\/avatar\/8291dab2ef06499abccb64ced18b956a811c146e7f11c5e16b7e8eaf1dfccffc?s=96&d=mm&r=g","caption":"Laura Bruneau"},"logo":{"@id":"https:\/\/secure.gravatar.com\/avatar\/8291dab2ef06499abccb64ced18b956a811c146e7f11c5e16b7e8eaf1dfccffc?s=96&d=mm&r=g"},"sameAs":["http:\/\/1jour1sortie.com"],"url":"https:\/\/1jour1sortie.com\/index.php\/author\/admin6732\/"}]}},"jetpack_publicize_connections":[],"jetpack_featured_media_url":"https:\/\/1jour1sortie.com\/wp-content\/uploads\/2025\/07\/2776332.jpg","jetpack_sharing_enabled":true,"_links":{"self":[{"href":"https:\/\/1jour1sortie.com\/index.php\/wp-json\/wp\/v2\/posts\/1920","targetHints":{"allow":["GET"]}}],"collection":[{"href":"https:\/\/1jour1sortie.com\/index.php\/wp-json\/wp\/v2\/posts"}],"about":[{"href":"https:\/\/1jour1sortie.com\/index.php\/wp-json\/wp\/v2\/types\/post"}],"author":[{"embeddable":true,"href":"https:\/\/1jour1sortie.com\/index.php\/wp-json\/wp\/v2\/users\/1"}],"replies":[{"embeddable":true,"href":"https:\/\/1jour1sortie.com\/index.php\/wp-json\/wp\/v2\/comments?post=1920"}],"version-history":[{"count":9,"href":"https:\/\/1jour1sortie.com\/index.php\/wp-json\/wp\/v2\/posts\/1920\/revisions"}],"predecessor-version":[{"id":1954,"href":"https:\/\/1jour1sortie.com\/index.php\/wp-json\/wp\/v2\/posts\/1920\/revisions\/1954"}],"wp:featuredmedia":[{"embeddable":true,"href":"https:\/\/1jour1sortie.com\/index.php\/wp-json\/wp\/v2\/media\/1952"}],"wp:attachment":[{"href":"https:\/\/1jour1sortie.com\/index.php\/wp-json\/wp\/v2\/media?parent=1920"}],"wp:term":[{"taxonomy":"category","embeddable":true,"href":"https:\/\/1jour1sortie.com\/index.php\/wp-json\/wp\/v2\/categories?post=1920"},{"taxonomy":"post_tag","embeddable":true,"href":"https:\/\/1jour1sortie.com\/index.php\/wp-json\/wp\/v2\/tags?post=1920"}],"curies":[{"name":"wp","href":"https:\/\/api.w.org\/{rel}","templated":true}]}}