{"id":1913,"date":"2026-01-21T09:30:00","date_gmt":"2026-01-21T08:30:00","guid":{"rendered":"https:\/\/1jour1sortie.com\/?p=1913"},"modified":"2026-01-21T16:00:05","modified_gmt":"2026-01-21T15:00:05","slug":"la-vraie-famille-un-film-bouleversant-avec-melanie-thierry-diffuse-a-la-tele","status":"publish","type":"post","link":"https:\/\/1jour1sortie.com\/index.php\/2026\/01\/21\/la-vraie-famille-un-film-bouleversant-avec-melanie-thierry-diffuse-a-la-tele\/","title":{"rendered":"La vraie famille, un film bouleversant avec M\u00e9lanie Thierry, \u00e0 (re)voir \u00e0 la t\u00e9l\u00e9"},"content":{"rendered":"\n<p><em>\u00ab\u00a0La vraie famille\u00a0\u00bb, drame avec M\u00e9lanie Thierry qui incarne une m\u00e8re de famille d&rsquo;accueil, passe \u00e0 la t\u00e9l\u00e9vision. L&rsquo;actrice y est bouleversante, tout comme l&rsquo;histoire qu&rsquo;elle joue.<\/em><\/p>\n\n\n\n<p>Le <strong>drame<\/strong> <em><strong>La Vraie Famille<\/strong><\/em>, r\u00e9alis\u00e9 par <strong>Fabien Gorgear<\/strong>t, avec <strong>M\u00e9lanie Thierry<\/strong>, <strong>Lyes Salem<\/strong> et <strong>F\u00e9lix Moati<\/strong>, est rediffus\u00e9 \u00e0 la <strong><a href=\"https:\/\/1jour1sortie.com\/index.php\/category\/cinema\/tv-series\/\">t\u00e9l\u00e9vision<\/a><\/strong>. Il est programm\u00e9 sur <strong>CStar<\/strong>, en prime time, le mercredi 21 <a href=\"https:\/\/1jour1sortie.com\/index.php\/2025\/12\/29\/culture-loisirs-on-fait-quoi-en-janvier-2026\/\">janvier 2026<\/a> et sera rediffus\u00e9 une semaine plus tard, le 28 janvier, en deuxi\u00e8me partie de soir\u00e9e.<br>D\u00e9j\u00e0 propose sur la m\u00eame cha\u00eene le 23 juillet dernier, il avait alors \u00e9t\u00e9 regard\u00e9 par 283.00 t\u00e9l\u00e9spectateurs.<\/p>\n\n\n\n<figure class=\"wp-block-embed is-type-video is-provider-youtube wp-block-embed-youtube wp-embed-aspect-16-9 wp-has-aspect-ratio\"><div class=\"wp-block-embed__wrapper\">\n<iframe loading=\"lazy\" title=\"LA VRAIE FAMILLE | Bande annonce\" width=\"800\" height=\"450\" src=\"https:\/\/www.youtube.com\/embed\/sOGz7MIRlG8?feature=oembed\" frameborder=\"0\" allow=\"accelerometer; autoplay; clipboard-write; encrypted-media; gyroscope; picture-in-picture; web-share\" referrerpolicy=\"strict-origin-when-cross-origin\" allowfullscreen><\/iframe>\n<\/div><\/figure>\n\n\n\n<p>Sorti au <a href=\"https:\/\/1jour1sortie.com\/index.php\/category\/cinema\/\"><strong>cin\u00e9ma<\/strong><\/a> en f\u00e9vrier 2022<strong><em>, La Vraie Famille<\/em><\/strong> avait rassembl\u00e9 un peu plus de 118.000 spectateurs dans les salles obscures. Ce <strong>drame<\/strong>, tr\u00e8s \u00e9mouvant, qui \u00e9voque le placement d&rsquo;un enfant dans une famille d&rsquo;accueil, a re\u00e7u deux prix lors du Festival du Film Francophone d&rsquo;Angoul\u00eame en 2021, le Valois de la <strong>meilleure actrice<\/strong> pour <strong>M\u00e9lanie Thierry <\/strong>et le Valois du jury. Le <strong>film<\/strong> a \u00e9galement remport\u00e9 le prix des \u00e9tudiants lors du Festival du film 2 Valenciennes, la m\u00eame ann\u00e9e.<\/p>\n\n\n\n<p>Dans <strong><em>La Vraie Famille<\/em><\/strong>, <strong>M\u00e9lanie Thierry<\/strong> et <strong>Lyes Salem<\/strong> (vu cet \u00e9t\u00e9 au <a href=\"https:\/\/1jour1sortie.com\/index.php\/category\/cinema\/\">cin\u00e9ma<\/a> dans la com\u00e9die romantique <em><a href=\"https:\/\/1jour1sortie.com\/index.php\/2025\/06\/16\/avec-la-comedie-avignon-baptiste-lecaplain-et-alison-wheeler-font-leur-festival-au-cinema\/\">Avignon<\/a><\/em>) incarnent un couple, parents de deux enfants, qui accueillent \u00e9galement Simon, un petit gar\u00e7on d\u00e9sormais \u00e2g\u00e9 de 6 ans, plac\u00e9 chez eux par l&rsquo;Aide Sociale \u00e0 l&rsquo;Enfance depuis ses 18 mois. Un \u00e9quilibre familial bient\u00f4t boulevers\u00e9 lorsque le p\u00e8re biologique du petit gar\u00e7on, incarn\u00e9 par <strong>F\u00e9lix Moati<\/strong>, va \u00e9mettre le souhait de r\u00e9cup\u00e9rer la garde de son fils. Un v\u00e9ritable d\u00e9chirement pour la famille, et surtout pour la maman.<\/p>\n\n\n\n<p><em><strong>La Vraie Famille<\/strong><\/em> est un <strong>film <\/strong>extr\u00eamement \u00e9mouvant, port\u00e9 par <strong>M\u00e9lanie Thierry<\/strong>, qui livre une interpr\u00e9tation toujours dans l&rsquo;\u00e9motion, bien souvent sur le fil et au bord des larmes. <br>A travers cette fiction, <strong>Fabien Gorgeart <\/strong>a voulu \u00e9voquer des souvenirs personnels d&rsquo;enfance. Il ma\u00eetrise le sujet. <br>Le d\u00e9part annonc\u00e9 du petit gar\u00e7on de ce qu&rsquo;il consid\u00e8re comme sa vraie famille, est un v\u00e9ritable s\u00e9isme pour cette famille d&rsquo;accueil, qui va alors, agir de fa\u00e7on pas toujours tr\u00e8s rationnelle, mais toujours motiv\u00e9e par l&rsquo;amour. <br>S&rsquo;il filme des sc\u00e8nes d\u00e9chirantes, le r\u00e9alisateur n&rsquo;oublie pas de montrer \u00e9galement des moments de joie dans le quotidien de cette famille, notamment une sc\u00e8ne entre <strong>M\u00e9lanie Thierry<\/strong> et <strong>Lyes Salem<\/strong> qui se laissent aller \u00e0 une chor\u00e9graphie sur <em>Marcia Ba\u00efla<\/em> des Rita Mitsouko.<\/p>\n\n\n\n<p>Films sur le m\u00eame th\u00e8me : <em><a href=\"https:\/\/1jour1sortie.com\/index.php\/2025\/09\/16\/la-jolie-comedie-dramatique-apprentis-parents-avec-mark-wahlberg-a-voir-a-la-tele\/\">Apprentis Parents<\/a><\/em> sur <a href=\"https:\/\/1jour1sortie.com\/index.php\/2025\/07\/28\/ces-bons-films-et-autres-programmes-a-voir-sur-netflix-et-prime-video\/\">Netflix<\/a> et <em><a href=\"https:\/\/1jour1sortie.com\/index.php\/2025\/08\/02\/roulez-jeunesse-la-comedie-avec-eric-judor-et-laure-calamy-diffusee-a-la-tele\/\">Roulez Jeunesse<\/a><\/em>.<\/p>\n\n\n\n<p class=\"has-small-font-size\"><em>La Vraie Famille<\/em>, de Fabien Gorgeart<br>Avec M\u00e9lanie Thierry, Lyes Salem, F\u00e9lix Moati, Dominique Blanc&#8230;<br>1h42<br>Le 23\/07\/25 sur CStar \u00e0 21h10<br>Cr\u00e9dit photo : C\u00e9dric Sartore<br><\/p>\n\n\n\n<p><\/p>\n","protected":false},"excerpt":{"rendered":"<p>\u00ab\u00a0La vraie famille\u00a0\u00bb, drame avec M\u00e9lanie Thierry qui incarne une m\u00e8re de famille d&rsquo;accueil, passe \u00e0 la t\u00e9l\u00e9vision. L&rsquo;actrice y<\/p>\n","protected":false},"author":1,"featured_media":1936,"comment_status":"open","ping_status":"open","sticky":false,"template":"","format":"standard","meta":{"colormag_page_container_layout":"default_layout","colormag_page_sidebar_layout":"default_layout","_jetpack_memberships_contains_paid_content":false,"footnotes":"","jetpack_publicize_message":"","jetpack_publicize_feature_enabled":true,"jetpack_social_post_already_shared":false,"jetpack_social_options":{"image_generator_settings":{"template":"highway","default_image_id":0,"font":"","enabled":false},"version":2}},"categories":[3,1103],"tags":[10,575,298,1436,1435,17,1434,1366,1437,40,41,48],"class_list":["post-1913","post","type-post","status-publish","format-standard","has-post-thumbnail","hentry","category-cinema","category-tv-series","tag-cinema","tag-cstar","tag-drame-2","tag-fabien-gorgeart","tag-felix-moati","tag-film","tag-la-vraie-famille","tag-lyes-salem","tag-melanie-thierry","tag-tele","tag-television","tag-tv"],"yoast_head":"<!-- This site is optimized with the Yoast SEO plugin v27.2 - https:\/\/yoast.com\/product\/yoast-seo-wordpress\/ -->\n<title>La vraie famille, un film bouleversant avec M\u00e9lanie Thierry, \u00e0 (re)voir \u00e0 la t\u00e9l\u00e9 - 1 Jour 1 Sortie<\/title>\n<meta name=\"robots\" content=\"index, follow, max-snippet:-1, max-image-preview:large, max-video-preview:-1\" \/>\n<link rel=\"canonical\" href=\"https:\/\/1jour1sortie.com\/index.php\/2026\/01\/21\/la-vraie-famille-un-film-bouleversant-avec-melanie-thierry-diffuse-a-la-tele\/\" \/>\n<meta property=\"og:locale\" content=\"fr_FR\" \/>\n<meta property=\"og:type\" content=\"article\" \/>\n<meta property=\"og:title\" content=\"La vraie famille, un film bouleversant avec M\u00e9lanie Thierry, \u00e0 (re)voir \u00e0 la t\u00e9l\u00e9 - 1 Jour 1 Sortie\" \/>\n<meta property=\"og:description\" content=\"\u00ab\u00a0La vraie famille\u00a0\u00bb, drame avec M\u00e9lanie Thierry qui incarne une m\u00e8re de famille d&rsquo;accueil, passe \u00e0 la t\u00e9l\u00e9vision. L&rsquo;actrice y\" \/>\n<meta property=\"og:url\" content=\"https:\/\/1jour1sortie.com\/index.php\/2026\/01\/21\/la-vraie-famille-un-film-bouleversant-avec-melanie-thierry-diffuse-a-la-tele\/\" \/>\n<meta property=\"og:site_name\" content=\"1 Jour 1 Sortie\" \/>\n<meta property=\"article:published_time\" content=\"2026-01-21T08:30:00+00:00\" \/>\n<meta property=\"article:modified_time\" content=\"2026-01-21T15:00:05+00:00\" \/>\n<meta property=\"og:image\" content=\"https:\/\/1jour1sortie.com\/wp-content\/uploads\/2025\/07\/0672620.jpg\" \/>\n\t<meta property=\"og:image:width\" content=\"1600\" \/>\n\t<meta property=\"og:image:height\" content=\"1067\" \/>\n\t<meta property=\"og:image:type\" content=\"image\/jpeg\" \/>\n<meta name=\"author\" content=\"Laura Bruneau\" \/>\n<meta name=\"twitter:card\" content=\"summary_large_image\" \/>\n<meta name=\"twitter:label1\" content=\"\u00c9crit par\" \/>\n\t<meta name=\"twitter:data1\" content=\"Laura Bruneau\" \/>\n\t<meta name=\"twitter:label2\" content=\"Dur\u00e9e de lecture estim\u00e9e\" \/>\n\t<meta name=\"twitter:data2\" content=\"3 minutes\" \/>\n<script type=\"application\/ld+json\" class=\"yoast-schema-graph\">{\"@context\":\"https:\/\/schema.org\",\"@graph\":[{\"@type\":\"Article\",\"@id\":\"https:\/\/1jour1sortie.com\/index.php\/2026\/01\/21\/la-vraie-famille-un-film-bouleversant-avec-melanie-thierry-diffuse-a-la-tele\/#article\",\"isPartOf\":{\"@id\":\"https:\/\/1jour1sortie.com\/index.php\/2026\/01\/21\/la-vraie-famille-un-film-bouleversant-avec-melanie-thierry-diffuse-a-la-tele\/\"},\"author\":{\"name\":\"Laura Bruneau\",\"@id\":\"https:\/\/1jour1sortie.com\/#\/schema\/person\/421cf30a2d8bd17d611a374f6581881a\"},\"headline\":\"La vraie famille, un film bouleversant avec M\u00e9lanie Thierry, \u00e0 (re)voir \u00e0 la t\u00e9l\u00e9\",\"datePublished\":\"2026-01-21T08:30:00+00:00\",\"dateModified\":\"2026-01-21T15:00:05+00:00\",\"mainEntityOfPage\":{\"@id\":\"https:\/\/1jour1sortie.com\/index.php\/2026\/01\/21\/la-vraie-famille-un-film-bouleversant-avec-melanie-thierry-diffuse-a-la-tele\/\"},\"wordCount\":516,\"commentCount\":2,\"publisher\":{\"@id\":\"https:\/\/1jour1sortie.com\/#\/schema\/person\/421cf30a2d8bd17d611a374f6581881a\"},\"image\":{\"@id\":\"https:\/\/1jour1sortie.com\/index.php\/2026\/01\/21\/la-vraie-famille-un-film-bouleversant-avec-melanie-thierry-diffuse-a-la-tele\/#primaryimage\"},\"thumbnailUrl\":\"https:\/\/1jour1sortie.com\/wp-content\/uploads\/2025\/07\/0672620.jpg\",\"keywords\":[\"Cin\u00e9ma\",\"cstar\",\"drame\",\"fabien gorgeart\",\"felix moati\",\"film\",\"la vraie famille\",\"lyes salem\",\"m\u00e9lanie thierry\",\"t\u00e9l\u00e9\",\"t\u00e9l\u00e9vision\",\"TV\"],\"articleSection\":[\"Cin\u00e9ma &amp; Co\",\"TV &amp; S\u00e9ries\"],\"inLanguage\":\"fr-FR\",\"potentialAction\":[{\"@type\":\"CommentAction\",\"name\":\"Comment\",\"target\":[\"https:\/\/1jour1sortie.com\/index.php\/2026\/01\/21\/la-vraie-famille-un-film-bouleversant-avec-melanie-thierry-diffuse-a-la-tele\/#respond\"]}]},{\"@type\":\"WebPage\",\"@id\":\"https:\/\/1jour1sortie.com\/index.php\/2026\/01\/21\/la-vraie-famille-un-film-bouleversant-avec-melanie-thierry-diffuse-a-la-tele\/\",\"url\":\"https:\/\/1jour1sortie.com\/index.php\/2026\/01\/21\/la-vraie-famille-un-film-bouleversant-avec-melanie-thierry-diffuse-a-la-tele\/\",\"name\":\"La vraie famille, un film bouleversant avec M\u00e9lanie Thierry, \u00e0 (re)voir \u00e0 la t\u00e9l\u00e9 - 1 Jour 1 Sortie\",\"isPartOf\":{\"@id\":\"https:\/\/1jour1sortie.com\/#website\"},\"primaryImageOfPage\":{\"@id\":\"https:\/\/1jour1sortie.com\/index.php\/2026\/01\/21\/la-vraie-famille-un-film-bouleversant-avec-melanie-thierry-diffuse-a-la-tele\/#primaryimage\"},\"image\":{\"@id\":\"https:\/\/1jour1sortie.com\/index.php\/2026\/01\/21\/la-vraie-famille-un-film-bouleversant-avec-melanie-thierry-diffuse-a-la-tele\/#primaryimage\"},\"thumbnailUrl\":\"https:\/\/1jour1sortie.com\/wp-content\/uploads\/2025\/07\/0672620.jpg\",\"datePublished\":\"2026-01-21T08:30:00+00:00\",\"dateModified\":\"2026-01-21T15:00:05+00:00\",\"breadcrumb\":{\"@id\":\"https:\/\/1jour1sortie.com\/index.php\/2026\/01\/21\/la-vraie-famille-un-film-bouleversant-avec-melanie-thierry-diffuse-a-la-tele\/#breadcrumb\"},\"inLanguage\":\"fr-FR\",\"potentialAction\":[{\"@type\":\"ReadAction\",\"target\":[\"https:\/\/1jour1sortie.com\/index.php\/2026\/01\/21\/la-vraie-famille-un-film-bouleversant-avec-melanie-thierry-diffuse-a-la-tele\/\"]}]},{\"@type\":\"ImageObject\",\"inLanguage\":\"fr-FR\",\"@id\":\"https:\/\/1jour1sortie.com\/index.php\/2026\/01\/21\/la-vraie-famille-un-film-bouleversant-avec-melanie-thierry-diffuse-a-la-tele\/#primaryimage\",\"url\":\"https:\/\/1jour1sortie.com\/wp-content\/uploads\/2025\/07\/0672620.jpg\",\"contentUrl\":\"https:\/\/1jour1sortie.com\/wp-content\/uploads\/2025\/07\/0672620.jpg\",\"width\":1600,\"height\":1067,\"caption\":\"Film \\\"La vraie famille\\\"\"},{\"@type\":\"BreadcrumbList\",\"@id\":\"https:\/\/1jour1sortie.com\/index.php\/2026\/01\/21\/la-vraie-famille-un-film-bouleversant-avec-melanie-thierry-diffuse-a-la-tele\/#breadcrumb\",\"itemListElement\":[{\"@type\":\"ListItem\",\"position\":1,\"name\":\"Accueil\",\"item\":\"https:\/\/1jour1sortie.com\/\"},{\"@type\":\"ListItem\",\"position\":2,\"name\":\"La vraie famille, un film bouleversant avec M\u00e9lanie Thierry, \u00e0 (re)voir \u00e0 la t\u00e9l\u00e9\"}]},{\"@type\":\"WebSite\",\"@id\":\"https:\/\/1jour1sortie.com\/#website\",\"url\":\"https:\/\/1jour1sortie.com\/\",\"name\":\"1 Jour 1 Sortie\",\"description\":\"Par Laura Bruneau\",\"publisher\":{\"@id\":\"https:\/\/1jour1sortie.com\/#\/schema\/person\/421cf30a2d8bd17d611a374f6581881a\"},\"potentialAction\":[{\"@type\":\"SearchAction\",\"target\":{\"@type\":\"EntryPoint\",\"urlTemplate\":\"https:\/\/1jour1sortie.com\/?s={search_term_string}\"},\"query-input\":{\"@type\":\"PropertyValueSpecification\",\"valueRequired\":true,\"valueName\":\"search_term_string\"}}],\"inLanguage\":\"fr-FR\"},{\"@type\":[\"Person\",\"Organization\"],\"@id\":\"https:\/\/1jour1sortie.com\/#\/schema\/person\/421cf30a2d8bd17d611a374f6581881a\",\"name\":\"Laura Bruneau\",\"image\":{\"@type\":\"ImageObject\",\"inLanguage\":\"fr-FR\",\"@id\":\"https:\/\/secure.gravatar.com\/avatar\/8291dab2ef06499abccb64ced18b956a811c146e7f11c5e16b7e8eaf1dfccffc?s=96&d=mm&r=g\",\"url\":\"https:\/\/secure.gravatar.com\/avatar\/8291dab2ef06499abccb64ced18b956a811c146e7f11c5e16b7e8eaf1dfccffc?s=96&d=mm&r=g\",\"contentUrl\":\"https:\/\/secure.gravatar.com\/avatar\/8291dab2ef06499abccb64ced18b956a811c146e7f11c5e16b7e8eaf1dfccffc?s=96&d=mm&r=g\",\"caption\":\"Laura Bruneau\"},\"logo\":{\"@id\":\"https:\/\/secure.gravatar.com\/avatar\/8291dab2ef06499abccb64ced18b956a811c146e7f11c5e16b7e8eaf1dfccffc?s=96&d=mm&r=g\"},\"sameAs\":[\"http:\/\/1jour1sortie.com\"],\"url\":\"https:\/\/1jour1sortie.com\/index.php\/author\/admin6732\/\"}]}<\/script>\n<!-- \/ Yoast SEO plugin. -->","yoast_head_json":{"title":"La vraie famille, un film bouleversant avec M\u00e9lanie Thierry, \u00e0 (re)voir \u00e0 la t\u00e9l\u00e9 - 1 Jour 1 Sortie","robots":{"index":"index","follow":"follow","max-snippet":"max-snippet:-1","max-image-preview":"max-image-preview:large","max-video-preview":"max-video-preview:-1"},"canonical":"https:\/\/1jour1sortie.com\/index.php\/2026\/01\/21\/la-vraie-famille-un-film-bouleversant-avec-melanie-thierry-diffuse-a-la-tele\/","og_locale":"fr_FR","og_type":"article","og_title":"La vraie famille, un film bouleversant avec M\u00e9lanie Thierry, \u00e0 (re)voir \u00e0 la t\u00e9l\u00e9 - 1 Jour 1 Sortie","og_description":"\u00ab\u00a0La vraie famille\u00a0\u00bb, drame avec M\u00e9lanie Thierry qui incarne une m\u00e8re de famille d&rsquo;accueil, passe \u00e0 la t\u00e9l\u00e9vision. L&rsquo;actrice y","og_url":"https:\/\/1jour1sortie.com\/index.php\/2026\/01\/21\/la-vraie-famille-un-film-bouleversant-avec-melanie-thierry-diffuse-a-la-tele\/","og_site_name":"1 Jour 1 Sortie","article_published_time":"2026-01-21T08:30:00+00:00","article_modified_time":"2026-01-21T15:00:05+00:00","og_image":[{"width":1600,"height":1067,"url":"https:\/\/1jour1sortie.com\/wp-content\/uploads\/2025\/07\/0672620.jpg","type":"image\/jpeg"}],"author":"Laura Bruneau","twitter_card":"summary_large_image","twitter_misc":{"\u00c9crit par":"Laura Bruneau","Dur\u00e9e de lecture estim\u00e9e":"3 minutes"},"schema":{"@context":"https:\/\/schema.org","@graph":[{"@type":"Article","@id":"https:\/\/1jour1sortie.com\/index.php\/2026\/01\/21\/la-vraie-famille-un-film-bouleversant-avec-melanie-thierry-diffuse-a-la-tele\/#article","isPartOf":{"@id":"https:\/\/1jour1sortie.com\/index.php\/2026\/01\/21\/la-vraie-famille-un-film-bouleversant-avec-melanie-thierry-diffuse-a-la-tele\/"},"author":{"name":"Laura Bruneau","@id":"https:\/\/1jour1sortie.com\/#\/schema\/person\/421cf30a2d8bd17d611a374f6581881a"},"headline":"La vraie famille, un film bouleversant avec M\u00e9lanie Thierry, \u00e0 (re)voir \u00e0 la t\u00e9l\u00e9","datePublished":"2026-01-21T08:30:00+00:00","dateModified":"2026-01-21T15:00:05+00:00","mainEntityOfPage":{"@id":"https:\/\/1jour1sortie.com\/index.php\/2026\/01\/21\/la-vraie-famille-un-film-bouleversant-avec-melanie-thierry-diffuse-a-la-tele\/"},"wordCount":516,"commentCount":2,"publisher":{"@id":"https:\/\/1jour1sortie.com\/#\/schema\/person\/421cf30a2d8bd17d611a374f6581881a"},"image":{"@id":"https:\/\/1jour1sortie.com\/index.php\/2026\/01\/21\/la-vraie-famille-un-film-bouleversant-avec-melanie-thierry-diffuse-a-la-tele\/#primaryimage"},"thumbnailUrl":"https:\/\/1jour1sortie.com\/wp-content\/uploads\/2025\/07\/0672620.jpg","keywords":["Cin\u00e9ma","cstar","drame","fabien gorgeart","felix moati","film","la vraie famille","lyes salem","m\u00e9lanie thierry","t\u00e9l\u00e9","t\u00e9l\u00e9vision","TV"],"articleSection":["Cin\u00e9ma &amp; Co","TV &amp; S\u00e9ries"],"inLanguage":"fr-FR","potentialAction":[{"@type":"CommentAction","name":"Comment","target":["https:\/\/1jour1sortie.com\/index.php\/2026\/01\/21\/la-vraie-famille-un-film-bouleversant-avec-melanie-thierry-diffuse-a-la-tele\/#respond"]}]},{"@type":"WebPage","@id":"https:\/\/1jour1sortie.com\/index.php\/2026\/01\/21\/la-vraie-famille-un-film-bouleversant-avec-melanie-thierry-diffuse-a-la-tele\/","url":"https:\/\/1jour1sortie.com\/index.php\/2026\/01\/21\/la-vraie-famille-un-film-bouleversant-avec-melanie-thierry-diffuse-a-la-tele\/","name":"La vraie famille, un film bouleversant avec M\u00e9lanie Thierry, \u00e0 (re)voir \u00e0 la t\u00e9l\u00e9 - 1 Jour 1 Sortie","isPartOf":{"@id":"https:\/\/1jour1sortie.com\/#website"},"primaryImageOfPage":{"@id":"https:\/\/1jour1sortie.com\/index.php\/2026\/01\/21\/la-vraie-famille-un-film-bouleversant-avec-melanie-thierry-diffuse-a-la-tele\/#primaryimage"},"image":{"@id":"https:\/\/1jour1sortie.com\/index.php\/2026\/01\/21\/la-vraie-famille-un-film-bouleversant-avec-melanie-thierry-diffuse-a-la-tele\/#primaryimage"},"thumbnailUrl":"https:\/\/1jour1sortie.com\/wp-content\/uploads\/2025\/07\/0672620.jpg","datePublished":"2026-01-21T08:30:00+00:00","dateModified":"2026-01-21T15:00:05+00:00","breadcrumb":{"@id":"https:\/\/1jour1sortie.com\/index.php\/2026\/01\/21\/la-vraie-famille-un-film-bouleversant-avec-melanie-thierry-diffuse-a-la-tele\/#breadcrumb"},"inLanguage":"fr-FR","potentialAction":[{"@type":"ReadAction","target":["https:\/\/1jour1sortie.com\/index.php\/2026\/01\/21\/la-vraie-famille-un-film-bouleversant-avec-melanie-thierry-diffuse-a-la-tele\/"]}]},{"@type":"ImageObject","inLanguage":"fr-FR","@id":"https:\/\/1jour1sortie.com\/index.php\/2026\/01\/21\/la-vraie-famille-un-film-bouleversant-avec-melanie-thierry-diffuse-a-la-tele\/#primaryimage","url":"https:\/\/1jour1sortie.com\/wp-content\/uploads\/2025\/07\/0672620.jpg","contentUrl":"https:\/\/1jour1sortie.com\/wp-content\/uploads\/2025\/07\/0672620.jpg","width":1600,"height":1067,"caption":"Film \"La vraie famille\""},{"@type":"BreadcrumbList","@id":"https:\/\/1jour1sortie.com\/index.php\/2026\/01\/21\/la-vraie-famille-un-film-bouleversant-avec-melanie-thierry-diffuse-a-la-tele\/#breadcrumb","itemListElement":[{"@type":"ListItem","position":1,"name":"Accueil","item":"https:\/\/1jour1sortie.com\/"},{"@type":"ListItem","position":2,"name":"La vraie famille, un film bouleversant avec M\u00e9lanie Thierry, \u00e0 (re)voir \u00e0 la t\u00e9l\u00e9"}]},{"@type":"WebSite","@id":"https:\/\/1jour1sortie.com\/#website","url":"https:\/\/1jour1sortie.com\/","name":"1 Jour 1 Sortie","description":"Par Laura Bruneau","publisher":{"@id":"https:\/\/1jour1sortie.com\/#\/schema\/person\/421cf30a2d8bd17d611a374f6581881a"},"potentialAction":[{"@type":"SearchAction","target":{"@type":"EntryPoint","urlTemplate":"https:\/\/1jour1sortie.com\/?s={search_term_string}"},"query-input":{"@type":"PropertyValueSpecification","valueRequired":true,"valueName":"search_term_string"}}],"inLanguage":"fr-FR"},{"@type":["Person","Organization"],"@id":"https:\/\/1jour1sortie.com\/#\/schema\/person\/421cf30a2d8bd17d611a374f6581881a","name":"Laura Bruneau","image":{"@type":"ImageObject","inLanguage":"fr-FR","@id":"https:\/\/secure.gravatar.com\/avatar\/8291dab2ef06499abccb64ced18b956a811c146e7f11c5e16b7e8eaf1dfccffc?s=96&d=mm&r=g","url":"https:\/\/secure.gravatar.com\/avatar\/8291dab2ef06499abccb64ced18b956a811c146e7f11c5e16b7e8eaf1dfccffc?s=96&d=mm&r=g","contentUrl":"https:\/\/secure.gravatar.com\/avatar\/8291dab2ef06499abccb64ced18b956a811c146e7f11c5e16b7e8eaf1dfccffc?s=96&d=mm&r=g","caption":"Laura Bruneau"},"logo":{"@id":"https:\/\/secure.gravatar.com\/avatar\/8291dab2ef06499abccb64ced18b956a811c146e7f11c5e16b7e8eaf1dfccffc?s=96&d=mm&r=g"},"sameAs":["http:\/\/1jour1sortie.com"],"url":"https:\/\/1jour1sortie.com\/index.php\/author\/admin6732\/"}]}},"jetpack_publicize_connections":[],"jetpack_featured_media_url":"https:\/\/1jour1sortie.com\/wp-content\/uploads\/2025\/07\/0672620.jpg","jetpack_sharing_enabled":true,"_links":{"self":[{"href":"https:\/\/1jour1sortie.com\/index.php\/wp-json\/wp\/v2\/posts\/1913","targetHints":{"allow":["GET"]}}],"collection":[{"href":"https:\/\/1jour1sortie.com\/index.php\/wp-json\/wp\/v2\/posts"}],"about":[{"href":"https:\/\/1jour1sortie.com\/index.php\/wp-json\/wp\/v2\/types\/post"}],"author":[{"embeddable":true,"href":"https:\/\/1jour1sortie.com\/index.php\/wp-json\/wp\/v2\/users\/1"}],"replies":[{"embeddable":true,"href":"https:\/\/1jour1sortie.com\/index.php\/wp-json\/wp\/v2\/comments?post=1913"}],"version-history":[{"count":10,"href":"https:\/\/1jour1sortie.com\/index.php\/wp-json\/wp\/v2\/posts\/1913\/revisions"}],"predecessor-version":[{"id":3386,"href":"https:\/\/1jour1sortie.com\/index.php\/wp-json\/wp\/v2\/posts\/1913\/revisions\/3386"}],"wp:featuredmedia":[{"embeddable":true,"href":"https:\/\/1jour1sortie.com\/index.php\/wp-json\/wp\/v2\/media\/1936"}],"wp:attachment":[{"href":"https:\/\/1jour1sortie.com\/index.php\/wp-json\/wp\/v2\/media?parent=1913"}],"wp:term":[{"taxonomy":"category","embeddable":true,"href":"https:\/\/1jour1sortie.com\/index.php\/wp-json\/wp\/v2\/categories?post=1913"},{"taxonomy":"post_tag","embeddable":true,"href":"https:\/\/1jour1sortie.com\/index.php\/wp-json\/wp\/v2\/tags?post=1913"}],"curies":[{"name":"wp","href":"https:\/\/api.w.org\/{rel}","templated":true}]}}