{"id":1623,"date":"2025-06-09T12:06:26","date_gmt":"2025-06-09T10:06:26","guid":{"rendered":"https:\/\/1jour1sortie.com\/?p=1623"},"modified":"2025-06-23T12:54:59","modified_gmt":"2025-06-23T10:54:59","slug":"festival-off-davignon-2025-les-spectacles-a-voir","status":"publish","type":"post","link":"https:\/\/1jour1sortie.com\/index.php\/2025\/06\/09\/festival-off-davignon-2025-les-spectacles-a-voir\/","title":{"rendered":"Festival Off d&rsquo;Avignon 2025 : les spectacles \u00e0 voir"},"content":{"rendered":"\n<p><em>La 59\u00e8me \u00e9dition du festival off d&rsquo;Avignon se tient dans la cit\u00e9 des Papes du 5 au 26 juillet 2025. Pas moins de 1786 spectacles y sont programm\u00e9s. Petite s\u00e9lection compl\u00e8tement partiale et pas du tout exhaustive pour tenter de s&rsquo;y retrouver &#8211; un peu &#8211; dans cette jungle de repr\u00e9sentations.<\/em><\/p>\n\n\n\n<h2 class=\"wp-block-heading\"><strong>Sandra Colombo &#8211; <em>Que faire des cons ?<\/em><\/strong><\/h2>\n\n\n\n<p>Celle qui vient de monter les marches du Festival de Cannes pour <em>Dossier 137 <\/em>de Dominik Moll, est de retour \u00e0 Avignon, avec son one-woman-show. Un spectacle d\u00e9j\u00e0 pr\u00e9c\u00e9demment jou\u00e9 \u00e0 Avignon et \u00e9galement pr\u00e9sent\u00e9 \u00e0 Paris, au Point-Virgule. <br>Un <strong>spectacle<\/strong> tr\u00e8s dr\u00f4le gr\u00e2ce \u00e0 son sujet principal, <em>les cons<\/em>, qu&rsquo;elle d\u00e9roule \u00e0 l&rsquo;aide de nombreux bons jeux de mots et de pas mal de second degr\u00e9. Un seule-en-sc\u00e8ne aussi engag\u00e9 et \u00e9mouvant car la com\u00e9dienne et humoriste s&rsquo;y livre sur un \u00e9pisode traumatique de sa vie.<\/p>\n\n\n\n<p>A lire aussi : <a href=\"https:\/\/1jour1sortie.com\/index.php\/2024\/01\/17\/sandra-colombo-que-faire-des-cons-un-one-woman-show-drole-emouvant-et-engage\/\"><strong>Critique int\u00e9grale du spectacle \u00e0 retrouver ici <\/strong><\/a><\/p>\n\n\n\n<p class=\"has-small-font-size\"><em><a href=\"https:\/\/www.festivaloffavignon.com\/spectacles\/5677-que-faire-des-cons\">Notre-dame th\u00e9\u00e2tre<\/a><br>Du 5 au 26 juillet (sauf les 8, 15 et 22) \u00e0 18h10<br>1h15<br>10 \u00e0 20 euros<\/em><\/p>\n\n\n\n<figure class=\"wp-block-image size-large is-resized\"><img loading=\"lazy\" decoding=\"async\" width=\"694\" height=\"1024\" src=\"https:\/\/1jour1sortie.com\/wp-content\/uploads\/2025\/06\/affiche-sandra-colombo-2023-vierge-bd-scaled-1-694x1024.jpg\" alt=\"\" class=\"wp-image-1783\" style=\"width:363px;height:auto\" srcset=\"https:\/\/1jour1sortie.com\/wp-content\/uploads\/2025\/06\/affiche-sandra-colombo-2023-vierge-bd-scaled-1-694x1024.jpg 694w, https:\/\/1jour1sortie.com\/wp-content\/uploads\/2025\/06\/affiche-sandra-colombo-2023-vierge-bd-scaled-1-203x300.jpg 203w, https:\/\/1jour1sortie.com\/wp-content\/uploads\/2025\/06\/affiche-sandra-colombo-2023-vierge-bd-scaled-1-768x1134.jpg 768w, https:\/\/1jour1sortie.com\/wp-content\/uploads\/2025\/06\/affiche-sandra-colombo-2023-vierge-bd-scaled-1-1040x1536.jpg 1040w, https:\/\/1jour1sortie.com\/wp-content\/uploads\/2025\/06\/affiche-sandra-colombo-2023-vierge-bd-scaled-1-1387x2048.jpg 1387w, https:\/\/1jour1sortie.com\/wp-content\/uploads\/2025\/06\/affiche-sandra-colombo-2023-vierge-bd-scaled-1.jpg 1734w\" sizes=\"auto, (max-width: 694px) 100vw, 694px\" \/><\/figure>\n\n\n\n<p><\/p>\n\n\n\n<h2 class=\"wp-block-heading\"><strong><em>Le Nectar des Dieux <\/em><\/strong>&#8211; de Lucas Gonzalez, Fran\u00e7ois Piel-Flamme et Hugo Klein<\/h2>\n\n\n\n<p>Une pi\u00e8ce \u00e0 2 com\u00e9diens qui content et miment l&rsquo;histoire du vin, sans oublier de descendre quelques goul\u00e9es. De nombreuses anecdotes int\u00e9ressantes, plut\u00f4t pour les amateurs de vin. A consommer sans mod\u00e9ration. <\/p>\n\n\n\n<p>A lire aussi : La <a href=\"https:\/\/1jour1sortie.com\/index.php\/2024\/08\/06\/le-nectar-des-dieux-presque-toute-lhistoire-du-vin-sur-scene-dans-une-piece-de-theatre-en-une-heure\/\"><strong>critique int\u00e9grale de la pi\u00e8ce \u00e0 retrouver ici <\/strong><\/a><\/p>\n\n\n\n<p class=\"has-small-font-size\"><em><a href=\"https:\/\/www.festivaloffavignon.com\/spectacles\/5825-le-nectar-des-dieux\">La Factory<\/a><br>Du 5 au 26 juillet (sauf les 8, 15 et 22) \u00e0 22h20<br>1h10<br>10 \u00e0 20 euros<\/em><\/p>\n\n\n\n<figure class=\"wp-block-image size-large is-resized\"><img loading=\"lazy\" decoding=\"async\" width=\"860\" height=\"1024\" src=\"https:\/\/1jour1sortie.com\/wp-content\/uploads\/2025\/06\/affiche_nectar-v2-860x1024.jpeg\" alt=\"\" class=\"wp-image-1785\" style=\"width:359px;height:auto\" srcset=\"https:\/\/1jour1sortie.com\/wp-content\/uploads\/2025\/06\/affiche_nectar-v2-860x1024.jpeg 860w, https:\/\/1jour1sortie.com\/wp-content\/uploads\/2025\/06\/affiche_nectar-v2-252x300.jpeg 252w, https:\/\/1jour1sortie.com\/wp-content\/uploads\/2025\/06\/affiche_nectar-v2-768x915.jpeg 768w, https:\/\/1jour1sortie.com\/wp-content\/uploads\/2025\/06\/affiche_nectar-v2-1290x1536.jpeg 1290w, https:\/\/1jour1sortie.com\/wp-content\/uploads\/2025\/06\/affiche_nectar-v2-1720x2048.jpeg 1720w, https:\/\/1jour1sortie.com\/wp-content\/uploads\/2025\/06\/affiche_nectar-v2.jpeg 1859w\" sizes=\"auto, (max-width: 860px) 100vw, 860px\" \/><\/figure>\n\n\n\n<p><\/p>\n\n\n\n<h2 class=\"wp-block-heading\"><strong><em>Smile<\/em> <\/strong>&#8211; de Nicolas Nebot et Dan Menasche<\/h2>\n\n\n\n<p>Pi\u00e8ce de th\u00e9\u00e2tre, int\u00e9gralement en noir et blanc, qui rend hommage \u00e0 <strong>Charlie Chaplin<\/strong>. Le spectacle raconte une histoire vraie, en lien avec celle de Charlot, et met en sc\u00e8ne trois com\u00e9diens. Les r\u00e9f\u00e9rences au cr\u00e9ateur des <em>Temps modernes<\/em> ne manquent pas. <\/p>\n\n\n\n<p>A lire aussi : <a href=\"https:\/\/1jour1sortie.com\/index.php\/2025\/05\/29\/smile-la-piece-de-theatre-qui-rend-hommage-a-charlie-chaplin\/\"><strong>La critique int\u00e9grale du spectacle \u00e0 retrouver ici<\/strong><\/a><\/p>\n\n\n\n<p class=\"has-small-font-size\"><a href=\"https:\/\/www.festivaloffavignon.com\/spectacles\/7475-smile\">Actuel th\u00e9\u00e2tre<\/a><br>Du 4 au 26 juillet (sauf les 8, 15 et 22) \u00e0 21h35<br>1h15<br>18 \u00e0 26 euros<\/p>\n\n\n\n<figure class=\"wp-block-image size-large is-resized\"><img loading=\"lazy\" decoding=\"async\" width=\"683\" height=\"1024\" src=\"https:\/\/1jour1sortie.com\/wp-content\/uploads\/2025\/06\/smile_1727771153-683x1024.jpg\" alt=\"\" class=\"wp-image-1787\" style=\"width:301px;height:auto\" srcset=\"https:\/\/1jour1sortie.com\/wp-content\/uploads\/2025\/06\/smile_1727771153-683x1024.jpg 683w, https:\/\/1jour1sortie.com\/wp-content\/uploads\/2025\/06\/smile_1727771153-200x300.jpg 200w, https:\/\/1jour1sortie.com\/wp-content\/uploads\/2025\/06\/smile_1727771153-768x1152.jpg 768w, https:\/\/1jour1sortie.com\/wp-content\/uploads\/2025\/06\/smile_1727771153.jpg 1000w\" sizes=\"auto, (max-width: 683px) 100vw, 683px\" \/><\/figure>\n\n\n\n<p><\/p>\n\n\n\n<h2 class=\"wp-block-heading\"><strong><em>De La Fontaine \u00e0 Booba<\/em> <\/strong>&#8211; de Valentin Martinie <\/h2>\n\n\n\n<p>Une com\u00e9die g\u00e9niale qui m\u00eale avec brio les genres litt\u00e9raires en mixant rap et fables de La Fontaine. Un fan de rap croise un \u00ab\u00a0<em>Moli\u00e8re aux allures de Casanova crois\u00e9 avec un d\u00e9m\u00e9nageur breton chelou<\/em>\u00ab\u00a0. S&rsquo;ensuivent d&rsquo;excellentes joutes verbales autour du rap et de la litt\u00e9rature classique. Les arguments font mouche. <\/p>\n\n\n\n<p class=\"has-small-font-size\"><a href=\"https:\/\/www.festivaloffavignon.com\/spectacles\/6449-de-la-fontaine-booba\">Th\u00e9\u00e2tre Le Castelet<\/a><br>Du 5 au 15 juillet \u00e0 11h45<br>1h07<br>10 \u00e0 17 euros<\/p>\n\n\n\n<figure class=\"wp-block-image size-large is-resized\"><img loading=\"lazy\" decoding=\"async\" width=\"682\" height=\"1024\" src=\"https:\/\/1jour1sortie.com\/wp-content\/uploads\/2025\/06\/0x1200x7415-or-682x1024.jpg\" alt=\"\" class=\"wp-image-1789\" style=\"width:342px;height:auto\" srcset=\"https:\/\/1jour1sortie.com\/wp-content\/uploads\/2025\/06\/0x1200x7415-or-682x1024.jpg 682w, https:\/\/1jour1sortie.com\/wp-content\/uploads\/2025\/06\/0x1200x7415-or-200x300.jpg 200w, https:\/\/1jour1sortie.com\/wp-content\/uploads\/2025\/06\/0x1200x7415-or-768x1153.jpg 768w, https:\/\/1jour1sortie.com\/wp-content\/uploads\/2025\/06\/0x1200x7415-or.jpg 799w\" sizes=\"auto, (max-width: 682px) 100vw, 682px\" \/><\/figure>\n\n\n\n<p><\/p>\n\n\n\n<h2 class=\"wp-block-heading\"><strong><em>Ben-Hur<\/em><\/strong> &#8211; de Hugues Duquesne et Olivier Mag <\/h2>\n\n\n\n<p>En 2025, cette parodie hilarante du c\u00e9l\u00e8bre p\u00e9plum de 4 heures f\u00eate ses 10 ans. Pour l&rsquo;occasion, ses auteurs, <strong>Olivier Mag<\/strong> et <strong>Hugues Duquesne<\/strong>, remontent sur sc\u00e8ne, avec deux com\u00e9diens. Dor\u00e9navant, la pi\u00e8ce comporte des d\u00e9cors num\u00e9riques : du mapping.<\/p>\n\n\n\n<p>A noter qu&rsquo;Hugues Duquesne pr\u00e9sente une autre pi\u00e8ce qu&rsquo;il a \u00e9crite \u00e0 Avignon,<em> <a href=\"https:\/\/www.festivaloffavignon.com\/spectacles\/6398-gueules-noires\">Gueules Noires<\/a><\/em>. <\/p>\n\n\n\n<p class=\"has-small-font-size\"><a href=\"https:\/\/www.festivaloffavignon.com\/spectacles\/5517-ben-hur\">Le Cin\u00e9vox Th\u00e9\u00e2tre<\/a><br>Du 5 au 26 juillet (sauf les 7, 15 et 21) \u00e0 16h55<br>1h15<br>15 \u00e0 26 euros <\/p>\n\n\n\n<figure class=\"wp-block-image size-large is-resized\"><img loading=\"lazy\" decoding=\"async\" width=\"911\" height=\"1024\" src=\"https:\/\/1jour1sortie.com\/wp-content\/uploads\/2025\/06\/1_affiche-911x1024.jpg\" alt=\"\" class=\"wp-image-1790\" style=\"width:335px;height:auto\" srcset=\"https:\/\/1jour1sortie.com\/wp-content\/uploads\/2025\/06\/1_affiche-911x1024.jpg 911w, https:\/\/1jour1sortie.com\/wp-content\/uploads\/2025\/06\/1_affiche-267x300.jpg 267w, https:\/\/1jour1sortie.com\/wp-content\/uploads\/2025\/06\/1_affiche-768x863.jpg 768w, https:\/\/1jour1sortie.com\/wp-content\/uploads\/2025\/06\/1_affiche.jpg 1080w\" sizes=\"auto, (max-width: 911px) 100vw, 911px\" \/><\/figure>\n\n\n\n<p><\/p>\n\n\n\n<h2 class=\"wp-block-heading\"><strong><em>Je n&rsquo;ai pas lu Foucault &#8211; Chefs d\u2019\u0153uvre en prison<\/em> <\/strong>&#8211; de C\u00e9line Caussimon<\/h2>\n\n\n\n<p>Dans ce seule-en-sc\u00e8ne, <strong>C\u00e9line Caussimon<\/strong> raconte son exp\u00e9rience d&rsquo;animation d&rsquo;ateliers d&rsquo;\u00e9criture d&rsquo;apr\u00e8s des tableaux, aupr\u00e8s de d\u00e9tenus. Un<strong> <a href=\"https:\/\/1jour1sortie.com\/index.php\/category\/spectacle-vivant\/\">spectacle<\/a> <\/strong>dans lequel elle incarne aussi les d\u00e9tenus, lisant au micro les vrais textes qu&rsquo;ils ont produit au cours de ces ateliers. Une<strong> pi\u00e8ce<\/strong> dans laquelle elle raconte son appr\u00e9hension, mais livre aussi une <a href=\"https:\/\/1jour1sortie.com\/index.php\/2025\/05\/05\/hold-up-une-comedie-musicale-entre-rap-et-braquo-signee-stomy-bugsy-et-david-desclos\/\">r\u00e9flexion sur l&#8217;emprisonnement<\/a>.<\/p>\n\n\n\n<p class=\"has-small-font-size\"><a href=\"https:\/\/www.festivaloffavignon.com\/spectacles\/6986-je-n-ai-pas-lu-foucault-chefs-d-oeuvre-en-prison\">La Factory<\/a><br>Du 5 au 26 juillet (sauf les 8, 15 et 22) \u00e0 10h<br>1h<br>10 \u00e0 19 euros <\/p>\n\n\n\n<figure class=\"wp-block-image size-large is-resized\"><img loading=\"lazy\" decoding=\"async\" width=\"682\" height=\"1024\" src=\"https:\/\/1jour1sortie.com\/wp-content\/uploads\/2025\/06\/foucault-682x1024.jpg\" alt=\"\" class=\"wp-image-1810\" style=\"width:313px;height:auto\" srcset=\"https:\/\/1jour1sortie.com\/wp-content\/uploads\/2025\/06\/foucault-682x1024.jpg 682w, https:\/\/1jour1sortie.com\/wp-content\/uploads\/2025\/06\/foucault-200x300.jpg 200w, https:\/\/1jour1sortie.com\/wp-content\/uploads\/2025\/06\/foucault-768x1153.jpg 768w, https:\/\/1jour1sortie.com\/wp-content\/uploads\/2025\/06\/foucault-1023x1536.jpg 1023w, https:\/\/1jour1sortie.com\/wp-content\/uploads\/2025\/06\/foucault.jpg 1200w\" sizes=\"auto, (max-width: 682px) 100vw, 682px\" \/><\/figure>\n\n\n\n<p class=\"has-small-font-size\"><br><\/p>\n\n\n\n<h2 class=\"wp-block-heading\"><strong>Les D\u00e9caf\u00e9in\u00e9s &#8211; <em>Les deux derniers amis du monde<\/em><\/strong><\/h2>\n\n\n\n<p>Sous un compteur d&rsquo;amis, le duo d&rsquo;humoristes c\u00e9l\u00e8bre l&rsquo;amiti\u00e9 dans ce two-men-show.<br>Le postulat de d\u00e9part de ce <a href=\"https:\/\/1jour1sortie.com\/index.php\/category\/spectacle-vivant\/\"><strong>spectacle<\/strong><\/a>, pure ode \u00e0 l\u2019amiti\u00e9&nbsp;: il n\u2019y a plus d\u2019amiti\u00e9 sur Terre, \u00e0 part celle qu&rsquo;ils partagent tous les deux. La gentillesse et la sinc\u00e9rit\u00e9, c&rsquo;est d\u00e9pass\u00e9, \u00e7a ne se fait plus. Leur mission sur les planches&nbsp;: s\u2019embrouiller et faire descendre le compteur d\u2019amis de 2 \u00e0 0. Un objectif pr\u00e9texte \u00e0 l&rsquo;encha\u00eenement de sketchs \u00e0 personnages et parodies de chansons, ce qu&rsquo;ils savent tr\u00e8s bien faire. <br>Entre une parodie de la chanson des Enfoir\u00e9s qui deviennent des Enflures et une autre de boysband, les <strong>D\u00e9caf\u00e9in\u00e9s<\/strong> demeurent tr\u00e8s bien inspir\u00e9s. Ils prennent \u00e9galement au pied de la lettre la chanson <em>Les Yeux Revolver<\/em> de Marc Lavoine, avant de devenir des nonnes influenceuses ou encore des passagers d\u2019un train Ouigo. Hi-la-rant.<\/p>\n\n\n\n<p class=\"has-small-font-size\"><a href=\"https:\/\/www.festivaloffavignon.com\/spectacles\/5762-les-dcafins-les-2-derniers-amis-du-monde\">Le Paris <\/a><br>Du 5 au 26 juillet (sauf les 9, 16 et 23) \u00e0 14h55<br>1h20<br>16 \u00e0 24 euros <\/p>\n\n\n\n<figure class=\"wp-block-image size-large is-resized\"><img loading=\"lazy\" decoding=\"async\" width=\"682\" height=\"1024\" src=\"https:\/\/1jour1sortie.com\/wp-content\/uploads\/2025\/06\/0x1200x60461-or-682x1024.jpg\" alt=\"\" class=\"wp-image-1791\" style=\"width:326px;height:auto\" srcset=\"https:\/\/1jour1sortie.com\/wp-content\/uploads\/2025\/06\/0x1200x60461-or-682x1024.jpg 682w, https:\/\/1jour1sortie.com\/wp-content\/uploads\/2025\/06\/0x1200x60461-or-200x300.jpg 200w, https:\/\/1jour1sortie.com\/wp-content\/uploads\/2025\/06\/0x1200x60461-or-768x1153.jpg 768w, https:\/\/1jour1sortie.com\/wp-content\/uploads\/2025\/06\/0x1200x60461-or.jpg 799w\" sizes=\"auto, (max-width: 682px) 100vw, 682px\" \/><\/figure>\n\n\n\n<p><\/p>\n\n\n\n<h2 class=\"wp-block-heading\"><strong>Dedo &#8211;<em> Apocalypse Now Now <\/em><\/strong><\/h2>\n\n\n\n<p><em>Apocalypse Now Now<\/em> est le 4\u00e8me spectacle de <strong>Dedo<\/strong> qui arrive en fin de rodage. Un <strong>one-man-show <\/strong>dans lequel l&rsquo;humoriste pratique toujours le stand-up, m\u00eame s&rsquo;il s\u2019assoit par moment sur un tabouret, et \u00e9voque, entre autres, la politique r\u00e9cente, comparant la France \u00e0 \u00ab\u00a0<em>une vieille bagnole dans laquelle on est \u00e0 la place du mort<\/em>\u00ab\u00a0. S&rsquo;il \u00e9voque assez longuement la politique, le <strong>spectacle <\/strong>est un peu plus l\u00e9ger lorsqu&rsquo;il est question des animaux, notamment avec l&rsquo;imitation d&rsquo;une girafe ou d&rsquo;un perroquet de muet.<\/p>\n\n\n\n<p class=\"has-small-font-size\"><a href=\"https:\/\/www.festivaloffavignon.com\/spectacles\/5573-dedo-apocalypse-now-now\">Le Paris <\/a><br>Les mardis 8, 15 et 22 juillet \u00e0 21h10<br>1h15<br>14 \u00e0 22 euros<\/p>\n\n\n\n<figure class=\"wp-block-image size-large is-resized\"><img loading=\"lazy\" decoding=\"async\" width=\"698\" height=\"1024\" src=\"https:\/\/1jour1sortie.com\/wp-content\/uploads\/2025\/06\/dedo-698x1024.jpg\" alt=\"\" class=\"wp-image-1811\" style=\"width:262px;height:auto\" srcset=\"https:\/\/1jour1sortie.com\/wp-content\/uploads\/2025\/06\/dedo-698x1024.jpg 698w, https:\/\/1jour1sortie.com\/wp-content\/uploads\/2025\/06\/dedo-204x300.jpg 204w, https:\/\/1jour1sortie.com\/wp-content\/uploads\/2025\/06\/dedo-768x1127.jpg 768w, https:\/\/1jour1sortie.com\/wp-content\/uploads\/2025\/06\/dedo.jpg 1000w\" sizes=\"auto, (max-width: 698px) 100vw, 698px\" \/><\/figure>\n\n\n\n<p><\/p>\n\n\n\n<h2 class=\"wp-block-heading\"><strong><em>Dans le silence des paumes <\/em>&#8211; de Florian P\u00e2que <\/strong><\/h2>\n\n\n\n<p>Avec<em> Dans le silence des Paumes<\/em>, l&rsquo;auteur et metteur en sc\u00e8ne <strong>Florian P\u00e2que<\/strong> poursuit son exploration du monde du travail. Cette <strong>pi\u00e8ce<\/strong>, initialement jou\u00e9e \u00e0 domicile, chez des particuliers, arrive \u00e0 Avignon. Le public plonge au c\u0153ur d&rsquo;une histoire familiale, celle de Maryse Bosquet, racont\u00e9e \u00e0 travers les yeux de ses trois enfants. Une vie de labeur, o\u00f9 il va \u00eatre aussi question de maladie. Un r\u00e9cit touchant entre engueulades, moments de cacophonie et aussi de po\u00e9sie gr\u00e2ce, notamment \u00e0 des marionnettes, et \u00e0 de douces lumi\u00e8res tr\u00e8s inventives.<\/p>\n\n\n\n<p class=\"has-small-font-size\"><a href=\"https:\/\/www.festivaloffavignon.com\/spectacles\/6424-dans-le-silence-des-paumes\">Th\u00e9\u00e2tre du Train Bleu <\/a>(salle \u00e9toile Ma\u00eff Avignon)<br>Du 5 au 24 juillet 2025 (sauf les 11 et 18 juillet) \u00e0 12h<br>2h<br>14 \u00e0 20 euros<\/p>\n\n\n\n<figure class=\"wp-block-image size-full is-resized\"><img loading=\"lazy\" decoding=\"async\" width=\"1024\" height=\"731\" src=\"https:\/\/1jour1sortie.com\/wp-content\/uploads\/2025\/06\/JrsoAa1r.jpeg\" alt=\"\" class=\"wp-image-1837\" style=\"width:391px;height:auto\" srcset=\"https:\/\/1jour1sortie.com\/wp-content\/uploads\/2025\/06\/JrsoAa1r.jpeg 1024w, https:\/\/1jour1sortie.com\/wp-content\/uploads\/2025\/06\/JrsoAa1r-300x214.jpeg 300w, https:\/\/1jour1sortie.com\/wp-content\/uploads\/2025\/06\/JrsoAa1r-768x548.jpeg 768w\" sizes=\"auto, (max-width: 1024px) 100vw, 1024px\" \/><\/figure>\n\n\n\n<p><\/p>\n\n\n\n<h2 class=\"wp-block-heading\"><strong>Rosa Burzstein &#8211; <em>D\u00e9doubl\u00e9e <\/em><\/strong><\/h2>\n\n\n\n<p><em>D\u00e9doubl\u00e9e<\/em> est le troisi\u00e8me one-woman-show de<strong> Rosa Burzstein<\/strong>. Enceinte, elle y parle beaucoup de sa grossesse, mais aussi de ses difficult\u00e9s \u00e0 avoir cet enfant et sa vie amoureuse d&rsquo;avant qu&rsquo;elle qualifie de \u00ab\u00a0<em>Tour de mes 80 connards en une heure<\/em>\u00ab\u00a0. Elle partage \u00e9galement ses \u00ab\u00a0<em>anecdotes de loose<\/em>\u00ab\u00a0. Comme \u00e0 son habitude, l&rsquo;<strong>humoriste <\/strong>est d\u00e9complex\u00e9e, aborde les sujets sans tabou. Au programme du <strong>spectacle<\/strong> aussi, son histoire familiale complexe, elle qui est ath\u00e9e et d&rsquo;origine juive ashk\u00e9naze. Un spectacle entre rire et \u00e9motions, surtout avec les mots de la fin prononc\u00e9s par l&rsquo;une de ses a\u00efeules. <\/p>\n\n\n\n<p class=\"has-small-font-size\"><a href=\"https:\/\/www.festivaloffavignon.com\/spectacles\/7422-ddouble\">Au th\u00e9\u00e2tre des B\u00e9liers<\/a> <br>Les 13, 14, 22, 24, 25 et 26\/07\/22025 \u00e0 22h30<br>1h20<br>15 \u00e0 26 euros <br><\/p>\n\n\n\n<figure class=\"wp-block-image size-large is-resized\"><img loading=\"lazy\" decoding=\"async\" width=\"724\" height=\"1024\" src=\"https:\/\/1jour1sortie.com\/wp-content\/uploads\/2025\/06\/rosa-bursztein-dedoublee-724x1024.jpg\" alt=\"\" class=\"wp-image-1840\" style=\"width:317px;height:auto\" srcset=\"https:\/\/1jour1sortie.com\/wp-content\/uploads\/2025\/06\/rosa-bursztein-dedoublee-724x1024.jpg 724w, https:\/\/1jour1sortie.com\/wp-content\/uploads\/2025\/06\/rosa-bursztein-dedoublee-212x300.jpg 212w, https:\/\/1jour1sortie.com\/wp-content\/uploads\/2025\/06\/rosa-bursztein-dedoublee-768x1086.jpg 768w, https:\/\/1jour1sortie.com\/wp-content\/uploads\/2025\/06\/rosa-bursztein-dedoublee-1086x1536.jpg 1086w, https:\/\/1jour1sortie.com\/wp-content\/uploads\/2025\/06\/rosa-bursztein-dedoublee.jpg 1414w\" sizes=\"auto, (max-width: 724px) 100vw, 724px\" \/><\/figure>\n\n\n\n<p>Et aussi : <\/p>\n\n\n\n<p><a href=\"https:\/\/www.festivaloffavignon.com\/spectacles\/6572-elodie-arnould\"><strong>Elodie Arnould<\/strong> <\/a>et <a href=\"https:\/\/www.festivaloffavignon.com\/spectacles\/6700-la-bajon\"><strong>La Bajon <\/strong><\/a>profitent toutes les deux d&rsquo;Avignon pour r\u00f4der leurs nouveaux spectacles respectifs \u00e0 la Scala Provence.<\/p>\n\n\n\n<p><a href=\"https:\/\/1jour1sortie.com\/index.php\/2024\/10\/31\/la-photo-de-mon-pote-une-comedie-de-boulevard-a-voir-au-theatre-edgar-avec-anthony-dupray-et-anthony-joubert\/\"><strong>Anthony Joubert<\/strong><\/a> pr\u00e9sente deux de ses cr\u00e9ations, sa version du<a href=\"https:\/\/www.festivaloffavignon.com\/spectacles\/7638-le-dner-de-cons-avec-anthony-joubert\"> <em><strong>D\u00eener de cons<\/strong><\/em><\/a>, ainsi que sa pi\u00e8ce <a href=\"https:\/\/www.festivaloffavignon.com\/spectacles\/7637-le-sosie\"><em><strong>Le Sosie<\/strong><\/em><\/a>. <\/p>\n\n\n\n<p>Focus sur le <a href=\"https:\/\/theatredesbeliers.com\/\">th\u00e9\u00e2tre des B\u00e9liers Avignon<\/a> : avec ses 2 salles, le th\u00e9\u00e2tre programme pas mois de 21 spectacles, chaque jour de 10h \u00e0 22h30.<br>C\u00f4t\u00e9 <strong>humour<\/strong>, cette ann\u00e9e les <strong>B\u00e9liers<\/strong> misent sur <strong>Rosa Burzstein<\/strong>, <strong>Sergi Lopez<\/strong>, <strong>Louis Cattelat<\/strong>, ainsi que <strong>Noam Sinseau <\/strong>et <strong>Adel Fugazi <\/strong>vus dans<em> Comedy Class<\/em> sur Prime Video avec Eric et Ramzy. <br>Au programme \u00e9galement, quelques spectacles jeune public, le matin, <em>Les Rochambelles<\/em>, inspir\u00e9es d&rsquo;une histoire vraie, <em>Le dernier c\u00e8dre du Liban<\/em> d&rsquo;<strong>A\u00efda Asgharzadeh<\/strong> ou encore <em>Le gros qui fume comme une chemin\u00e9e<\/em> en hiver d\u2019<strong>\u00c9lodie Menant<\/strong>.<br>Sans oublier le <a href=\"https:\/\/1jour1sortie.com\/index.php\/2025\/06\/16\/avec-la-comedie-avignon-baptiste-lecaplain-et-alison-wheeler-font-leur-festival-au-cinema\/\">c\u00e9l\u00e8bre tournoi de ping-pong <\/a>(le 8 juillet). <\/p>\n\n\n\n<p><\/p>\n","protected":false},"excerpt":{"rendered":"<p>La 59\u00e8me \u00e9dition du festival off d&rsquo;Avignon se tient dans la cit\u00e9 des Papes du 5 au 26 juillet 2025.<\/p>\n","protected":false},"author":1,"featured_media":1845,"comment_status":"open","ping_status":"open","sticky":false,"template":"","format":"standard","meta":{"colormag_page_container_layout":"default_layout","colormag_page_sidebar_layout":"default_layout","_jetpack_memberships_contains_paid_content":false,"footnotes":"","jetpack_publicize_message":"","jetpack_publicize_feature_enabled":true,"jetpack_social_post_already_shared":false,"jetpack_social_options":{"image_generator_settings":{"template":"highway","default_image_id":0,"font":"","enabled":false},"version":2}},"categories":[2],"tags":[1310,1358,1361,1357,461,1311,1353,1354,1378,1359,1360,620,492,1352,1355,1379,209,1356,1312,39,43,1380],"class_list":["post-1623","post","type-post","status-publish","format-standard","has-post-thumbnail","hentry","category-spectacle-vivant","tag-avignon","tag-ben-hur","tag-celine-caussimon","tag-de-la-fontaine-a-booba","tag-dedo","tag-festival-davignon","tag-festival-off-avignon","tag-festival-off-avignon-2025","tag-florian-paque","tag-hugues-duquesne","tag-j-enai-pas-lu-foucault","tag-le-nectar-des-dieux","tag-les-decafeines","tag-pieces","tag-programmation-avignon","tag-rosa-burzstein","tag-sandra-colombo","tag-selection-avignon","tag-smile","tag-spectacles","tag-theatre","tag-theatre-des-beliers"],"yoast_head":"<!-- This site is optimized with the Yoast SEO plugin v27.2 - https:\/\/yoast.com\/product\/yoast-seo-wordpress\/ -->\n<title>Festival Off d&#039;Avignon 2025 : les spectacles \u00e0 voir - 1 Jour 1 Sortie<\/title>\n<meta name=\"robots\" content=\"index, follow, max-snippet:-1, max-image-preview:large, max-video-preview:-1\" \/>\n<link rel=\"canonical\" href=\"https:\/\/1jour1sortie.com\/index.php\/2025\/06\/09\/festival-off-davignon-2025-les-spectacles-a-voir\/\" \/>\n<meta property=\"og:locale\" content=\"fr_FR\" \/>\n<meta property=\"og:type\" content=\"article\" \/>\n<meta property=\"og:title\" content=\"Festival Off d&#039;Avignon 2025 : les spectacles \u00e0 voir - 1 Jour 1 Sortie\" \/>\n<meta property=\"og:description\" content=\"La 59\u00e8me \u00e9dition du festival off d&rsquo;Avignon se tient dans la cit\u00e9 des Papes du 5 au 26 juillet 2025.\" \/>\n<meta property=\"og:url\" content=\"https:\/\/1jour1sortie.com\/index.php\/2025\/06\/09\/festival-off-davignon-2025-les-spectacles-a-voir\/\" \/>\n<meta property=\"og:site_name\" content=\"1 Jour 1 Sortie\" \/>\n<meta property=\"article:published_time\" content=\"2025-06-09T10:06:26+00:00\" \/>\n<meta property=\"article:modified_time\" content=\"2025-06-23T10:54:59+00:00\" \/>\n<meta property=\"og:image\" content=\"https:\/\/1jour1sortie.com\/wp-content\/uploads\/2025\/06\/avigno-scaled.jpg\" \/>\n\t<meta property=\"og:image:width\" content=\"2560\" \/>\n\t<meta property=\"og:image:height\" content=\"1741\" \/>\n\t<meta property=\"og:image:type\" content=\"image\/jpeg\" \/>\n<meta name=\"author\" content=\"Laura Bruneau\" \/>\n<meta name=\"twitter:card\" content=\"summary_large_image\" \/>\n<meta name=\"twitter:label1\" content=\"\u00c9crit par\" \/>\n\t<meta name=\"twitter:data1\" content=\"Laura Bruneau\" \/>\n\t<meta name=\"twitter:label2\" content=\"Dur\u00e9e de lecture estim\u00e9e\" \/>\n\t<meta name=\"twitter:data2\" content=\"9 minutes\" \/>\n<script type=\"application\/ld+json\" class=\"yoast-schema-graph\">{\"@context\":\"https:\/\/schema.org\",\"@graph\":[{\"@type\":\"Article\",\"@id\":\"https:\/\/1jour1sortie.com\/index.php\/2025\/06\/09\/festival-off-davignon-2025-les-spectacles-a-voir\/#article\",\"isPartOf\":{\"@id\":\"https:\/\/1jour1sortie.com\/index.php\/2025\/06\/09\/festival-off-davignon-2025-les-spectacles-a-voir\/\"},\"author\":{\"name\":\"Laura Bruneau\",\"@id\":\"https:\/\/1jour1sortie.com\/#\/schema\/person\/421cf30a2d8bd17d611a374f6581881a\"},\"headline\":\"Festival Off d&rsquo;Avignon 2025 : les spectacles \u00e0 voir\",\"datePublished\":\"2025-06-09T10:06:26+00:00\",\"dateModified\":\"2025-06-23T10:54:59+00:00\",\"mainEntityOfPage\":{\"@id\":\"https:\/\/1jour1sortie.com\/index.php\/2025\/06\/09\/festival-off-davignon-2025-les-spectacles-a-voir\/\"},\"wordCount\":1303,\"commentCount\":6,\"publisher\":{\"@id\":\"https:\/\/1jour1sortie.com\/#\/schema\/person\/421cf30a2d8bd17d611a374f6581881a\"},\"image\":{\"@id\":\"https:\/\/1jour1sortie.com\/index.php\/2025\/06\/09\/festival-off-davignon-2025-les-spectacles-a-voir\/#primaryimage\"},\"thumbnailUrl\":\"https:\/\/1jour1sortie.com\/wp-content\/uploads\/2025\/06\/avigno-scaled.jpg\",\"keywords\":[\"avignon\",\"ben hur\",\"c\u00e9line caussimon\",\"de la fontaine \u00e0 booba\",\"dedo\",\"festival d'avignon\",\"festival off avignon\",\"festival off avignon 2025\",\"florian p\u00e2que\",\"hugues duquesne\",\"j en'ai pas lu foucault\",\"le nectar des dieux\",\"les d\u00e9caf\u00e9in\u00e9s\",\"pi\u00e8ces\",\"programmation avignon\",\"rosa burzstein\",\"sandra colombo\",\"s\u00e9lection avignon\",\"smile\",\"spectacles\",\"th\u00e9\u00e2tre\",\"th\u00e9\u00e2tre des b\u00e9liers\"],\"articleSection\":[\"Spectacle Vivant\"],\"inLanguage\":\"fr-FR\",\"potentialAction\":[{\"@type\":\"CommentAction\",\"name\":\"Comment\",\"target\":[\"https:\/\/1jour1sortie.com\/index.php\/2025\/06\/09\/festival-off-davignon-2025-les-spectacles-a-voir\/#respond\"]}]},{\"@type\":\"WebPage\",\"@id\":\"https:\/\/1jour1sortie.com\/index.php\/2025\/06\/09\/festival-off-davignon-2025-les-spectacles-a-voir\/\",\"url\":\"https:\/\/1jour1sortie.com\/index.php\/2025\/06\/09\/festival-off-davignon-2025-les-spectacles-a-voir\/\",\"name\":\"Festival Off d'Avignon 2025 : les spectacles \u00e0 voir - 1 Jour 1 Sortie\",\"isPartOf\":{\"@id\":\"https:\/\/1jour1sortie.com\/#website\"},\"primaryImageOfPage\":{\"@id\":\"https:\/\/1jour1sortie.com\/index.php\/2025\/06\/09\/festival-off-davignon-2025-les-spectacles-a-voir\/#primaryimage\"},\"image\":{\"@id\":\"https:\/\/1jour1sortie.com\/index.php\/2025\/06\/09\/festival-off-davignon-2025-les-spectacles-a-voir\/#primaryimage\"},\"thumbnailUrl\":\"https:\/\/1jour1sortie.com\/wp-content\/uploads\/2025\/06\/avigno-scaled.jpg\",\"datePublished\":\"2025-06-09T10:06:26+00:00\",\"dateModified\":\"2025-06-23T10:54:59+00:00\",\"breadcrumb\":{\"@id\":\"https:\/\/1jour1sortie.com\/index.php\/2025\/06\/09\/festival-off-davignon-2025-les-spectacles-a-voir\/#breadcrumb\"},\"inLanguage\":\"fr-FR\",\"potentialAction\":[{\"@type\":\"ReadAction\",\"target\":[\"https:\/\/1jour1sortie.com\/index.php\/2025\/06\/09\/festival-off-davignon-2025-les-spectacles-a-voir\/\"]}]},{\"@type\":\"ImageObject\",\"inLanguage\":\"fr-FR\",\"@id\":\"https:\/\/1jour1sortie.com\/index.php\/2025\/06\/09\/festival-off-davignon-2025-les-spectacles-a-voir\/#primaryimage\",\"url\":\"https:\/\/1jour1sortie.com\/wp-content\/uploads\/2025\/06\/avigno-scaled.jpg\",\"contentUrl\":\"https:\/\/1jour1sortie.com\/wp-content\/uploads\/2025\/06\/avigno-scaled.jpg\",\"width\":2560,\"height\":1741,\"caption\":\"Afficge Festival Off Avignon 2025\"},{\"@type\":\"BreadcrumbList\",\"@id\":\"https:\/\/1jour1sortie.com\/index.php\/2025\/06\/09\/festival-off-davignon-2025-les-spectacles-a-voir\/#breadcrumb\",\"itemListElement\":[{\"@type\":\"ListItem\",\"position\":1,\"name\":\"Accueil\",\"item\":\"https:\/\/1jour1sortie.com\/\"},{\"@type\":\"ListItem\",\"position\":2,\"name\":\"Festival Off d&rsquo;Avignon 2025 : les spectacles \u00e0 voir\"}]},{\"@type\":\"WebSite\",\"@id\":\"https:\/\/1jour1sortie.com\/#website\",\"url\":\"https:\/\/1jour1sortie.com\/\",\"name\":\"1 Jour 1 Sortie\",\"description\":\"Par Laura Bruneau\",\"publisher\":{\"@id\":\"https:\/\/1jour1sortie.com\/#\/schema\/person\/421cf30a2d8bd17d611a374f6581881a\"},\"potentialAction\":[{\"@type\":\"SearchAction\",\"target\":{\"@type\":\"EntryPoint\",\"urlTemplate\":\"https:\/\/1jour1sortie.com\/?s={search_term_string}\"},\"query-input\":{\"@type\":\"PropertyValueSpecification\",\"valueRequired\":true,\"valueName\":\"search_term_string\"}}],\"inLanguage\":\"fr-FR\"},{\"@type\":[\"Person\",\"Organization\"],\"@id\":\"https:\/\/1jour1sortie.com\/#\/schema\/person\/421cf30a2d8bd17d611a374f6581881a\",\"name\":\"Laura Bruneau\",\"image\":{\"@type\":\"ImageObject\",\"inLanguage\":\"fr-FR\",\"@id\":\"https:\/\/secure.gravatar.com\/avatar\/8291dab2ef06499abccb64ced18b956a811c146e7f11c5e16b7e8eaf1dfccffc?s=96&d=mm&r=g\",\"url\":\"https:\/\/secure.gravatar.com\/avatar\/8291dab2ef06499abccb64ced18b956a811c146e7f11c5e16b7e8eaf1dfccffc?s=96&d=mm&r=g\",\"contentUrl\":\"https:\/\/secure.gravatar.com\/avatar\/8291dab2ef06499abccb64ced18b956a811c146e7f11c5e16b7e8eaf1dfccffc?s=96&d=mm&r=g\",\"caption\":\"Laura Bruneau\"},\"logo\":{\"@id\":\"https:\/\/secure.gravatar.com\/avatar\/8291dab2ef06499abccb64ced18b956a811c146e7f11c5e16b7e8eaf1dfccffc?s=96&d=mm&r=g\"},\"sameAs\":[\"http:\/\/1jour1sortie.com\"],\"url\":\"https:\/\/1jour1sortie.com\/index.php\/author\/admin6732\/\"}]}<\/script>\n<!-- \/ Yoast SEO plugin. -->","yoast_head_json":{"title":"Festival Off d'Avignon 2025 : les spectacles \u00e0 voir - 1 Jour 1 Sortie","robots":{"index":"index","follow":"follow","max-snippet":"max-snippet:-1","max-image-preview":"max-image-preview:large","max-video-preview":"max-video-preview:-1"},"canonical":"https:\/\/1jour1sortie.com\/index.php\/2025\/06\/09\/festival-off-davignon-2025-les-spectacles-a-voir\/","og_locale":"fr_FR","og_type":"article","og_title":"Festival Off d'Avignon 2025 : les spectacles \u00e0 voir - 1 Jour 1 Sortie","og_description":"La 59\u00e8me \u00e9dition du festival off d&rsquo;Avignon se tient dans la cit\u00e9 des Papes du 5 au 26 juillet 2025.","og_url":"https:\/\/1jour1sortie.com\/index.php\/2025\/06\/09\/festival-off-davignon-2025-les-spectacles-a-voir\/","og_site_name":"1 Jour 1 Sortie","article_published_time":"2025-06-09T10:06:26+00:00","article_modified_time":"2025-06-23T10:54:59+00:00","og_image":[{"width":2560,"height":1741,"url":"https:\/\/1jour1sortie.com\/wp-content\/uploads\/2025\/06\/avigno-scaled.jpg","type":"image\/jpeg"}],"author":"Laura Bruneau","twitter_card":"summary_large_image","twitter_misc":{"\u00c9crit par":"Laura Bruneau","Dur\u00e9e de lecture estim\u00e9e":"9 minutes"},"schema":{"@context":"https:\/\/schema.org","@graph":[{"@type":"Article","@id":"https:\/\/1jour1sortie.com\/index.php\/2025\/06\/09\/festival-off-davignon-2025-les-spectacles-a-voir\/#article","isPartOf":{"@id":"https:\/\/1jour1sortie.com\/index.php\/2025\/06\/09\/festival-off-davignon-2025-les-spectacles-a-voir\/"},"author":{"name":"Laura Bruneau","@id":"https:\/\/1jour1sortie.com\/#\/schema\/person\/421cf30a2d8bd17d611a374f6581881a"},"headline":"Festival Off d&rsquo;Avignon 2025 : les spectacles \u00e0 voir","datePublished":"2025-06-09T10:06:26+00:00","dateModified":"2025-06-23T10:54:59+00:00","mainEntityOfPage":{"@id":"https:\/\/1jour1sortie.com\/index.php\/2025\/06\/09\/festival-off-davignon-2025-les-spectacles-a-voir\/"},"wordCount":1303,"commentCount":6,"publisher":{"@id":"https:\/\/1jour1sortie.com\/#\/schema\/person\/421cf30a2d8bd17d611a374f6581881a"},"image":{"@id":"https:\/\/1jour1sortie.com\/index.php\/2025\/06\/09\/festival-off-davignon-2025-les-spectacles-a-voir\/#primaryimage"},"thumbnailUrl":"https:\/\/1jour1sortie.com\/wp-content\/uploads\/2025\/06\/avigno-scaled.jpg","keywords":["avignon","ben hur","c\u00e9line caussimon","de la fontaine \u00e0 booba","dedo","festival d'avignon","festival off avignon","festival off avignon 2025","florian p\u00e2que","hugues duquesne","j en'ai pas lu foucault","le nectar des dieux","les d\u00e9caf\u00e9in\u00e9s","pi\u00e8ces","programmation avignon","rosa burzstein","sandra colombo","s\u00e9lection avignon","smile","spectacles","th\u00e9\u00e2tre","th\u00e9\u00e2tre des b\u00e9liers"],"articleSection":["Spectacle Vivant"],"inLanguage":"fr-FR","potentialAction":[{"@type":"CommentAction","name":"Comment","target":["https:\/\/1jour1sortie.com\/index.php\/2025\/06\/09\/festival-off-davignon-2025-les-spectacles-a-voir\/#respond"]}]},{"@type":"WebPage","@id":"https:\/\/1jour1sortie.com\/index.php\/2025\/06\/09\/festival-off-davignon-2025-les-spectacles-a-voir\/","url":"https:\/\/1jour1sortie.com\/index.php\/2025\/06\/09\/festival-off-davignon-2025-les-spectacles-a-voir\/","name":"Festival Off d'Avignon 2025 : les spectacles \u00e0 voir - 1 Jour 1 Sortie","isPartOf":{"@id":"https:\/\/1jour1sortie.com\/#website"},"primaryImageOfPage":{"@id":"https:\/\/1jour1sortie.com\/index.php\/2025\/06\/09\/festival-off-davignon-2025-les-spectacles-a-voir\/#primaryimage"},"image":{"@id":"https:\/\/1jour1sortie.com\/index.php\/2025\/06\/09\/festival-off-davignon-2025-les-spectacles-a-voir\/#primaryimage"},"thumbnailUrl":"https:\/\/1jour1sortie.com\/wp-content\/uploads\/2025\/06\/avigno-scaled.jpg","datePublished":"2025-06-09T10:06:26+00:00","dateModified":"2025-06-23T10:54:59+00:00","breadcrumb":{"@id":"https:\/\/1jour1sortie.com\/index.php\/2025\/06\/09\/festival-off-davignon-2025-les-spectacles-a-voir\/#breadcrumb"},"inLanguage":"fr-FR","potentialAction":[{"@type":"ReadAction","target":["https:\/\/1jour1sortie.com\/index.php\/2025\/06\/09\/festival-off-davignon-2025-les-spectacles-a-voir\/"]}]},{"@type":"ImageObject","inLanguage":"fr-FR","@id":"https:\/\/1jour1sortie.com\/index.php\/2025\/06\/09\/festival-off-davignon-2025-les-spectacles-a-voir\/#primaryimage","url":"https:\/\/1jour1sortie.com\/wp-content\/uploads\/2025\/06\/avigno-scaled.jpg","contentUrl":"https:\/\/1jour1sortie.com\/wp-content\/uploads\/2025\/06\/avigno-scaled.jpg","width":2560,"height":1741,"caption":"Afficge Festival Off Avignon 2025"},{"@type":"BreadcrumbList","@id":"https:\/\/1jour1sortie.com\/index.php\/2025\/06\/09\/festival-off-davignon-2025-les-spectacles-a-voir\/#breadcrumb","itemListElement":[{"@type":"ListItem","position":1,"name":"Accueil","item":"https:\/\/1jour1sortie.com\/"},{"@type":"ListItem","position":2,"name":"Festival Off d&rsquo;Avignon 2025 : les spectacles \u00e0 voir"}]},{"@type":"WebSite","@id":"https:\/\/1jour1sortie.com\/#website","url":"https:\/\/1jour1sortie.com\/","name":"1 Jour 1 Sortie","description":"Par Laura Bruneau","publisher":{"@id":"https:\/\/1jour1sortie.com\/#\/schema\/person\/421cf30a2d8bd17d611a374f6581881a"},"potentialAction":[{"@type":"SearchAction","target":{"@type":"EntryPoint","urlTemplate":"https:\/\/1jour1sortie.com\/?s={search_term_string}"},"query-input":{"@type":"PropertyValueSpecification","valueRequired":true,"valueName":"search_term_string"}}],"inLanguage":"fr-FR"},{"@type":["Person","Organization"],"@id":"https:\/\/1jour1sortie.com\/#\/schema\/person\/421cf30a2d8bd17d611a374f6581881a","name":"Laura Bruneau","image":{"@type":"ImageObject","inLanguage":"fr-FR","@id":"https:\/\/secure.gravatar.com\/avatar\/8291dab2ef06499abccb64ced18b956a811c146e7f11c5e16b7e8eaf1dfccffc?s=96&d=mm&r=g","url":"https:\/\/secure.gravatar.com\/avatar\/8291dab2ef06499abccb64ced18b956a811c146e7f11c5e16b7e8eaf1dfccffc?s=96&d=mm&r=g","contentUrl":"https:\/\/secure.gravatar.com\/avatar\/8291dab2ef06499abccb64ced18b956a811c146e7f11c5e16b7e8eaf1dfccffc?s=96&d=mm&r=g","caption":"Laura Bruneau"},"logo":{"@id":"https:\/\/secure.gravatar.com\/avatar\/8291dab2ef06499abccb64ced18b956a811c146e7f11c5e16b7e8eaf1dfccffc?s=96&d=mm&r=g"},"sameAs":["http:\/\/1jour1sortie.com"],"url":"https:\/\/1jour1sortie.com\/index.php\/author\/admin6732\/"}]}},"jetpack_publicize_connections":[],"jetpack_featured_media_url":"https:\/\/1jour1sortie.com\/wp-content\/uploads\/2025\/06\/avigno-scaled.jpg","jetpack_sharing_enabled":true,"_links":{"self":[{"href":"https:\/\/1jour1sortie.com\/index.php\/wp-json\/wp\/v2\/posts\/1623","targetHints":{"allow":["GET"]}}],"collection":[{"href":"https:\/\/1jour1sortie.com\/index.php\/wp-json\/wp\/v2\/posts"}],"about":[{"href":"https:\/\/1jour1sortie.com\/index.php\/wp-json\/wp\/v2\/types\/post"}],"author":[{"embeddable":true,"href":"https:\/\/1jour1sortie.com\/index.php\/wp-json\/wp\/v2\/users\/1"}],"replies":[{"embeddable":true,"href":"https:\/\/1jour1sortie.com\/index.php\/wp-json\/wp\/v2\/comments?post=1623"}],"version-history":[{"count":18,"href":"https:\/\/1jour1sortie.com\/index.php\/wp-json\/wp\/v2\/posts\/1623\/revisions"}],"predecessor-version":[{"id":1847,"href":"https:\/\/1jour1sortie.com\/index.php\/wp-json\/wp\/v2\/posts\/1623\/revisions\/1847"}],"wp:featuredmedia":[{"embeddable":true,"href":"https:\/\/1jour1sortie.com\/index.php\/wp-json\/wp\/v2\/media\/1845"}],"wp:attachment":[{"href":"https:\/\/1jour1sortie.com\/index.php\/wp-json\/wp\/v2\/media?parent=1623"}],"wp:term":[{"taxonomy":"category","embeddable":true,"href":"https:\/\/1jour1sortie.com\/index.php\/wp-json\/wp\/v2\/categories?post=1623"},{"taxonomy":"post_tag","embeddable":true,"href":"https:\/\/1jour1sortie.com\/index.php\/wp-json\/wp\/v2\/tags?post=1623"}],"curies":[{"name":"wp","href":"https:\/\/api.w.org\/{rel}","templated":true}]}}