{"id":1602,"date":"2026-01-05T15:40:36","date_gmt":"2026-01-05T14:40:36","guid":{"rendered":"https:\/\/1jour1sortie.com\/?p=1602"},"modified":"2026-01-05T15:40:38","modified_gmt":"2026-01-05T14:40:38","slug":"le-petit-dernier-le-one-man-show-dolivier-de-benoist-diffuse-a-la-tele","status":"publish","type":"post","link":"https:\/\/1jour1sortie.com\/index.php\/2026\/01\/05\/le-petit-dernier-le-one-man-show-dolivier-de-benoist-diffuse-a-la-tele\/","title":{"rendered":"Le petit dernier, le one-man-show d&rsquo;Olivier de Benoist, \u00e0 (re)voir \u00e0 la t\u00e9l\u00e9"},"content":{"rendered":"\n<p><em>Le pr\u00e9c\u00e9dent spectacle d&rsquo;Olivier de Benoist, \u00ab\u00a0Le petit-dernier\u00a0\u00bb, un spectacle dans lequel l&rsquo;humoriste vanne s\u00e9v\u00e8re ses enfants, est programm\u00e9 \u00e0 la t\u00e9l\u00e9 le 5 janvier 2026.<\/em><\/p>\n\n\n\n<p>Alors que l&rsquo;<strong>humoriste<\/strong> est actuellement en tourn\u00e9e avec son nouveau <a href=\"https:\/\/1jour1sortie.com\/index.php\/category\/spectacle-vivant\/\"><strong>spectacle<\/strong><\/a>, <em>Le droit au bonheur<\/em>, le pr\u00e9c\u00e9dent <strong>one-man-show<\/strong> d&rsquo;<strong>Olivier de Benoist<\/strong>, <em><strong>Le petit dernier<\/strong><\/em>, passe \u00e0 la <a href=\"https:\/\/1jour1sortie.com\/index.php\/category\/cinema\/tv-series\/\"><strong>t\u00e9l\u00e9<\/strong>.<\/a> Il est de nouveau diffus\u00e9 sur <strong>CStar<\/strong>, le canal 17 de la TNT, le lundi 5 <a href=\"https:\/\/1jour1sortie.com\/index.php\/2025\/12\/29\/culture-loisirs-on-fait-quoi-en-janvier-2026\/\">janvier 2026<\/a>, en prime time. La pr\u00e9c\u00e9dente diffusion de ce <strong>spectacle<\/strong>, sur la m\u00eame cha\u00eene, remonte au 19 mai dernier. Il avait alors \u00e9t\u00e9 regard\u00e9 par 267.000 spectateurs.<br>A noter que ce 5 janvier, RTL 9 programme le film d&rsquo;horreur <a href=\"https:\/\/1jour1sortie.com\/index.php\/2026\/01\/05\/le-film-dhorreur-la-chapelle-du-diable-a-revoir-a-la-tele\/\"><em>La Chapelle du Diable<\/em><\/a>. <\/p>\n\n\n\n<p><strong>Olivier de Benoist <\/strong>est r\u00e9put\u00e9 pour manier l&rsquo;<strong>humour<\/strong> de fa\u00e7on tr\u00e8s grin\u00e7ante, mais aussi trash parfois. Mis en lumi\u00e8re par l&rsquo;\u00e9mission de France 2 <em>On n&rsquo;demande qu&rsquo;\u00e0 en rire<\/em>, <strong>ODB<\/strong> a b\u00e2ti sa carri\u00e8re en se moquant des femmes, surtout celle qu&rsquo;il a \u00e9pous\u00e9. Mais, dans <em><strong>Le petit dernier<\/strong><\/em>, ce p\u00e8re de famille nombreuse a chang\u00e9 de cible. Il vanne d\u00e9sormais ses 4 enfants . \u00ab\u00a0<em>\u00c9lever un enfant de 0 \u00e0 18 ans \u00e7a co\u00fbte 50.000 euros. J&rsquo;ai dit \u00e0 mes enfants : Je vous donne 50.000 euros tout de suite et vous partez !<\/em>\u00a0\u00bb indiquait-il pour pr\u00e9senter son <strong><a href=\"https:\/\/1jour1sortie.com\/index.php\/category\/spectacle-vivant\/\">spectacle<\/a> <\/strong>\u00e0 son lancement, en 2019.<\/p>\n\n\n\n<p>Si la cible d\u2019<strong>Olivier de Benoist<\/strong> a chang\u00e9 (apr\u00e8s sa femme et la m\u00e8re de celle-ci, c&rsquo;est sa prog\u00e9niture qui trinque !), l\u2019<strong>humour noir<\/strong> et <strong>grin\u00e7ant<\/strong> de l&rsquo;<strong>humoriste<\/strong> est, lui, toujours intact ! Et tant mieux, car, c&rsquo;est finalement ce qu&rsquo;on appr\u00e9cie chez <strong>ODB<\/strong>.<\/p>\n\n\n\n<p>Pour ce <strong>one-man-show<\/strong>, <strong>Olivier de Benoist <\/strong>a imagin\u00e9 son \u00e9cole des parents, \u00ab\u00a0<em>la school of Lexomil&nbsp;parrain\u00e9e par <a href=\"https:\/\/1jour1sortie.com\/index.php\/2024\/06\/26\/les-pistolets-en-plastique-quand-aymeric-lompret-et-vincent-dedienne-tentent-deviter-lerreur-judiciaire\/\">Xavier Dupont de Ligonn\u00e8s<\/a><\/em>\u00a0\u00bb et il partage quelques enseignements qui y sont dispens\u00e9s &#8211; comme \u00ab\u00a0<em>Vous avez vite envie de lui apprendre \u00e0 s\u2019asseoir et fermer sa gueule<\/em>\u00a0\u00bb &#8211; \u00e0 grands renforts de photos et tutos pour utilisation du mouche-b\u00e9b\u00e9 ou du tire-lait.<\/p>\n\n\n\n<p>Selon <strong>ODB<\/strong>, un \u00ab\u00a0<em>enfant unique est un petit con<\/em>\u00ab\u00a0, ceux \u00ab\u00a0<em>n\u00e9s par c\u00e9sarienne&nbsp;sont des branleurs<\/em>\u00a0\u00bb et \u00ab\u00a0<em>l\u2019enfant non d\u00e9sir\u00e9 finit souvent au cong\u00e9lo<\/em>\u00ab\u00a0. L\u2019<strong>humoriste<\/strong> conserve son c\u00f4t\u00e9 <strong>trash<\/strong>. Il est tr\u00e8s dr\u00f4le lorsqu\u2019il cherche, \u00e0 l&rsquo;aide du public, les avantages \u00e0 avoir un enfant et quand il compare le fait d&rsquo;avoir des enfants \u00e0 celui d&rsquo;avoir un chien pour ceux qui n\u2019ont pas encore d\u2019enfants.<br>Si son \u00e9pouse et sa belle-m\u00e8re en prennent encore un peu pour leur grade (l&rsquo;\u00e9loge fun\u00e8bre de cette derni\u00e8re est tordant), <strong>Olivier de Benoist <\/strong>fait aussi preuve de beaucoup d\u2019<strong>autod\u00e9rision<\/strong> lorsqu\u2019il lit des extraits de son bulletin scolaire de 2<sup>nde<\/sup> ainsi que les mots d\u2019excuses qui se trouvaient dans son carnet de correspondance. A pleurer de rire, tout comme lorsqu&rsquo;il imagine sa mort.<\/p>\n\n\n\n<p class=\"has-small-font-size\"><em>Le petit dernier<\/em>, d&rsquo;Olivier de Benoist<br>Lundi 05\/01\/2026 sur CStar \u00e0 21h10<br><\/p>\n\n\n\n<p><\/p>\n\n\n\n<p><\/p>\n","protected":false},"excerpt":{"rendered":"<p>Le pr\u00e9c\u00e9dent spectacle d&rsquo;Olivier de Benoist, \u00ab\u00a0Le petit-dernier\u00a0\u00bb, un spectacle dans lequel l&rsquo;humoriste vanne s\u00e9v\u00e8re ses enfants, est programm\u00e9 \u00e0<\/p>\n","protected":false},"author":1,"featured_media":1609,"comment_status":"open","ping_status":"open","sticky":false,"template":"","format":"standard","meta":{"colormag_page_container_layout":"default_layout","colormag_page_sidebar_layout":"default_layout","_jetpack_memberships_contains_paid_content":false,"footnotes":"","jetpack_publicize_message":"","jetpack_publicize_feature_enabled":true,"jetpack_social_post_already_shared":false,"jetpack_social_options":{"image_generator_settings":{"template":"highway","default_image_id":0,"font":"","enabled":false},"version":2}},"categories":[2,1103],"tags":[575,346,20,1216,1215,1214,1217,30,99,40,41,48],"class_list":["post-1602","post","type-post","status-publish","format-standard","has-post-thumbnail","hentry","category-spectacle-vivant","category-tv-series","tag-cstar","tag-humoriste","tag-humour","tag-le-petit-dernier","tag-odb","tag-olivier-de-benoist","tag-olivier-de-benoist-le-petit-dernier","tag-one-man-show","tag-spectacle","tag-tele","tag-television","tag-tv"],"yoast_head":"<!-- This site is optimized with the Yoast SEO plugin v27.2 - https:\/\/yoast.com\/product\/yoast-seo-wordpress\/ -->\n<title>Le petit dernier, le one-man-show d&#039;Olivier de Benoist, \u00e0 (re)voir \u00e0 la t\u00e9l\u00e9 - 1 Jour 1 Sortie<\/title>\n<meta name=\"robots\" content=\"index, follow, max-snippet:-1, max-image-preview:large, max-video-preview:-1\" \/>\n<link rel=\"canonical\" href=\"https:\/\/1jour1sortie.com\/index.php\/2026\/01\/05\/le-petit-dernier-le-one-man-show-dolivier-de-benoist-diffuse-a-la-tele\/\" \/>\n<meta property=\"og:locale\" content=\"fr_FR\" \/>\n<meta property=\"og:type\" content=\"article\" \/>\n<meta property=\"og:title\" content=\"Le petit dernier, le one-man-show d&#039;Olivier de Benoist, \u00e0 (re)voir \u00e0 la t\u00e9l\u00e9 - 1 Jour 1 Sortie\" \/>\n<meta property=\"og:description\" content=\"Le pr\u00e9c\u00e9dent spectacle d&rsquo;Olivier de Benoist, \u00ab\u00a0Le petit-dernier\u00a0\u00bb, un spectacle dans lequel l&rsquo;humoriste vanne s\u00e9v\u00e8re ses enfants, est programm\u00e9 \u00e0\" \/>\n<meta property=\"og:url\" content=\"https:\/\/1jour1sortie.com\/index.php\/2026\/01\/05\/le-petit-dernier-le-one-man-show-dolivier-de-benoist-diffuse-a-la-tele\/\" \/>\n<meta property=\"og:site_name\" content=\"1 Jour 1 Sortie\" \/>\n<meta property=\"article:published_time\" content=\"2026-01-05T14:40:36+00:00\" \/>\n<meta property=\"article:modified_time\" content=\"2026-01-05T14:40:38+00:00\" \/>\n<meta property=\"og:image\" content=\"https:\/\/1jour1sortie.com\/wp-content\/uploads\/2025\/05\/109902001-scaled.jpeg\" \/>\n\t<meta property=\"og:image:width\" content=\"2560\" \/>\n\t<meta property=\"og:image:height\" content=\"1440\" \/>\n\t<meta property=\"og:image:type\" content=\"image\/jpeg\" \/>\n<meta name=\"author\" content=\"Laura Bruneau\" \/>\n<meta name=\"twitter:card\" content=\"summary_large_image\" \/>\n<meta name=\"twitter:label1\" content=\"\u00c9crit par\" \/>\n\t<meta name=\"twitter:data1\" content=\"Laura Bruneau\" \/>\n\t<meta name=\"twitter:label2\" content=\"Dur\u00e9e de lecture estim\u00e9e\" \/>\n\t<meta name=\"twitter:data2\" content=\"3 minutes\" \/>\n<script type=\"application\/ld+json\" class=\"yoast-schema-graph\">{\"@context\":\"https:\/\/schema.org\",\"@graph\":[{\"@type\":\"Article\",\"@id\":\"https:\/\/1jour1sortie.com\/index.php\/2026\/01\/05\/le-petit-dernier-le-one-man-show-dolivier-de-benoist-diffuse-a-la-tele\/#article\",\"isPartOf\":{\"@id\":\"https:\/\/1jour1sortie.com\/index.php\/2026\/01\/05\/le-petit-dernier-le-one-man-show-dolivier-de-benoist-diffuse-a-la-tele\/\"},\"author\":{\"name\":\"Laura Bruneau\",\"@id\":\"https:\/\/1jour1sortie.com\/#\/schema\/person\/421cf30a2d8bd17d611a374f6581881a\"},\"headline\":\"Le petit dernier, le one-man-show d&rsquo;Olivier de Benoist, \u00e0 (re)voir \u00e0 la t\u00e9l\u00e9\",\"datePublished\":\"2026-01-05T14:40:36+00:00\",\"dateModified\":\"2026-01-05T14:40:38+00:00\",\"mainEntityOfPage\":{\"@id\":\"https:\/\/1jour1sortie.com\/index.php\/2026\/01\/05\/le-petit-dernier-le-one-man-show-dolivier-de-benoist-diffuse-a-la-tele\/\"},\"wordCount\":522,\"commentCount\":1,\"publisher\":{\"@id\":\"https:\/\/1jour1sortie.com\/#\/schema\/person\/421cf30a2d8bd17d611a374f6581881a\"},\"image\":{\"@id\":\"https:\/\/1jour1sortie.com\/index.php\/2026\/01\/05\/le-petit-dernier-le-one-man-show-dolivier-de-benoist-diffuse-a-la-tele\/#primaryimage\"},\"thumbnailUrl\":\"https:\/\/1jour1sortie.com\/wp-content\/uploads\/2025\/05\/109902001-scaled.jpeg\",\"keywords\":[\"cstar\",\"humoriste\",\"humour\",\"le petit dernier\",\"odb\",\"olivier de benoist\",\"olivier de benoist le petit dernier\",\"One man show\",\"spectacle\",\"t\u00e9l\u00e9\",\"t\u00e9l\u00e9vision\",\"TV\"],\"articleSection\":[\"Spectacle Vivant\",\"TV &amp; S\u00e9ries\"],\"inLanguage\":\"fr-FR\",\"potentialAction\":[{\"@type\":\"CommentAction\",\"name\":\"Comment\",\"target\":[\"https:\/\/1jour1sortie.com\/index.php\/2026\/01\/05\/le-petit-dernier-le-one-man-show-dolivier-de-benoist-diffuse-a-la-tele\/#respond\"]}]},{\"@type\":\"WebPage\",\"@id\":\"https:\/\/1jour1sortie.com\/index.php\/2026\/01\/05\/le-petit-dernier-le-one-man-show-dolivier-de-benoist-diffuse-a-la-tele\/\",\"url\":\"https:\/\/1jour1sortie.com\/index.php\/2026\/01\/05\/le-petit-dernier-le-one-man-show-dolivier-de-benoist-diffuse-a-la-tele\/\",\"name\":\"Le petit dernier, le one-man-show d'Olivier de Benoist, \u00e0 (re)voir \u00e0 la t\u00e9l\u00e9 - 1 Jour 1 Sortie\",\"isPartOf\":{\"@id\":\"https:\/\/1jour1sortie.com\/#website\"},\"primaryImageOfPage\":{\"@id\":\"https:\/\/1jour1sortie.com\/index.php\/2026\/01\/05\/le-petit-dernier-le-one-man-show-dolivier-de-benoist-diffuse-a-la-tele\/#primaryimage\"},\"image\":{\"@id\":\"https:\/\/1jour1sortie.com\/index.php\/2026\/01\/05\/le-petit-dernier-le-one-man-show-dolivier-de-benoist-diffuse-a-la-tele\/#primaryimage\"},\"thumbnailUrl\":\"https:\/\/1jour1sortie.com\/wp-content\/uploads\/2025\/05\/109902001-scaled.jpeg\",\"datePublished\":\"2026-01-05T14:40:36+00:00\",\"dateModified\":\"2026-01-05T14:40:38+00:00\",\"breadcrumb\":{\"@id\":\"https:\/\/1jour1sortie.com\/index.php\/2026\/01\/05\/le-petit-dernier-le-one-man-show-dolivier-de-benoist-diffuse-a-la-tele\/#breadcrumb\"},\"inLanguage\":\"fr-FR\",\"potentialAction\":[{\"@type\":\"ReadAction\",\"target\":[\"https:\/\/1jour1sortie.com\/index.php\/2026\/01\/05\/le-petit-dernier-le-one-man-show-dolivier-de-benoist-diffuse-a-la-tele\/\"]}]},{\"@type\":\"ImageObject\",\"inLanguage\":\"fr-FR\",\"@id\":\"https:\/\/1jour1sortie.com\/index.php\/2026\/01\/05\/le-petit-dernier-le-one-man-show-dolivier-de-benoist-diffuse-a-la-tele\/#primaryimage\",\"url\":\"https:\/\/1jour1sortie.com\/wp-content\/uploads\/2025\/05\/109902001-scaled.jpeg\",\"contentUrl\":\"https:\/\/1jour1sortie.com\/wp-content\/uploads\/2025\/05\/109902001-scaled.jpeg\",\"width\":2560,\"height\":1440,\"caption\":\"Olivier de Benoist - Le petit dernier\"},{\"@type\":\"BreadcrumbList\",\"@id\":\"https:\/\/1jour1sortie.com\/index.php\/2026\/01\/05\/le-petit-dernier-le-one-man-show-dolivier-de-benoist-diffuse-a-la-tele\/#breadcrumb\",\"itemListElement\":[{\"@type\":\"ListItem\",\"position\":1,\"name\":\"Accueil\",\"item\":\"https:\/\/1jour1sortie.com\/\"},{\"@type\":\"ListItem\",\"position\":2,\"name\":\"Le petit dernier, le one-man-show d&rsquo;Olivier de Benoist, \u00e0 (re)voir \u00e0 la t\u00e9l\u00e9\"}]},{\"@type\":\"WebSite\",\"@id\":\"https:\/\/1jour1sortie.com\/#website\",\"url\":\"https:\/\/1jour1sortie.com\/\",\"name\":\"1 Jour 1 Sortie\",\"description\":\"Par Laura Bruneau\",\"publisher\":{\"@id\":\"https:\/\/1jour1sortie.com\/#\/schema\/person\/421cf30a2d8bd17d611a374f6581881a\"},\"potentialAction\":[{\"@type\":\"SearchAction\",\"target\":{\"@type\":\"EntryPoint\",\"urlTemplate\":\"https:\/\/1jour1sortie.com\/?s={search_term_string}\"},\"query-input\":{\"@type\":\"PropertyValueSpecification\",\"valueRequired\":true,\"valueName\":\"search_term_string\"}}],\"inLanguage\":\"fr-FR\"},{\"@type\":[\"Person\",\"Organization\"],\"@id\":\"https:\/\/1jour1sortie.com\/#\/schema\/person\/421cf30a2d8bd17d611a374f6581881a\",\"name\":\"Laura Bruneau\",\"image\":{\"@type\":\"ImageObject\",\"inLanguage\":\"fr-FR\",\"@id\":\"https:\/\/secure.gravatar.com\/avatar\/8291dab2ef06499abccb64ced18b956a811c146e7f11c5e16b7e8eaf1dfccffc?s=96&d=mm&r=g\",\"url\":\"https:\/\/secure.gravatar.com\/avatar\/8291dab2ef06499abccb64ced18b956a811c146e7f11c5e16b7e8eaf1dfccffc?s=96&d=mm&r=g\",\"contentUrl\":\"https:\/\/secure.gravatar.com\/avatar\/8291dab2ef06499abccb64ced18b956a811c146e7f11c5e16b7e8eaf1dfccffc?s=96&d=mm&r=g\",\"caption\":\"Laura Bruneau\"},\"logo\":{\"@id\":\"https:\/\/secure.gravatar.com\/avatar\/8291dab2ef06499abccb64ced18b956a811c146e7f11c5e16b7e8eaf1dfccffc?s=96&d=mm&r=g\"},\"sameAs\":[\"http:\/\/1jour1sortie.com\"],\"url\":\"https:\/\/1jour1sortie.com\/index.php\/author\/admin6732\/\"}]}<\/script>\n<!-- \/ Yoast SEO plugin. -->","yoast_head_json":{"title":"Le petit dernier, le one-man-show d'Olivier de Benoist, \u00e0 (re)voir \u00e0 la t\u00e9l\u00e9 - 1 Jour 1 Sortie","robots":{"index":"index","follow":"follow","max-snippet":"max-snippet:-1","max-image-preview":"max-image-preview:large","max-video-preview":"max-video-preview:-1"},"canonical":"https:\/\/1jour1sortie.com\/index.php\/2026\/01\/05\/le-petit-dernier-le-one-man-show-dolivier-de-benoist-diffuse-a-la-tele\/","og_locale":"fr_FR","og_type":"article","og_title":"Le petit dernier, le one-man-show d'Olivier de Benoist, \u00e0 (re)voir \u00e0 la t\u00e9l\u00e9 - 1 Jour 1 Sortie","og_description":"Le pr\u00e9c\u00e9dent spectacle d&rsquo;Olivier de Benoist, \u00ab\u00a0Le petit-dernier\u00a0\u00bb, un spectacle dans lequel l&rsquo;humoriste vanne s\u00e9v\u00e8re ses enfants, est programm\u00e9 \u00e0","og_url":"https:\/\/1jour1sortie.com\/index.php\/2026\/01\/05\/le-petit-dernier-le-one-man-show-dolivier-de-benoist-diffuse-a-la-tele\/","og_site_name":"1 Jour 1 Sortie","article_published_time":"2026-01-05T14:40:36+00:00","article_modified_time":"2026-01-05T14:40:38+00:00","og_image":[{"width":2560,"height":1440,"url":"https:\/\/1jour1sortie.com\/wp-content\/uploads\/2025\/05\/109902001-scaled.jpeg","type":"image\/jpeg"}],"author":"Laura Bruneau","twitter_card":"summary_large_image","twitter_misc":{"\u00c9crit par":"Laura Bruneau","Dur\u00e9e de lecture estim\u00e9e":"3 minutes"},"schema":{"@context":"https:\/\/schema.org","@graph":[{"@type":"Article","@id":"https:\/\/1jour1sortie.com\/index.php\/2026\/01\/05\/le-petit-dernier-le-one-man-show-dolivier-de-benoist-diffuse-a-la-tele\/#article","isPartOf":{"@id":"https:\/\/1jour1sortie.com\/index.php\/2026\/01\/05\/le-petit-dernier-le-one-man-show-dolivier-de-benoist-diffuse-a-la-tele\/"},"author":{"name":"Laura Bruneau","@id":"https:\/\/1jour1sortie.com\/#\/schema\/person\/421cf30a2d8bd17d611a374f6581881a"},"headline":"Le petit dernier, le one-man-show d&rsquo;Olivier de Benoist, \u00e0 (re)voir \u00e0 la t\u00e9l\u00e9","datePublished":"2026-01-05T14:40:36+00:00","dateModified":"2026-01-05T14:40:38+00:00","mainEntityOfPage":{"@id":"https:\/\/1jour1sortie.com\/index.php\/2026\/01\/05\/le-petit-dernier-le-one-man-show-dolivier-de-benoist-diffuse-a-la-tele\/"},"wordCount":522,"commentCount":1,"publisher":{"@id":"https:\/\/1jour1sortie.com\/#\/schema\/person\/421cf30a2d8bd17d611a374f6581881a"},"image":{"@id":"https:\/\/1jour1sortie.com\/index.php\/2026\/01\/05\/le-petit-dernier-le-one-man-show-dolivier-de-benoist-diffuse-a-la-tele\/#primaryimage"},"thumbnailUrl":"https:\/\/1jour1sortie.com\/wp-content\/uploads\/2025\/05\/109902001-scaled.jpeg","keywords":["cstar","humoriste","humour","le petit dernier","odb","olivier de benoist","olivier de benoist le petit dernier","One man show","spectacle","t\u00e9l\u00e9","t\u00e9l\u00e9vision","TV"],"articleSection":["Spectacle Vivant","TV &amp; S\u00e9ries"],"inLanguage":"fr-FR","potentialAction":[{"@type":"CommentAction","name":"Comment","target":["https:\/\/1jour1sortie.com\/index.php\/2026\/01\/05\/le-petit-dernier-le-one-man-show-dolivier-de-benoist-diffuse-a-la-tele\/#respond"]}]},{"@type":"WebPage","@id":"https:\/\/1jour1sortie.com\/index.php\/2026\/01\/05\/le-petit-dernier-le-one-man-show-dolivier-de-benoist-diffuse-a-la-tele\/","url":"https:\/\/1jour1sortie.com\/index.php\/2026\/01\/05\/le-petit-dernier-le-one-man-show-dolivier-de-benoist-diffuse-a-la-tele\/","name":"Le petit dernier, le one-man-show d'Olivier de Benoist, \u00e0 (re)voir \u00e0 la t\u00e9l\u00e9 - 1 Jour 1 Sortie","isPartOf":{"@id":"https:\/\/1jour1sortie.com\/#website"},"primaryImageOfPage":{"@id":"https:\/\/1jour1sortie.com\/index.php\/2026\/01\/05\/le-petit-dernier-le-one-man-show-dolivier-de-benoist-diffuse-a-la-tele\/#primaryimage"},"image":{"@id":"https:\/\/1jour1sortie.com\/index.php\/2026\/01\/05\/le-petit-dernier-le-one-man-show-dolivier-de-benoist-diffuse-a-la-tele\/#primaryimage"},"thumbnailUrl":"https:\/\/1jour1sortie.com\/wp-content\/uploads\/2025\/05\/109902001-scaled.jpeg","datePublished":"2026-01-05T14:40:36+00:00","dateModified":"2026-01-05T14:40:38+00:00","breadcrumb":{"@id":"https:\/\/1jour1sortie.com\/index.php\/2026\/01\/05\/le-petit-dernier-le-one-man-show-dolivier-de-benoist-diffuse-a-la-tele\/#breadcrumb"},"inLanguage":"fr-FR","potentialAction":[{"@type":"ReadAction","target":["https:\/\/1jour1sortie.com\/index.php\/2026\/01\/05\/le-petit-dernier-le-one-man-show-dolivier-de-benoist-diffuse-a-la-tele\/"]}]},{"@type":"ImageObject","inLanguage":"fr-FR","@id":"https:\/\/1jour1sortie.com\/index.php\/2026\/01\/05\/le-petit-dernier-le-one-man-show-dolivier-de-benoist-diffuse-a-la-tele\/#primaryimage","url":"https:\/\/1jour1sortie.com\/wp-content\/uploads\/2025\/05\/109902001-scaled.jpeg","contentUrl":"https:\/\/1jour1sortie.com\/wp-content\/uploads\/2025\/05\/109902001-scaled.jpeg","width":2560,"height":1440,"caption":"Olivier de Benoist - Le petit dernier"},{"@type":"BreadcrumbList","@id":"https:\/\/1jour1sortie.com\/index.php\/2026\/01\/05\/le-petit-dernier-le-one-man-show-dolivier-de-benoist-diffuse-a-la-tele\/#breadcrumb","itemListElement":[{"@type":"ListItem","position":1,"name":"Accueil","item":"https:\/\/1jour1sortie.com\/"},{"@type":"ListItem","position":2,"name":"Le petit dernier, le one-man-show d&rsquo;Olivier de Benoist, \u00e0 (re)voir \u00e0 la t\u00e9l\u00e9"}]},{"@type":"WebSite","@id":"https:\/\/1jour1sortie.com\/#website","url":"https:\/\/1jour1sortie.com\/","name":"1 Jour 1 Sortie","description":"Par Laura Bruneau","publisher":{"@id":"https:\/\/1jour1sortie.com\/#\/schema\/person\/421cf30a2d8bd17d611a374f6581881a"},"potentialAction":[{"@type":"SearchAction","target":{"@type":"EntryPoint","urlTemplate":"https:\/\/1jour1sortie.com\/?s={search_term_string}"},"query-input":{"@type":"PropertyValueSpecification","valueRequired":true,"valueName":"search_term_string"}}],"inLanguage":"fr-FR"},{"@type":["Person","Organization"],"@id":"https:\/\/1jour1sortie.com\/#\/schema\/person\/421cf30a2d8bd17d611a374f6581881a","name":"Laura Bruneau","image":{"@type":"ImageObject","inLanguage":"fr-FR","@id":"https:\/\/secure.gravatar.com\/avatar\/8291dab2ef06499abccb64ced18b956a811c146e7f11c5e16b7e8eaf1dfccffc?s=96&d=mm&r=g","url":"https:\/\/secure.gravatar.com\/avatar\/8291dab2ef06499abccb64ced18b956a811c146e7f11c5e16b7e8eaf1dfccffc?s=96&d=mm&r=g","contentUrl":"https:\/\/secure.gravatar.com\/avatar\/8291dab2ef06499abccb64ced18b956a811c146e7f11c5e16b7e8eaf1dfccffc?s=96&d=mm&r=g","caption":"Laura Bruneau"},"logo":{"@id":"https:\/\/secure.gravatar.com\/avatar\/8291dab2ef06499abccb64ced18b956a811c146e7f11c5e16b7e8eaf1dfccffc?s=96&d=mm&r=g"},"sameAs":["http:\/\/1jour1sortie.com"],"url":"https:\/\/1jour1sortie.com\/index.php\/author\/admin6732\/"}]}},"jetpack_publicize_connections":[],"jetpack_featured_media_url":"https:\/\/1jour1sortie.com\/wp-content\/uploads\/2025\/05\/109902001-scaled.jpeg","jetpack_sharing_enabled":true,"_links":{"self":[{"href":"https:\/\/1jour1sortie.com\/index.php\/wp-json\/wp\/v2\/posts\/1602","targetHints":{"allow":["GET"]}}],"collection":[{"href":"https:\/\/1jour1sortie.com\/index.php\/wp-json\/wp\/v2\/posts"}],"about":[{"href":"https:\/\/1jour1sortie.com\/index.php\/wp-json\/wp\/v2\/types\/post"}],"author":[{"embeddable":true,"href":"https:\/\/1jour1sortie.com\/index.php\/wp-json\/wp\/v2\/users\/1"}],"replies":[{"embeddable":true,"href":"https:\/\/1jour1sortie.com\/index.php\/wp-json\/wp\/v2\/comments?post=1602"}],"version-history":[{"count":7,"href":"https:\/\/1jour1sortie.com\/index.php\/wp-json\/wp\/v2\/posts\/1602\/revisions"}],"predecessor-version":[{"id":3154,"href":"https:\/\/1jour1sortie.com\/index.php\/wp-json\/wp\/v2\/posts\/1602\/revisions\/3154"}],"wp:featuredmedia":[{"embeddable":true,"href":"https:\/\/1jour1sortie.com\/index.php\/wp-json\/wp\/v2\/media\/1609"}],"wp:attachment":[{"href":"https:\/\/1jour1sortie.com\/index.php\/wp-json\/wp\/v2\/media?parent=1602"}],"wp:term":[{"taxonomy":"category","embeddable":true,"href":"https:\/\/1jour1sortie.com\/index.php\/wp-json\/wp\/v2\/categories?post=1602"},{"taxonomy":"post_tag","embeddable":true,"href":"https:\/\/1jour1sortie.com\/index.php\/wp-json\/wp\/v2\/tags?post=1602"}],"curies":[{"name":"wp","href":"https:\/\/api.w.org\/{rel}","templated":true}]}}