{"id":1304,"date":"2026-04-28T12:01:24","date_gmt":"2026-04-28T10:01:24","guid":{"rendered":"https:\/\/1jour1sortie.com\/?p=1304"},"modified":"2026-04-28T12:01:24","modified_gmt":"2026-04-28T10:01:24","slug":"a-plein-temps-le-film-avec-laure-calamy-prime-aux-cesars-diffuse-a-la-tele","status":"publish","type":"post","link":"https:\/\/1jour1sortie.com\/index.php\/2026\/04\/28\/a-plein-temps-le-film-avec-laure-calamy-prime-aux-cesars-diffuse-a-la-tele\/","title":{"rendered":"\u00c0 plein temps, le film prim\u00e9 aux C\u00e9sar avec Laure Calamy, \u00e0 revoir \u00e0 la t\u00e9l\u00e9"},"content":{"rendered":"\n<p><em>Laure Calamy incarne une m\u00e8re courage qui vit \u00e0 100 \u00e0 l&rsquo;heure dans le film \u00ab\u00a0\u00c0 plein temps\u00a0\u00bb. Un r\u00f4le pour lequel elle a re\u00e7u plusieurs r\u00e9compenses. Le drame est rediffus\u00e9 sur Arte.<\/em><\/p>\n\n\n\n<p><strong><em>\u00c0 plein temps<\/em><\/strong>, <strong>drame<\/strong> multi-r\u00e9compens\u00e9 r\u00e9alis\u00e9 par <strong>Eric Gravel<\/strong>, avec <strong>Laure Calamy <\/strong>dans le r\u00f4le d&rsquo;une m\u00e8re de famille, repasse \u00e0 la <strong>t\u00e9l\u00e9<\/strong>. Il est propos\u00e9 sur <strong>Arte<\/strong> le mercredi <strong>29 <a href=\"https:\/\/1jour1sortie.com\/index.php\/2026\/03\/27\/culture-loisirs-sorties-on-fait-quoi-en-avril-2026\/\" type=\"post\" id=\"3808\">avril 2026<\/a> <\/strong>en prime time<strong>. <\/strong><\/p>\n\n\n\n<p>Sorti au <a href=\"https:\/\/1jour1sortie.com\/index.php\/category\/cinema\/\"><strong>cin\u00e9ma<\/strong><\/a> le 16 mars 2022, <strong><em>\u00c0 plein temps<\/em><\/strong> a cumul\u00e9 100.254 entr\u00e9es en salles. Il a surtout re\u00e7u plusieurs r\u00e9compenses. En 2023, le <strong>film<\/strong> a d\u00e9croch\u00e9 le <strong>C\u00e9sar <\/strong>de la meilleure <a href=\"https:\/\/1jour1sortie.com\/index.php\/category\/musique\/\">musique <\/a>(pour <strong>Ir\u00e8ne Dresel<\/strong> &#8211; qui signe \u00e9galement la B.O. de <em>Mi amor<\/em> qui sort en mai) ainsi que celui du meilleur montage. Auparavant,<strong>Laure Calamy<\/strong>, l&rsquo;interpr\u00e8te principale, pr\u00e9c\u00e9demment c\u00e9saris\u00e9e pour <em><a href=\"https:\/\/1jour1sortie.com\/index.php\/2025\/04\/27\/antoinette-dans-les-cevennes-le-film-qui-a-valu-un-cesar-a-laure-calamy-diffuse-a-la-tele\/\" type=\"post\" id=\"1509\">Antoinette dans les C\u00e9vennes<\/a><\/em>, a re\u00e7u le Lumi\u00e8re de la presse \u00e9trang\u00e8re 2023 de la <strong>meilleure actrice <\/strong>et surtout le prix de la meilleure actrice \u00e0 la <strong>Mostra de Venise<\/strong> 2021, c\u00e9r\u00e9monie qui a aussi r\u00e9compens\u00e9 <strong>Eric Gravel <\/strong>du prix du meilleur r\u00e9alisateur.<\/p>\n\n\n\n<figure class=\"wp-block-embed is-type-video is-provider-youtube wp-block-embed-youtube wp-embed-aspect-16-9 wp-has-aspect-ratio\"><div class=\"wp-block-embed__wrapper\">\n<iframe loading=\"lazy\" title=\"\u00c0 PLEIN TEMPS - Bande-annonce\" width=\"800\" height=\"450\" src=\"https:\/\/www.youtube.com\/embed\/qC81LSu1B94?feature=oembed\" frameborder=\"0\" allow=\"accelerometer; autoplay; clipboard-write; encrypted-media; gyroscope; picture-in-picture; web-share\" referrerpolicy=\"strict-origin-when-cross-origin\" allowfullscreen><\/iframe>\n<\/div><\/figure>\n\n\n\n<p>Dans <strong><em>\u00c0 plein temps<\/em><\/strong>, <strong>Laure Calamy<\/strong> &#8211; prochainement au g\u00e9n\u00e9rique de <em>C&rsquo;est quoi l&rsquo;amour ?<\/em> &#8211; incarne une m\u00e8re \u00e9levant seule deux enfants \u00e0 la campagne qui se d\u00e9m\u00e8ne pour garder son travail de <a href=\"https:\/\/1jour1sortie.com\/index.php\/2025\/02\/19\/frotter-frotter-la-serie-de-france-2-avec-eye-haidara-et-karole-rocher-qui-met-les-femmes-de-chambre-a-lhonneur\/\">femme de chambre<\/a> dans un palace parisien. Lorsqu&rsquo;elle obtient enfin un entretien pour l&#8217;emploi de ses r\u00eaves, une gr\u00e8ve g\u00e9n\u00e9rale se d\u00e9clenche, paralysant les transports. Le tr\u00e8s fragile \u00e9quilibre de son quotidien vacille et elle va alors se lancer dans une course effr\u00e9n\u00e9e.<\/p>\n\n\n\n<p>C&rsquo;est une m\u00e8re courage qu&rsquo;incarne ici <strong>Laure Calamy<\/strong>, une maman solo qui cumule les gal\u00e8res du quotidien (probl\u00e8mes d&rsquo;argent, voiture qui tombe en panne), qui vit \u00e0 100 \u00e0 l&rsquo;heure. Une vie millim\u00e9tr\u00e9e dont l&rsquo;organisation tombe \u00e0 l&rsquo;eau \u00e0 cause de cette gr\u00e8ve. Un sujet tr\u00e8s francilien, trait\u00e9 \u00e0 l&rsquo;\u00e9cran par un r\u00e9alisateur franco-canadien, dans un <strong>film <\/strong>rythm\u00e9 par une <a href=\"https:\/\/1jour1sortie.com\/index.php\/category\/musique\/\">musique<\/a> enivrante et envoutante qui accompagne des sc\u00e8nes tr\u00e8s dynamiques. Un <strong>film<\/strong> sous tension, comme le quotidien de cette femme.<\/p>\n\n\n\n<p class=\"has-small-font-size\"><em>\u00c0 plein temps<\/em>, d&rsquo;Eric Gravel, 1h25<br>Avec Laure Calamy, Anne Suarez, Genevi\u00e8ve Mnich, Cyril Gue\u00ef&#8230;<br>Sur Arte le 29\/04\/26 \u00e0 21h<br>Cr\u00e9dit photo : Haut et Court<\/p>\n","protected":false},"excerpt":{"rendered":"<p>Laure Calamy incarne une m\u00e8re courage qui vit \u00e0 100 \u00e0 l&rsquo;heure dans le film \u00ab\u00a0\u00c0 plein temps\u00a0\u00bb. Un r\u00f4le<\/p>\n","protected":false},"author":1,"featured_media":1308,"comment_status":"open","ping_status":"open","sticky":false,"template":"","format":"standard","meta":{"colormag_page_container_layout":"default_layout","colormag_page_sidebar_layout":"default_layout","_jetpack_memberships_contains_paid_content":false,"footnotes":"","jetpack_publicize_message":"","jetpack_publicize_feature_enabled":true,"jetpack_social_post_already_shared":false,"jetpack_social_options":{"image_generator_settings":{"template":"highway","default_image_id":0,"font":"","enabled":false},"version":2}},"categories":[3,1103],"tags":[989,1482,991,10,298,990,17,993,988,992,40,41,48],"class_list":["post-1304","post","type-post","status-publish","format-standard","has-post-thumbnail","hentry","category-cinema","category-tv-series","tag-a-plein-temps","tag-arte","tag-cesar","tag-cinema","tag-drame-2","tag-eric-gravel","tag-film","tag-irene-dresel","tag-laure-calamy","tag-mostra-de-venise","tag-tele","tag-television","tag-tv"],"yoast_head":"<!-- This site is optimized with the Yoast SEO plugin v27.2 - https:\/\/yoast.com\/product\/yoast-seo-wordpress\/ -->\n<title>\u00c0 plein temps, le film prim\u00e9 aux C\u00e9sar avec Laure Calamy, \u00e0 revoir \u00e0 la t\u00e9l\u00e9 - 1 Jour 1 Sortie<\/title>\n<meta name=\"robots\" content=\"index, follow, max-snippet:-1, max-image-preview:large, max-video-preview:-1\" \/>\n<link rel=\"canonical\" href=\"https:\/\/1jour1sortie.com\/index.php\/2026\/04\/28\/a-plein-temps-le-film-avec-laure-calamy-prime-aux-cesars-diffuse-a-la-tele\/\" \/>\n<meta property=\"og:locale\" content=\"fr_FR\" \/>\n<meta property=\"og:type\" content=\"article\" \/>\n<meta property=\"og:title\" content=\"\u00c0 plein temps, le film prim\u00e9 aux C\u00e9sar avec Laure Calamy, \u00e0 revoir \u00e0 la t\u00e9l\u00e9 - 1 Jour 1 Sortie\" \/>\n<meta property=\"og:description\" content=\"Laure Calamy incarne une m\u00e8re courage qui vit \u00e0 100 \u00e0 l&rsquo;heure dans le film \u00ab\u00a0\u00c0 plein temps\u00a0\u00bb. Un r\u00f4le\" \/>\n<meta property=\"og:url\" content=\"https:\/\/1jour1sortie.com\/index.php\/2026\/04\/28\/a-plein-temps-le-film-avec-laure-calamy-prime-aux-cesars-diffuse-a-la-tele\/\" \/>\n<meta property=\"og:site_name\" content=\"1 Jour 1 Sortie\" \/>\n<meta property=\"article:published_time\" content=\"2026-04-28T10:01:24+00:00\" \/>\n<meta property=\"og:image\" content=\"https:\/\/1jour1sortie.com\/wp-content\/uploads\/2025\/02\/4888340.jpg\" \/>\n\t<meta property=\"og:image:width\" content=\"1600\" \/>\n\t<meta property=\"og:image:height\" content=\"914\" \/>\n\t<meta property=\"og:image:type\" content=\"image\/jpeg\" \/>\n<meta name=\"author\" content=\"Laura Bruneau\" \/>\n<meta name=\"twitter:card\" content=\"summary_large_image\" \/>\n<meta name=\"twitter:label1\" content=\"\u00c9crit par\" \/>\n\t<meta name=\"twitter:data1\" content=\"Laura Bruneau\" \/>\n\t<meta name=\"twitter:label2\" content=\"Dur\u00e9e de lecture estim\u00e9e\" \/>\n\t<meta name=\"twitter:data2\" content=\"3 minutes\" \/>\n<script type=\"application\/ld+json\" class=\"yoast-schema-graph\">{\"@context\":\"https:\/\/schema.org\",\"@graph\":[{\"@type\":\"Article\",\"@id\":\"https:\/\/1jour1sortie.com\/index.php\/2026\/04\/28\/a-plein-temps-le-film-avec-laure-calamy-prime-aux-cesars-diffuse-a-la-tele\/#article\",\"isPartOf\":{\"@id\":\"https:\/\/1jour1sortie.com\/index.php\/2026\/04\/28\/a-plein-temps-le-film-avec-laure-calamy-prime-aux-cesars-diffuse-a-la-tele\/\"},\"author\":{\"name\":\"Laura Bruneau\",\"@id\":\"https:\/\/1jour1sortie.com\/#\/schema\/person\/421cf30a2d8bd17d611a374f6581881a\"},\"headline\":\"\u00c0 plein temps, le film prim\u00e9 aux C\u00e9sar avec Laure Calamy, \u00e0 revoir \u00e0 la t\u00e9l\u00e9\",\"datePublished\":\"2026-04-28T10:01:24+00:00\",\"mainEntityOfPage\":{\"@id\":\"https:\/\/1jour1sortie.com\/index.php\/2026\/04\/28\/a-plein-temps-le-film-avec-laure-calamy-prime-aux-cesars-diffuse-a-la-tele\/\"},\"wordCount\":428,\"commentCount\":2,\"publisher\":{\"@id\":\"https:\/\/1jour1sortie.com\/#\/schema\/person\/421cf30a2d8bd17d611a374f6581881a\"},\"image\":{\"@id\":\"https:\/\/1jour1sortie.com\/index.php\/2026\/04\/28\/a-plein-temps-le-film-avec-laure-calamy-prime-aux-cesars-diffuse-a-la-tele\/#primaryimage\"},\"thumbnailUrl\":\"https:\/\/1jour1sortie.com\/wp-content\/uploads\/2025\/02\/4888340.jpg\",\"keywords\":[\"\u00e0 plein temps\",\"arte\",\"c\u00e9sar\",\"Cin\u00e9ma\",\"drame\",\"eric gravel\",\"film\",\"ir\u00e8ne dresel\",\"laure calamy\",\"mostra de venise\",\"t\u00e9l\u00e9\",\"t\u00e9l\u00e9vision\",\"TV\"],\"articleSection\":[\"Cin\u00e9ma &amp; Co\",\"TV &amp; S\u00e9ries\"],\"inLanguage\":\"fr-FR\",\"potentialAction\":[{\"@type\":\"CommentAction\",\"name\":\"Comment\",\"target\":[\"https:\/\/1jour1sortie.com\/index.php\/2026\/04\/28\/a-plein-temps-le-film-avec-laure-calamy-prime-aux-cesars-diffuse-a-la-tele\/#respond\"]}]},{\"@type\":\"WebPage\",\"@id\":\"https:\/\/1jour1sortie.com\/index.php\/2026\/04\/28\/a-plein-temps-le-film-avec-laure-calamy-prime-aux-cesars-diffuse-a-la-tele\/\",\"url\":\"https:\/\/1jour1sortie.com\/index.php\/2026\/04\/28\/a-plein-temps-le-film-avec-laure-calamy-prime-aux-cesars-diffuse-a-la-tele\/\",\"name\":\"\u00c0 plein temps, le film prim\u00e9 aux C\u00e9sar avec Laure Calamy, \u00e0 revoir \u00e0 la t\u00e9l\u00e9 - 1 Jour 1 Sortie\",\"isPartOf\":{\"@id\":\"https:\/\/1jour1sortie.com\/#website\"},\"primaryImageOfPage\":{\"@id\":\"https:\/\/1jour1sortie.com\/index.php\/2026\/04\/28\/a-plein-temps-le-film-avec-laure-calamy-prime-aux-cesars-diffuse-a-la-tele\/#primaryimage\"},\"image\":{\"@id\":\"https:\/\/1jour1sortie.com\/index.php\/2026\/04\/28\/a-plein-temps-le-film-avec-laure-calamy-prime-aux-cesars-diffuse-a-la-tele\/#primaryimage\"},\"thumbnailUrl\":\"https:\/\/1jour1sortie.com\/wp-content\/uploads\/2025\/02\/4888340.jpg\",\"datePublished\":\"2026-04-28T10:01:24+00:00\",\"breadcrumb\":{\"@id\":\"https:\/\/1jour1sortie.com\/index.php\/2026\/04\/28\/a-plein-temps-le-film-avec-laure-calamy-prime-aux-cesars-diffuse-a-la-tele\/#breadcrumb\"},\"inLanguage\":\"fr-FR\",\"potentialAction\":[{\"@type\":\"ReadAction\",\"target\":[\"https:\/\/1jour1sortie.com\/index.php\/2026\/04\/28\/a-plein-temps-le-film-avec-laure-calamy-prime-aux-cesars-diffuse-a-la-tele\/\"]}]},{\"@type\":\"ImageObject\",\"inLanguage\":\"fr-FR\",\"@id\":\"https:\/\/1jour1sortie.com\/index.php\/2026\/04\/28\/a-plein-temps-le-film-avec-laure-calamy-prime-aux-cesars-diffuse-a-la-tele\/#primaryimage\",\"url\":\"https:\/\/1jour1sortie.com\/wp-content\/uploads\/2025\/02\/4888340.jpg\",\"contentUrl\":\"https:\/\/1jour1sortie.com\/wp-content\/uploads\/2025\/02\/4888340.jpg\",\"width\":1600,\"height\":914,\"caption\":\"Laure Calamy dans A plein temps\"},{\"@type\":\"BreadcrumbList\",\"@id\":\"https:\/\/1jour1sortie.com\/index.php\/2026\/04\/28\/a-plein-temps-le-film-avec-laure-calamy-prime-aux-cesars-diffuse-a-la-tele\/#breadcrumb\",\"itemListElement\":[{\"@type\":\"ListItem\",\"position\":1,\"name\":\"Accueil\",\"item\":\"https:\/\/1jour1sortie.com\/\"},{\"@type\":\"ListItem\",\"position\":2,\"name\":\"\u00c0 plein temps, le film prim\u00e9 aux C\u00e9sar avec Laure Calamy, \u00e0 revoir \u00e0 la t\u00e9l\u00e9\"}]},{\"@type\":\"WebSite\",\"@id\":\"https:\/\/1jour1sortie.com\/#website\",\"url\":\"https:\/\/1jour1sortie.com\/\",\"name\":\"1 Jour 1 Sortie\",\"description\":\"Par Laura Bruneau\",\"publisher\":{\"@id\":\"https:\/\/1jour1sortie.com\/#\/schema\/person\/421cf30a2d8bd17d611a374f6581881a\"},\"potentialAction\":[{\"@type\":\"SearchAction\",\"target\":{\"@type\":\"EntryPoint\",\"urlTemplate\":\"https:\/\/1jour1sortie.com\/?s={search_term_string}\"},\"query-input\":{\"@type\":\"PropertyValueSpecification\",\"valueRequired\":true,\"valueName\":\"search_term_string\"}}],\"inLanguage\":\"fr-FR\"},{\"@type\":[\"Person\",\"Organization\"],\"@id\":\"https:\/\/1jour1sortie.com\/#\/schema\/person\/421cf30a2d8bd17d611a374f6581881a\",\"name\":\"Laura Bruneau\",\"image\":{\"@type\":\"ImageObject\",\"inLanguage\":\"fr-FR\",\"@id\":\"https:\/\/secure.gravatar.com\/avatar\/8291dab2ef06499abccb64ced18b956a811c146e7f11c5e16b7e8eaf1dfccffc?s=96&d=mm&r=g\",\"url\":\"https:\/\/secure.gravatar.com\/avatar\/8291dab2ef06499abccb64ced18b956a811c146e7f11c5e16b7e8eaf1dfccffc?s=96&d=mm&r=g\",\"contentUrl\":\"https:\/\/secure.gravatar.com\/avatar\/8291dab2ef06499abccb64ced18b956a811c146e7f11c5e16b7e8eaf1dfccffc?s=96&d=mm&r=g\",\"caption\":\"Laura Bruneau\"},\"logo\":{\"@id\":\"https:\/\/secure.gravatar.com\/avatar\/8291dab2ef06499abccb64ced18b956a811c146e7f11c5e16b7e8eaf1dfccffc?s=96&d=mm&r=g\"},\"sameAs\":[\"http:\/\/1jour1sortie.com\"],\"url\":\"https:\/\/1jour1sortie.com\/index.php\/author\/admin6732\/\"}]}<\/script>\n<!-- \/ Yoast SEO plugin. -->","yoast_head_json":{"title":"\u00c0 plein temps, le film prim\u00e9 aux C\u00e9sar avec Laure Calamy, \u00e0 revoir \u00e0 la t\u00e9l\u00e9 - 1 Jour 1 Sortie","robots":{"index":"index","follow":"follow","max-snippet":"max-snippet:-1","max-image-preview":"max-image-preview:large","max-video-preview":"max-video-preview:-1"},"canonical":"https:\/\/1jour1sortie.com\/index.php\/2026\/04\/28\/a-plein-temps-le-film-avec-laure-calamy-prime-aux-cesars-diffuse-a-la-tele\/","og_locale":"fr_FR","og_type":"article","og_title":"\u00c0 plein temps, le film prim\u00e9 aux C\u00e9sar avec Laure Calamy, \u00e0 revoir \u00e0 la t\u00e9l\u00e9 - 1 Jour 1 Sortie","og_description":"Laure Calamy incarne une m\u00e8re courage qui vit \u00e0 100 \u00e0 l&rsquo;heure dans le film \u00ab\u00a0\u00c0 plein temps\u00a0\u00bb. Un r\u00f4le","og_url":"https:\/\/1jour1sortie.com\/index.php\/2026\/04\/28\/a-plein-temps-le-film-avec-laure-calamy-prime-aux-cesars-diffuse-a-la-tele\/","og_site_name":"1 Jour 1 Sortie","article_published_time":"2026-04-28T10:01:24+00:00","og_image":[{"width":1600,"height":914,"url":"https:\/\/1jour1sortie.com\/wp-content\/uploads\/2025\/02\/4888340.jpg","type":"image\/jpeg"}],"author":"Laura Bruneau","twitter_card":"summary_large_image","twitter_misc":{"\u00c9crit par":"Laura Bruneau","Dur\u00e9e de lecture estim\u00e9e":"3 minutes"},"schema":{"@context":"https:\/\/schema.org","@graph":[{"@type":"Article","@id":"https:\/\/1jour1sortie.com\/index.php\/2026\/04\/28\/a-plein-temps-le-film-avec-laure-calamy-prime-aux-cesars-diffuse-a-la-tele\/#article","isPartOf":{"@id":"https:\/\/1jour1sortie.com\/index.php\/2026\/04\/28\/a-plein-temps-le-film-avec-laure-calamy-prime-aux-cesars-diffuse-a-la-tele\/"},"author":{"name":"Laura Bruneau","@id":"https:\/\/1jour1sortie.com\/#\/schema\/person\/421cf30a2d8bd17d611a374f6581881a"},"headline":"\u00c0 plein temps, le film prim\u00e9 aux C\u00e9sar avec Laure Calamy, \u00e0 revoir \u00e0 la t\u00e9l\u00e9","datePublished":"2026-04-28T10:01:24+00:00","mainEntityOfPage":{"@id":"https:\/\/1jour1sortie.com\/index.php\/2026\/04\/28\/a-plein-temps-le-film-avec-laure-calamy-prime-aux-cesars-diffuse-a-la-tele\/"},"wordCount":428,"commentCount":2,"publisher":{"@id":"https:\/\/1jour1sortie.com\/#\/schema\/person\/421cf30a2d8bd17d611a374f6581881a"},"image":{"@id":"https:\/\/1jour1sortie.com\/index.php\/2026\/04\/28\/a-plein-temps-le-film-avec-laure-calamy-prime-aux-cesars-diffuse-a-la-tele\/#primaryimage"},"thumbnailUrl":"https:\/\/1jour1sortie.com\/wp-content\/uploads\/2025\/02\/4888340.jpg","keywords":["\u00e0 plein temps","arte","c\u00e9sar","Cin\u00e9ma","drame","eric gravel","film","ir\u00e8ne dresel","laure calamy","mostra de venise","t\u00e9l\u00e9","t\u00e9l\u00e9vision","TV"],"articleSection":["Cin\u00e9ma &amp; Co","TV &amp; S\u00e9ries"],"inLanguage":"fr-FR","potentialAction":[{"@type":"CommentAction","name":"Comment","target":["https:\/\/1jour1sortie.com\/index.php\/2026\/04\/28\/a-plein-temps-le-film-avec-laure-calamy-prime-aux-cesars-diffuse-a-la-tele\/#respond"]}]},{"@type":"WebPage","@id":"https:\/\/1jour1sortie.com\/index.php\/2026\/04\/28\/a-plein-temps-le-film-avec-laure-calamy-prime-aux-cesars-diffuse-a-la-tele\/","url":"https:\/\/1jour1sortie.com\/index.php\/2026\/04\/28\/a-plein-temps-le-film-avec-laure-calamy-prime-aux-cesars-diffuse-a-la-tele\/","name":"\u00c0 plein temps, le film prim\u00e9 aux C\u00e9sar avec Laure Calamy, \u00e0 revoir \u00e0 la t\u00e9l\u00e9 - 1 Jour 1 Sortie","isPartOf":{"@id":"https:\/\/1jour1sortie.com\/#website"},"primaryImageOfPage":{"@id":"https:\/\/1jour1sortie.com\/index.php\/2026\/04\/28\/a-plein-temps-le-film-avec-laure-calamy-prime-aux-cesars-diffuse-a-la-tele\/#primaryimage"},"image":{"@id":"https:\/\/1jour1sortie.com\/index.php\/2026\/04\/28\/a-plein-temps-le-film-avec-laure-calamy-prime-aux-cesars-diffuse-a-la-tele\/#primaryimage"},"thumbnailUrl":"https:\/\/1jour1sortie.com\/wp-content\/uploads\/2025\/02\/4888340.jpg","datePublished":"2026-04-28T10:01:24+00:00","breadcrumb":{"@id":"https:\/\/1jour1sortie.com\/index.php\/2026\/04\/28\/a-plein-temps-le-film-avec-laure-calamy-prime-aux-cesars-diffuse-a-la-tele\/#breadcrumb"},"inLanguage":"fr-FR","potentialAction":[{"@type":"ReadAction","target":["https:\/\/1jour1sortie.com\/index.php\/2026\/04\/28\/a-plein-temps-le-film-avec-laure-calamy-prime-aux-cesars-diffuse-a-la-tele\/"]}]},{"@type":"ImageObject","inLanguage":"fr-FR","@id":"https:\/\/1jour1sortie.com\/index.php\/2026\/04\/28\/a-plein-temps-le-film-avec-laure-calamy-prime-aux-cesars-diffuse-a-la-tele\/#primaryimage","url":"https:\/\/1jour1sortie.com\/wp-content\/uploads\/2025\/02\/4888340.jpg","contentUrl":"https:\/\/1jour1sortie.com\/wp-content\/uploads\/2025\/02\/4888340.jpg","width":1600,"height":914,"caption":"Laure Calamy dans A plein temps"},{"@type":"BreadcrumbList","@id":"https:\/\/1jour1sortie.com\/index.php\/2026\/04\/28\/a-plein-temps-le-film-avec-laure-calamy-prime-aux-cesars-diffuse-a-la-tele\/#breadcrumb","itemListElement":[{"@type":"ListItem","position":1,"name":"Accueil","item":"https:\/\/1jour1sortie.com\/"},{"@type":"ListItem","position":2,"name":"\u00c0 plein temps, le film prim\u00e9 aux C\u00e9sar avec Laure Calamy, \u00e0 revoir \u00e0 la t\u00e9l\u00e9"}]},{"@type":"WebSite","@id":"https:\/\/1jour1sortie.com\/#website","url":"https:\/\/1jour1sortie.com\/","name":"1 Jour 1 Sortie","description":"Par Laura Bruneau","publisher":{"@id":"https:\/\/1jour1sortie.com\/#\/schema\/person\/421cf30a2d8bd17d611a374f6581881a"},"potentialAction":[{"@type":"SearchAction","target":{"@type":"EntryPoint","urlTemplate":"https:\/\/1jour1sortie.com\/?s={search_term_string}"},"query-input":{"@type":"PropertyValueSpecification","valueRequired":true,"valueName":"search_term_string"}}],"inLanguage":"fr-FR"},{"@type":["Person","Organization"],"@id":"https:\/\/1jour1sortie.com\/#\/schema\/person\/421cf30a2d8bd17d611a374f6581881a","name":"Laura Bruneau","image":{"@type":"ImageObject","inLanguage":"fr-FR","@id":"https:\/\/secure.gravatar.com\/avatar\/8291dab2ef06499abccb64ced18b956a811c146e7f11c5e16b7e8eaf1dfccffc?s=96&d=mm&r=g","url":"https:\/\/secure.gravatar.com\/avatar\/8291dab2ef06499abccb64ced18b956a811c146e7f11c5e16b7e8eaf1dfccffc?s=96&d=mm&r=g","contentUrl":"https:\/\/secure.gravatar.com\/avatar\/8291dab2ef06499abccb64ced18b956a811c146e7f11c5e16b7e8eaf1dfccffc?s=96&d=mm&r=g","caption":"Laura Bruneau"},"logo":{"@id":"https:\/\/secure.gravatar.com\/avatar\/8291dab2ef06499abccb64ced18b956a811c146e7f11c5e16b7e8eaf1dfccffc?s=96&d=mm&r=g"},"sameAs":["http:\/\/1jour1sortie.com"],"url":"https:\/\/1jour1sortie.com\/index.php\/author\/admin6732\/"}]}},"jetpack_publicize_connections":[],"jetpack_featured_media_url":"https:\/\/1jour1sortie.com\/wp-content\/uploads\/2025\/02\/4888340.jpg","jetpack_sharing_enabled":true,"_links":{"self":[{"href":"https:\/\/1jour1sortie.com\/index.php\/wp-json\/wp\/v2\/posts\/1304","targetHints":{"allow":["GET"]}}],"collection":[{"href":"https:\/\/1jour1sortie.com\/index.php\/wp-json\/wp\/v2\/posts"}],"about":[{"href":"https:\/\/1jour1sortie.com\/index.php\/wp-json\/wp\/v2\/types\/post"}],"author":[{"embeddable":true,"href":"https:\/\/1jour1sortie.com\/index.php\/wp-json\/wp\/v2\/users\/1"}],"replies":[{"embeddable":true,"href":"https:\/\/1jour1sortie.com\/index.php\/wp-json\/wp\/v2\/comments?post=1304"}],"version-history":[{"count":7,"href":"https:\/\/1jour1sortie.com\/index.php\/wp-json\/wp\/v2\/posts\/1304\/revisions"}],"predecessor-version":[{"id":4245,"href":"https:\/\/1jour1sortie.com\/index.php\/wp-json\/wp\/v2\/posts\/1304\/revisions\/4245"}],"wp:featuredmedia":[{"embeddable":true,"href":"https:\/\/1jour1sortie.com\/index.php\/wp-json\/wp\/v2\/media\/1308"}],"wp:attachment":[{"href":"https:\/\/1jour1sortie.com\/index.php\/wp-json\/wp\/v2\/media?parent=1304"}],"wp:term":[{"taxonomy":"category","embeddable":true,"href":"https:\/\/1jour1sortie.com\/index.php\/wp-json\/wp\/v2\/categories?post=1304"},{"taxonomy":"post_tag","embeddable":true,"href":"https:\/\/1jour1sortie.com\/index.php\/wp-json\/wp\/v2\/tags?post=1304"}],"curies":[{"name":"wp","href":"https:\/\/api.w.org\/{rel}","templated":true}]}}