{"id":1232,"date":"2025-07-28T17:02:21","date_gmt":"2025-07-28T15:02:21","guid":{"rendered":"https:\/\/1jour1sortie.com\/?p=1232"},"modified":"2025-12-16T11:29:21","modified_gmt":"2025-12-16T10:29:21","slug":"ces-bons-films-et-autres-programmes-a-voir-sur-netflix-et-prime-video","status":"publish","type":"post","link":"https:\/\/1jour1sortie.com\/index.php\/2025\/07\/28\/ces-bons-films-et-autres-programmes-a-voir-sur-netflix-et-prime-video\/","title":{"rendered":"Ces bons films (et autres programmes) \u00e0 voir sur Netflix et Prime Video"},"content":{"rendered":"\n<p><em>Petite s\u00e9lection pas du tout exhaustive et compl\u00e9tement partiale de ces films et autres formats \u00e0 voir en ce moment sur les plateformes de streaming (Netflix et Prime Video).<\/em><\/p>\n\n\n\n<p>Leur catalogue est si riche et si fourni qu&rsquo;on s&rsquo;y perd bien souvent. Qui ne passe pas de longues minutes \u00e0 faire d\u00e9filer les interminables listes de titres disponibles, sur <strong>Netflix<\/strong> ou <strong>Prime Video<\/strong>, avant de savoir quoi regarder. <br>Pour en finir, petite s\u00e9lection tr\u00e8s personnelle de bonnes \u0153uvres \u00e0 voir ou revoir sur les plateformes (hors productions maison des plateformes). <\/p>\n\n\n\n<h2 class=\"wp-block-heading\">Sur Netflix : <\/h2>\n\n\n\n<ul class=\"wp-block-list\">\n<li><strong><em>Abigail <\/em>de Tyler Gillett et Matt Bettinelli-Olpin <\/strong><\/li>\n<\/ul>\n\n\n\n<p>Le duo de r\u00e9alisateurs derri\u00e8re la com\u00e9die horrifique <em><a href=\"https:\/\/web.archive.org\/web\/20220706133627\/https:\/www.sortiraparis.com\/loisirs\/cinema\/articles\/195137-wedding-nightmare-critique-et-bande-annonce\">Wedding Nightmare<\/a><\/em> en 2019 a remis le couvert en 2024 avec Abigail, proposant, de nouveau, un film tr\u00e8s r\u00e9ussi sur un genre pas toujours facile \u00e0 ma\u00eetriser. Cette fois dans un univers entre ballerine et p\u00e8gre. <\/p>\n\n\n\n<figure class=\"wp-block-image size-large is-resized\"><img loading=\"lazy\" decoding=\"async\" width=\"768\" height=\"1024\" src=\"https:\/\/1jour1sortie.com\/wp-content\/uploads\/2025\/07\/0429732-768x1024.jpg\" alt=\"\" class=\"wp-image-2280\" style=\"width:261px;height:auto\" srcset=\"https:\/\/1jour1sortie.com\/wp-content\/uploads\/2025\/07\/0429732-768x1024.jpg 768w, https:\/\/1jour1sortie.com\/wp-content\/uploads\/2025\/07\/0429732-225x300.jpg 225w, https:\/\/1jour1sortie.com\/wp-content\/uploads\/2025\/07\/0429732.jpg 810w\" sizes=\"auto, (max-width: 768px) 100vw, 768px\" \/><\/figure>\n\n\n\n<p><\/p>\n\n\n\n<ul class=\"wp-block-list\">\n<li><strong><em>Burn Out <\/em>de Yann Gozlan<\/strong><\/li>\n<\/ul>\n\n\n\n<p>Un film d&rsquo;action de 2017 avec <strong>Fran\u00e7ois Civil <\/strong>(\u00e0 ses d\u00e9buts, avant qu&rsquo;il ne devienne la coqueluche du cin\u00e9ma fran\u00e7ais) dans le r\u00f4le d&rsquo;un pilote de moto qui se met \u00e0 faire des Go Fast. <\/p>\n\n\n\n<figure class=\"wp-block-image size-large is-resized\"><img loading=\"lazy\" decoding=\"async\" width=\"756\" height=\"1024\" src=\"https:\/\/1jour1sortie.com\/wp-content\/uploads\/2025\/05\/2122850-1-756x1024.jpg\" alt=\"\" class=\"wp-image-1638\" style=\"width:247px;height:auto\" srcset=\"https:\/\/1jour1sortie.com\/wp-content\/uploads\/2025\/05\/2122850-1-756x1024.jpg 756w, https:\/\/1jour1sortie.com\/wp-content\/uploads\/2025\/05\/2122850-1-221x300.jpg 221w, https:\/\/1jour1sortie.com\/wp-content\/uploads\/2025\/05\/2122850-1-768x1041.jpg 768w, https:\/\/1jour1sortie.com\/wp-content\/uploads\/2025\/05\/2122850-1.jpg 797w\" sizes=\"auto, (max-width: 756px) 100vw, 756px\" \/><\/figure>\n\n\n\n<ul class=\"wp-block-list\">\n<li><strong><a href=\"https:\/\/1jour1sortie.com\/index.php\/2025\/03\/30\/le-chant-du-loup-avec-francois-civil-omar-sy-et-mathieu-kassovitz-a-revoir-a-la-tele\/\"><em>Le chant du loup<\/em>,<\/a> d&rsquo;Antonin Baudry <\/strong><\/li>\n<\/ul>\n\n\n\n<p>Entre film d&rsquo;action, drame et thriller, <em><a href=\"https:\/\/1jour1sortie.com\/index.php\/2025\/03\/30\/le-chant-du-loup-avec-francois-civil-omar-sy-et-mathieu-kassovitz-a-revoir-a-la-tele\/\">Le chant du loup<\/a> <\/em>met en sc\u00e8ne les sous-mariniers fran\u00e7ais, incarn\u00e9s par<strong> Fran\u00e7ois Civil<\/strong>, <strong>Omar Sy<\/strong>, <strong>Reda Kateb<\/strong> ou encore <a href=\"https:\/\/1jour1sortie.com\/index.php\/tag\/la-haine-jusquici-rien-na-change\/\"><strong>Mathieu Kassovitz<\/strong><\/a>. Un film passionnant et \u00e9mouvant qui met en lumi\u00e8re les paradoxes de l&rsquo;arm\u00e9e fran\u00e7aise. <\/p>\n\n\n\n<figure class=\"wp-block-image size-large is-resized\"><img loading=\"lazy\" decoding=\"async\" width=\"752\" height=\"1024\" src=\"https:\/\/1jour1sortie.com\/wp-content\/uploads\/2025\/05\/4180753-752x1024.jpg\" alt=\"\" class=\"wp-image-1640\" style=\"width:235px;height:auto\" srcset=\"https:\/\/1jour1sortie.com\/wp-content\/uploads\/2025\/05\/4180753-752x1024.jpg 752w, https:\/\/1jour1sortie.com\/wp-content\/uploads\/2025\/05\/4180753-220x300.jpg 220w, https:\/\/1jour1sortie.com\/wp-content\/uploads\/2025\/05\/4180753-768x1046.jpg 768w, https:\/\/1jour1sortie.com\/wp-content\/uploads\/2025\/05\/4180753.jpg 793w\" sizes=\"auto, (max-width: 752px) 100vw, 752px\" \/><\/figure>\n\n\n\n<ul class=\"wp-block-list\">\n<li><strong><em>Les Traducteurs<\/em> de R\u00e9gis Roinsard <\/strong><\/li>\n<\/ul>\n\n\n\n<p>Un film de genre qui nous balade par le bout du nez d&rsquo;un bout \u00e0 l&rsquo;autre du film. Tout part de la fuite d&rsquo;un livre avant sa sortie, pourtant les traducteurs de toutes les langues \u00e9taient enferm\u00e9s sans contact avec l&rsquo;ext\u00e9rieur. L&rsquo;enqu\u00eate commence, errant de fausse piste en nouvelle fausse piste. <\/p>\n\n\n\n<figure class=\"wp-block-image size-large is-resized\"><img loading=\"lazy\" decoding=\"async\" width=\"754\" height=\"1024\" src=\"https:\/\/1jour1sortie.com\/wp-content\/uploads\/2025\/05\/2257660-754x1024.jpg\" alt=\"\" class=\"wp-image-1642\" style=\"width:238px;height:auto\" srcset=\"https:\/\/1jour1sortie.com\/wp-content\/uploads\/2025\/05\/2257660-754x1024.jpg 754w, https:\/\/1jour1sortie.com\/wp-content\/uploads\/2025\/05\/2257660-221x300.jpg 221w, https:\/\/1jour1sortie.com\/wp-content\/uploads\/2025\/05\/2257660-768x1043.jpg 768w, https:\/\/1jour1sortie.com\/wp-content\/uploads\/2025\/05\/2257660.jpg 795w\" sizes=\"auto, (max-width: 754px) 100vw, 754px\" \/><\/figure>\n\n\n\n<ul class=\"wp-block-list\">\n<li><strong><em>Sauver ou P\u00e9rir<\/em>, de Fr\u00e9d\u00e9ric Tellier <\/strong><\/li>\n<\/ul>\n\n\n\n<p>Un drame poignant dans lequel Pierre Niney incarne un soldat du feu bless\u00e9 au combat. Tr\u00e8s gravement br\u00fbl\u00e9, le pompier va devoir accept\u00e9 l&rsquo;aide des autres. <\/p>\n\n\n\n<figure class=\"wp-block-image size-large is-resized\"><img loading=\"lazy\" decoding=\"async\" width=\"754\" height=\"1024\" src=\"https:\/\/1jour1sortie.com\/wp-content\/uploads\/2025\/07\/2124798-754x1024.webp\" alt=\"\" class=\"wp-image-2209\" style=\"width:252px;height:auto\" srcset=\"https:\/\/1jour1sortie.com\/wp-content\/uploads\/2025\/07\/2124798-754x1024.webp 754w, https:\/\/1jour1sortie.com\/wp-content\/uploads\/2025\/07\/2124798-221x300.webp 221w, https:\/\/1jour1sortie.com\/wp-content\/uploads\/2025\/07\/2124798-768x1043.webp 768w, https:\/\/1jour1sortie.com\/wp-content\/uploads\/2025\/07\/2124798-1131x1536.webp 1131w, https:\/\/1jour1sortie.com\/wp-content\/uploads\/2025\/07\/2124798.webp 1200w\" sizes=\"auto, (max-width: 754px) 100vw, 754px\" \/><\/figure>\n\n\n\n<p><\/p>\n\n\n\n<ul class=\"wp-block-list\">\n<li><strong><em>La Nu\u00e9e<\/em>, de Just Philippot <\/strong><\/li>\n<\/ul>\n\n\n\n<p>Film o\u00f9 la catastrophe vient des sauterelles, <em>La Nu\u00e9e<\/em> interroge notre monde et son mod\u00e8le agricole. Avec Suliane Brahim et Sofian Khammes. <\/p>\n\n\n\n<figure class=\"wp-block-image size-large is-resized\"><img loading=\"lazy\" decoding=\"async\" width=\"768\" height=\"1024\" src=\"https:\/\/1jour1sortie.com\/wp-content\/uploads\/2025\/05\/1424401-768x1024.jpg\" alt=\"\" class=\"wp-image-1643\" style=\"width:242px;height:auto\" srcset=\"https:\/\/1jour1sortie.com\/wp-content\/uploads\/2025\/05\/1424401-768x1024.jpg 768w, https:\/\/1jour1sortie.com\/wp-content\/uploads\/2025\/05\/1424401-225x300.jpg 225w, https:\/\/1jour1sortie.com\/wp-content\/uploads\/2025\/05\/1424401.jpg 810w\" sizes=\"auto, (max-width: 768px) 100vw, 768px\" \/><\/figure>\n\n\n\n<ul class=\"wp-block-list\">\n<li><strong><em>Apprentis Parents <\/em>de Sean Anders<\/strong><\/li>\n<\/ul>\n\n\n\n<p>Une com\u00e9die dramatique, bouleversante, avec <strong>Mark Walhberg<\/strong> (r\u00e9cemment vu dans <a href=\"https:\/\/1jour1sortie.com\/index.php\/2025\/01\/22\/vol-a-haut-risque-le-film-daction-de-mel-gibson-avec-mark-wahlberg\/\"><em>Vol \u00e0 haut risque<\/em><\/a>), inspir\u00e9e d&rsquo;une histoire vraie (celle du r\u00e9alisateur), o\u00f9 un couple adopte, un petit peu sur le tard, des enfants. Le film montre les joies et peines de la famille, nous faisant passer du rire aux larmes. Une th\u00e9matique \u00e9galement abord\u00e9e dans les films fran\u00e7ais <em>Roulez Jeunesse <\/em>et <a href=\"https:\/\/1jour1sortie.com\/index.php\/2025\/07\/22\/la-vraie-famille-un-film-bouleversant-avec-melanie-thierry-diffuse-a-la-tele\/\"><em>La vraie famille<\/em><\/a>)<\/p>\n\n\n\n<figure class=\"wp-block-image size-full is-resized\"><img loading=\"lazy\" decoding=\"async\" width=\"600\" height=\"800\" src=\"https:\/\/1jour1sortie.com\/wp-content\/uploads\/2025\/05\/0178802.jpg\" alt=\"\" class=\"wp-image-1983\" style=\"width:215px;height:auto\" srcset=\"https:\/\/1jour1sortie.com\/wp-content\/uploads\/2025\/05\/0178802.jpg 600w, https:\/\/1jour1sortie.com\/wp-content\/uploads\/2025\/05\/0178802-225x300.jpg 225w\" sizes=\"auto, (max-width: 600px) 100vw, 600px\" \/><\/figure>\n\n\n\n<ul class=\"wp-block-list\">\n<li><strong><em>L&rsquo;origine du monde <\/em>de Laurent Lafitte <\/strong><\/li>\n<\/ul>\n\n\n\n<p>Premi\u00e8re et g\u00e9niale r\u00e9alisation de <strong>Laurent Lafitte <\/strong>qui d\u00e9roule le th\u00e8me du tableau de Courbet. Cette qu\u00eate de l&rsquo;origine du monde va amener \u00e0 des situations cocasses et d\u00e9licieuses, toutes plus jubilatoires les unes que les autres. <\/p>\n\n\n\n<figure class=\"wp-block-image size-large is-resized\"><img loading=\"lazy\" decoding=\"async\" width=\"752\" height=\"1024\" src=\"https:\/\/1jour1sortie.com\/wp-content\/uploads\/2025\/05\/3537838-752x1024.jpg\" alt=\"\" class=\"wp-image-1644\" style=\"width:231px;height:auto\" srcset=\"https:\/\/1jour1sortie.com\/wp-content\/uploads\/2025\/05\/3537838-752x1024.jpg 752w, https:\/\/1jour1sortie.com\/wp-content\/uploads\/2025\/05\/3537838-220x300.jpg 220w, https:\/\/1jour1sortie.com\/wp-content\/uploads\/2025\/05\/3537838-768x1046.jpg 768w, https:\/\/1jour1sortie.com\/wp-content\/uploads\/2025\/05\/3537838.jpg 793w\" sizes=\"auto, (max-width: 752px) 100vw, 752px\" \/><\/figure>\n\n\n\n<ul class=\"wp-block-list\">\n<li><strong><em>Un Triomphe<\/em> d&rsquo;Emmanuel Courcol <\/strong><\/li>\n<\/ul>\n\n\n\n<p>Une belle com\u00e9die dramatique avec Kad Merad, o\u00f9 le <a href=\"https:\/\/1jour1sortie.com\/index.php\/category\/spectacle-vivant\/\">th\u00e9\u00e2tre <\/a>rencontre le milieu carc\u00e9ral.<\/p>\n\n\n\n<figure class=\"wp-block-image size-large is-resized\"><img loading=\"lazy\" decoding=\"async\" width=\"754\" height=\"1024\" src=\"https:\/\/1jour1sortie.com\/wp-content\/uploads\/2025\/05\/0322072-754x1024.jpg\" alt=\"\" class=\"wp-image-1663\" style=\"width:238px;height:auto\" srcset=\"https:\/\/1jour1sortie.com\/wp-content\/uploads\/2025\/05\/0322072-754x1024.jpg 754w, https:\/\/1jour1sortie.com\/wp-content\/uploads\/2025\/05\/0322072-221x300.jpg 221w, https:\/\/1jour1sortie.com\/wp-content\/uploads\/2025\/05\/0322072-768x1043.jpg 768w, https:\/\/1jour1sortie.com\/wp-content\/uploads\/2025\/05\/0322072.jpg 795w\" sizes=\"auto, (max-width: 754px) 100vw, 754px\" \/><\/figure>\n\n\n\n<ul class=\"wp-block-list\">\n<li><strong><em>Police <\/em>de Anne Fontaine<\/strong><\/li>\n<\/ul>\n\n\n\n<p>Un thriller qui filme au plus pr\u00e8s le quotidien de trois policiers (Omar Sy, Virginee Efira,<a href=\"https:\/\/1jour1sortie.com\/index.php\/2025\/03\/04\/gregory-gadebois-dans-des-fleurs-pour-algernon-au-petit-saint-martin\/\"> Gr\u00e9gory Gadebois<\/a>), notamment dans une mission de reconduite \u00e0 la fronti\u00e8re d&rsquo;un sans-papier vou\u00e9 \u00e0 \u00eatre expuls\u00e9. <\/p>\n\n\n\n<figure class=\"wp-block-image size-large is-resized\"><img loading=\"lazy\" decoding=\"async\" width=\"756\" height=\"1024\" src=\"https:\/\/1jour1sortie.com\/wp-content\/uploads\/2025\/05\/5562385-756x1024.jpg\" alt=\"\" class=\"wp-image-1669\" style=\"width:239px;height:auto\" srcset=\"https:\/\/1jour1sortie.com\/wp-content\/uploads\/2025\/05\/5562385-756x1024.jpg 756w, https:\/\/1jour1sortie.com\/wp-content\/uploads\/2025\/05\/5562385-221x300.jpg 221w, https:\/\/1jour1sortie.com\/wp-content\/uploads\/2025\/05\/5562385-768x1041.jpg 768w, https:\/\/1jour1sortie.com\/wp-content\/uploads\/2025\/05\/5562385.jpg 797w\" sizes=\"auto, (max-width: 756px) 100vw, 756px\" \/><\/figure>\n\n\n\n<ul class=\"wp-block-list\">\n<li><strong><em>Goliath <\/em>de Fr\u00e9d\u00e9ric Tellier <\/strong><\/li>\n<\/ul>\n\n\n\n<p>Un thriller tr\u00e8s prenant, avec Pierre Niney, Gilles Lellouche et Emmanuelle Bercot, entre politiques, lobbyistes, agriculteurs et droit environnemental. <\/p>\n\n\n\n<figure class=\"wp-block-image size-large is-resized\"><img loading=\"lazy\" decoding=\"async\" width=\"754\" height=\"1024\" src=\"https:\/\/1jour1sortie.com\/wp-content\/uploads\/2025\/05\/4677076-754x1024.jpg\" alt=\"\" class=\"wp-image-1675\" style=\"width:239px;height:auto\" srcset=\"https:\/\/1jour1sortie.com\/wp-content\/uploads\/2025\/05\/4677076-754x1024.jpg 754w, https:\/\/1jour1sortie.com\/wp-content\/uploads\/2025\/05\/4677076-221x300.jpg 221w, https:\/\/1jour1sortie.com\/wp-content\/uploads\/2025\/05\/4677076-768x1043.jpg 768w, https:\/\/1jour1sortie.com\/wp-content\/uploads\/2025\/05\/4677076.jpg 795w\" sizes=\"auto, (max-width: 754px) 100vw, 754px\" \/><\/figure>\n\n\n\n<ul class=\"wp-block-list\">\n<li><strong><em>Adieu les cons <\/em>d&rsquo;Albert Dupontel <\/strong><\/li>\n<\/ul>\n\n\n\n<p>Du <strong>Dupontel <\/strong>tout crach\u00e9, dr\u00f4le, cynique et \u00e9mouvant, entre rire et larmes, et po\u00e9sie. <\/p>\n\n\n\n<figure class=\"wp-block-image size-full is-resized\"><img loading=\"lazy\" decoding=\"async\" width=\"470\" height=\"640\" src=\"https:\/\/1jour1sortie.com\/wp-content\/uploads\/2025\/05\/0104930.jpg\" alt=\"\" class=\"wp-image-1645\" style=\"width:231px;height:auto\" srcset=\"https:\/\/1jour1sortie.com\/wp-content\/uploads\/2025\/05\/0104930.jpg 470w, https:\/\/1jour1sortie.com\/wp-content\/uploads\/2025\/05\/0104930-220x300.jpg 220w\" sizes=\"auto, (max-width: 470px) 100vw, 470px\" \/><\/figure>\n\n\n\n<p><\/p>\n\n\n\n<ul class=\"wp-block-list\">\n<li><strong><em>Play <\/em>d&rsquo;Anthony Marciano <\/strong><\/li>\n<\/ul>\n\n\n\n<p>Une g\u00e9niale com\u00e9die dans laquelle <a href=\"https:\/\/1jour1sortie.com\/index.php\/2025\/01\/17\/maximilien-un-one-man-show-personnel-et-hilarant-signe-max-boublil\/\">Max Boublil<\/a> incarne son pendant des ann\u00e9es 90, dont le p\u00e8re n&rsquo;est autre qu&rsquo;Alain Chabat. A pleurer de rire.<\/p>\n\n\n\n<figure class=\"wp-block-image size-large is-resized\"><img loading=\"lazy\" decoding=\"async\" width=\"754\" height=\"1024\" src=\"https:\/\/1jour1sortie.com\/wp-content\/uploads\/2025\/05\/0483360-754x1024.webp\" alt=\"\" class=\"wp-image-1671\" style=\"width:233px;height:auto\" srcset=\"https:\/\/1jour1sortie.com\/wp-content\/uploads\/2025\/05\/0483360-754x1024.webp 754w, https:\/\/1jour1sortie.com\/wp-content\/uploads\/2025\/05\/0483360-221x300.webp 221w, https:\/\/1jour1sortie.com\/wp-content\/uploads\/2025\/05\/0483360-768x1043.webp 768w, https:\/\/1jour1sortie.com\/wp-content\/uploads\/2025\/05\/0483360.webp 795w\" sizes=\"auto, (max-width: 754px) 100vw, 754px\" \/><\/figure>\n\n\n\n<ul class=\"wp-block-list\">\n<li><strong><em>Chien de la casse <\/em>de Jean-Baptiste Durand<\/strong><\/li>\n<\/ul>\n\n\n\n<p>Une bonne com\u00e9die dramatique dans laquelle Rapha\u00ebl Quenard excelle dans l&rsquo;art de vanner son ami d&rsquo;enfance incarn\u00e9 par <a href=\"https:\/\/1jour1sortie.com\/index.php\/2025\/01\/12\/le-dossier-maldoror-le-thriller-de-fabrice-du-welz-avec-anthony-bajon-inspire-de-laffaire-marc-dutroux\/\">Anthony Bajon<\/a>. Le tout avec un chien qui a aussi un r\u00f4le important.<\/p>\n\n\n\n<figure class=\"wp-block-image size-large is-resized\"><img loading=\"lazy\" decoding=\"async\" width=\"752\" height=\"1024\" src=\"https:\/\/1jour1sortie.com\/wp-content\/uploads\/2025\/05\/0272581-752x1024.jpg\" alt=\"\" class=\"wp-image-1668\" style=\"width:228px;height:auto\" srcset=\"https:\/\/1jour1sortie.com\/wp-content\/uploads\/2025\/05\/0272581-752x1024.jpg 752w, https:\/\/1jour1sortie.com\/wp-content\/uploads\/2025\/05\/0272581-220x300.jpg 220w, https:\/\/1jour1sortie.com\/wp-content\/uploads\/2025\/05\/0272581-768x1046.jpg 768w, https:\/\/1jour1sortie.com\/wp-content\/uploads\/2025\/05\/0272581.jpg 793w\" sizes=\"auto, (max-width: 752px) 100vw, 752px\" \/><\/figure>\n\n\n\n<ul class=\"wp-block-list\">\n<li><strong><em>Les Petites Mains<\/em>, de Nessim Chikhaoui <\/strong><\/li>\n<\/ul>\n\n\n\n<p>Une jolie com\u00e9die sociale, inspir\u00e9e d&rsquo;une histoire vraie (celle des femmes de chambre en gr\u00e8ve) avec Corinne Masiero. Th\u00e8me repris plus tard dans la s\u00e9rie de France 2<em> <a href=\"https:\/\/1jour1sortie.com\/index.php\/2025\/02\/19\/frotter-frotter-la-serie-de-france-2-avec-eye-haidara-et-karole-rocher-qui-met-les-femmes-de-chambre-a-lhonneur\/\">Frotter Frotter<\/a><\/em>. <\/p>\n\n\n\n<figure class=\"wp-block-image size-large is-resized\"><img loading=\"lazy\" decoding=\"async\" width=\"768\" height=\"1024\" src=\"https:\/\/1jour1sortie.com\/wp-content\/uploads\/2025\/07\/3081560-768x1024.webp\" alt=\"\" class=\"wp-image-2226\" style=\"width:242px;height:auto\" srcset=\"https:\/\/1jour1sortie.com\/wp-content\/uploads\/2025\/07\/3081560-768x1024.webp 768w, https:\/\/1jour1sortie.com\/wp-content\/uploads\/2025\/07\/3081560-225x300.webp 225w, https:\/\/1jour1sortie.com\/wp-content\/uploads\/2025\/07\/3081560.webp 810w\" sizes=\"auto, (max-width: 768px) 100vw, 768px\" \/><\/figure>\n\n\n\n<ul class=\"wp-block-list\">\n<li><strong><em>Papi-Sitter <\/em>de Philippe Guillard<\/strong><\/li>\n<\/ul>\n\n\n\n<p>Com\u00e9die qui r\u00e9unit devant la cam\u00e9ra de Philippe Guillard (<em><a href=\"https:\/\/1jour1sortie.com\/index.php\/2025\/03\/09\/pour-lhonneur-la-comedie-sur-le-rugby-avec-olivier-marchal-et-mathieu-madenian-diffusee-a-la-tele\/\">Pour l&rsquo;honneur<\/a>)<\/em> <strong>G\u00e9rard Lanvin<\/strong> et <strong>Olivier Marchal <\/strong>dans les r\u00f4les de deux grand-p\u00e8res que tout oppose &#8211; l&rsquo;un est un ancien militaire, l&rsquo;autre un baba cool &#8211; mais unis par la m\u00eame petite fille qu&rsquo;ils doivent garder \u00e0 l&rsquo;approche du bac. <\/p>\n\n\n\n<figure class=\"wp-block-image size-large is-resized\"><img loading=\"lazy\" decoding=\"async\" width=\"754\" height=\"1024\" src=\"https:\/\/1jour1sortie.com\/wp-content\/uploads\/2025\/05\/2409871-754x1024.jpg\" alt=\"\" class=\"wp-image-1649\" style=\"width:236px;height:auto\" srcset=\"https:\/\/1jour1sortie.com\/wp-content\/uploads\/2025\/05\/2409871-754x1024.jpg 754w, https:\/\/1jour1sortie.com\/wp-content\/uploads\/2025\/05\/2409871-221x300.jpg 221w, https:\/\/1jour1sortie.com\/wp-content\/uploads\/2025\/05\/2409871-768x1043.jpg 768w, https:\/\/1jour1sortie.com\/wp-content\/uploads\/2025\/05\/2409871.jpg 795w\" sizes=\"auto, (max-width: 754px) 100vw, 754px\" \/><\/figure>\n\n\n\n<ul class=\"wp-block-list\">\n<li><em><strong>30 jours max<\/strong><\/em> <strong>de Tarek Boudali <\/strong><\/li>\n<\/ul>\n\n\n\n<p>Cette com\u00e9die d&rsquo;action, bien rythm\u00e9e, propose une galerie de personnages tous plus loufoques les uns que les autres (jou\u00e9s par Tarek Boudali, <a href=\"https:\/\/1jour1sortie.com\/index.php\/2024\/02\/12\/chien-chat-quand-reem-kherici-realise-une-jolie-comedie-hommage-a-son-chat\/\">Philippe Lacheau<\/a>, Marie-Anne Chazel, Chantal Ladesou, Jos\u00e9 Garcia&#8230;). Beaucoup de gags, dr\u00f4les, et de sc\u00e8nes d&rsquo;action r\u00e9ussies. Le film a connu une suite, <a href=\"https:\/\/1jour1sortie.com\/index.php\/2023\/10\/24\/3-jours-max-de-tarek-boudali-quand-la-bande-a-fifi-parodie-les-blockbusters-americains-dans-son-nouveau-film\/\"><em>3 jours Max<\/em>.<\/a><\/p>\n\n\n\n<figure class=\"wp-block-image size-large is-resized\"><img loading=\"lazy\" decoding=\"async\" width=\"754\" height=\"1024\" src=\"https:\/\/1jour1sortie.com\/wp-content\/uploads\/2025\/05\/0566236-754x1024.jpg\" alt=\"\" class=\"wp-image-1982\" style=\"width:217px;height:auto\" srcset=\"https:\/\/1jour1sortie.com\/wp-content\/uploads\/2025\/05\/0566236-754x1024.jpg 754w, https:\/\/1jour1sortie.com\/wp-content\/uploads\/2025\/05\/0566236-221x300.jpg 221w, https:\/\/1jour1sortie.com\/wp-content\/uploads\/2025\/05\/0566236-768x1043.jpg 768w, https:\/\/1jour1sortie.com\/wp-content\/uploads\/2025\/05\/0566236.jpg 795w\" sizes=\"auto, (max-width: 754px) 100vw, 754px\" \/><\/figure>\n\n\n\n<ul class=\"wp-block-list\">\n<li><strong><em>Parents d&rsquo;\u00e9l\u00e8ves <\/em>de No\u00e9mie Saglio <\/strong><\/li>\n<\/ul>\n\n\n\n<p>Cette com\u00e9die familiale, dynamique et plaisante, rassemble<strong> <a href=\"https:\/\/1jour1sortie.com\/index.php\/2025\/05\/09\/vincent-dedienne-fait-son-gala-sur-scene\/\">Vincent Dedienne<\/a><\/strong> dans le r\u00f4le d&rsquo;un baby-sitter et<a href=\"https:\/\/1jour1sortie.com\/index.php\/2025\/03\/11\/reine-mere-camelia-jordana-et-sofiane-zermani-face-a-charles-martel\/\"> <strong>Camelia Jordana<\/strong><\/a> dans celui d&rsquo;une ma\u00eetresse d&rsquo;\u00e9cole. Si le film para\u00eet l\u00e9ger de prime abord, quelques th\u00e8mes un peu moins l\u00e9gers apparaissent en filigrane. <\/p>\n\n\n\n<figure class=\"wp-block-image size-large is-resized\"><img loading=\"lazy\" decoding=\"async\" width=\"752\" height=\"1024\" src=\"https:\/\/1jour1sortie.com\/wp-content\/uploads\/2025\/05\/2797156-752x1024.jpg\" alt=\"\" class=\"wp-image-1650\" style=\"width:245px;height:auto\" srcset=\"https:\/\/1jour1sortie.com\/wp-content\/uploads\/2025\/05\/2797156-752x1024.jpg 752w, https:\/\/1jour1sortie.com\/wp-content\/uploads\/2025\/05\/2797156-220x300.jpg 220w, https:\/\/1jour1sortie.com\/wp-content\/uploads\/2025\/05\/2797156-768x1046.jpg 768w, https:\/\/1jour1sortie.com\/wp-content\/uploads\/2025\/05\/2797156.jpg 793w\" sizes=\"auto, (max-width: 752px) 100vw, 752px\" \/><\/figure>\n\n\n\n<ul class=\"wp-block-list\">\n<li><strong><em><a href=\"https:\/\/1jour1sortie.com\/index.php\/2024\/02\/12\/chien-chat-quand-reem-kherici-realise-une-jolie-comedie-hommage-a-son-chat\/\">Chien et Chat<\/a><\/em> de Reem Kherici <\/strong><\/li>\n<\/ul>\n\n\n\n<p>Troisi\u00e8me r\u00e9alisation de Reem Kherici, ici en influenceuse,<em> <a href=\"https:\/\/1jour1sortie.com\/index.php\/2024\/02\/12\/chien-chat-quand-reem-kherici-realise-une-jolie-comedie-hommage-a-son-chat\/\">Chien &amp; Chat<\/a><\/em> met aussi en sc\u00e8ne Franck Dubosc dans le r\u00f4le d&rsquo;un voleur, ainsi qu&rsquo;un chat et un chien d&rsquo;animation, avec les voix d&rsquo;In\u00e8s Reg et Artus. Une com\u00e9die qui explore la relation entre humains et animaux. <\/p>\n\n\n\n<figure class=\"wp-block-image size-large is-resized\"><img loading=\"lazy\" decoding=\"async\" width=\"768\" height=\"1024\" src=\"https:\/\/1jour1sortie.com\/wp-content\/uploads\/2025\/05\/0969555-768x1024.jpg\" alt=\"\" class=\"wp-image-1666\" style=\"width:225px;height:auto\" srcset=\"https:\/\/1jour1sortie.com\/wp-content\/uploads\/2025\/05\/0969555-768x1024.jpg 768w, https:\/\/1jour1sortie.com\/wp-content\/uploads\/2025\/05\/0969555-225x300.jpg 225w, https:\/\/1jour1sortie.com\/wp-content\/uploads\/2025\/05\/0969555.jpg 810w\" sizes=\"auto, (max-width: 768px) 100vw, 768px\" \/><\/figure>\n\n\n\n<ul class=\"wp-block-list\">\n<li><strong><em>Nightmare Island <\/em>de Jeff Wadlow<\/strong><\/li>\n<\/ul>\n\n\n\n<p>Un thriller horrifique o\u00f9 les fantasmes deviennent cauchemars, avec une pointe d&rsquo;humour. Le tout sur une \u00eele paradisiaque. Un film efficace sign\u00e9 les <a href=\"https:\/\/1jour1sortie.com\/index.php\/2025\/04\/20\/drop-game-une-version-2-0-de-phone-game-avec-meghann-fahy\/\">studios Blumhouse.<\/a> <\/p>\n\n\n\n<figure class=\"wp-block-image size-large is-resized\"><img loading=\"lazy\" decoding=\"async\" width=\"768\" height=\"1024\" src=\"https:\/\/1jour1sortie.com\/wp-content\/uploads\/2025\/05\/0979818-768x1024.jpg\" alt=\"\" class=\"wp-image-1651\" style=\"width:242px;height:auto\" srcset=\"https:\/\/1jour1sortie.com\/wp-content\/uploads\/2025\/05\/0979818-768x1024.jpg 768w, https:\/\/1jour1sortie.com\/wp-content\/uploads\/2025\/05\/0979818-225x300.jpg 225w, https:\/\/1jour1sortie.com\/wp-content\/uploads\/2025\/05\/0979818.jpg 810w\" sizes=\"auto, (max-width: 768px) 100vw, 768px\" \/><\/figure>\n\n\n\n<ul class=\"wp-block-list\">\n<li><strong><em><a href=\"https:\/\/1jour1sortie.com\/index.php\/2025\/07\/18\/en-eaux-troubles-le-film-de-requins-avec-jason-statham-diffuse-a-la-tele\/\">En eaux troubles<\/a><\/em> de Jon Turteltaud <\/strong><\/li>\n<\/ul>\n\n\n\n<p>Un <a href=\"https:\/\/1jour1sortie.com\/index.php\/2025\/07\/08\/dangerous-animals-un-film-dhorreur-avec-des-requins-et-autres-predateurs\/\">film de requin<\/a> avec<a href=\"https:\/\/1jour1sortie.com\/index.php\/2025\/07\/18\/en-eaux-troubles-le-film-de-requins-avec-jason-statham-diffuse-a-la-tele\/\"> Jason Statham<\/a> qui traque un monstre pr\u00e9historique, teint\u00e9 de bons effets sp\u00e9ciaux et d&rsquo;humour. <\/p>\n\n\n\n<figure class=\"wp-block-image size-large is-resized\"><img loading=\"lazy\" decoding=\"async\" width=\"768\" height=\"1024\" src=\"https:\/\/1jour1sortie.com\/wp-content\/uploads\/2025\/05\/0011138-768x1024.jpg\" alt=\"\" class=\"wp-image-1984\" style=\"width:275px;height:auto\" srcset=\"https:\/\/1jour1sortie.com\/wp-content\/uploads\/2025\/05\/0011138-768x1024.jpg 768w, https:\/\/1jour1sortie.com\/wp-content\/uploads\/2025\/05\/0011138-225x300.jpg 225w, https:\/\/1jour1sortie.com\/wp-content\/uploads\/2025\/05\/0011138.jpg 810w\" sizes=\"auto, (max-width: 768px) 100vw, 768px\" \/><\/figure>\n\n\n\n<ul class=\"wp-block-list\">\n<li><strong><em>The Deep House<\/em>, de Julien Maury et Alexandre Bustillo<\/strong><\/li>\n<\/ul>\n\n\n\n<p>Un film d&rsquo;horreur dans le monde de la plong\u00e9e sous-marine, bien avant <em>Sous la Seine<\/em>. <\/p>\n\n\n\n<figure class=\"wp-block-image size-large is-resized\"><img loading=\"lazy\" decoding=\"async\" width=\"768\" height=\"1024\" src=\"https:\/\/1jour1sortie.com\/wp-content\/uploads\/2025\/05\/5352549-768x1024.jpg\" alt=\"\" class=\"wp-image-1652\" style=\"width:254px;height:auto\" srcset=\"https:\/\/1jour1sortie.com\/wp-content\/uploads\/2025\/05\/5352549-768x1024.jpg 768w, https:\/\/1jour1sortie.com\/wp-content\/uploads\/2025\/05\/5352549-225x300.jpg 225w, https:\/\/1jour1sortie.com\/wp-content\/uploads\/2025\/05\/5352549.jpg 810w\" sizes=\"auto, (max-width: 768px) 100vw, 768px\" \/><\/figure>\n\n\n\n<p><\/p>\n\n\n\n<ul class=\"wp-block-list\">\n<li><strong><em><a href=\"https:\/\/1jour1sortie.com\/wp-content\/uploads\/2023\/12\/vermines.png\">Vermines<\/a><\/em> de S\u00e9bastien Vanicek <\/strong><\/li>\n<\/ul>\n\n\n\n<p>Un tr\u00e8s bon film de genre fran\u00e7ais avec Th\u00e9o Christine et Finnegan Oldfield, en proie \u00e0 une invasion d&rsquo;araign\u00e9es. <\/p>\n\n\n\n<figure class=\"wp-block-image size-large is-resized\"><img loading=\"lazy\" decoding=\"async\" width=\"768\" height=\"1024\" src=\"https:\/\/1jour1sortie.com\/wp-content\/uploads\/2025\/05\/5779947-768x1024.jpg\" alt=\"\" class=\"wp-image-1662\" style=\"width:212px;height:auto\" srcset=\"https:\/\/1jour1sortie.com\/wp-content\/uploads\/2025\/05\/5779947-768x1024.jpg 768w, https:\/\/1jour1sortie.com\/wp-content\/uploads\/2025\/05\/5779947-225x300.jpg 225w, https:\/\/1jour1sortie.com\/wp-content\/uploads\/2025\/05\/5779947.jpg 810w\" sizes=\"auto, (max-width: 768px) 100vw, 768px\" \/><\/figure>\n\n\n\n<ul class=\"wp-block-list\">\n<li><strong><em>Les Crevettes paillet\u00e9es<\/em>, de Maxime Govare et C\u00e9dric Le Gallo <\/strong><\/li>\n<\/ul>\n\n\n\n<p>Une com\u00e9die qui met en sc\u00e8ne une une \u00e9quipe de water polo gay en route pour les Gay Games en Croatie, avec Alban Lenoir, Nicolas Gob, David Baiot&#8230; <\/p>\n\n\n\n<figure class=\"wp-block-image size-large is-resized\"><img loading=\"lazy\" decoding=\"async\" width=\"756\" height=\"1024\" src=\"https:\/\/1jour1sortie.com\/wp-content\/uploads\/2025\/07\/2453551-756x1024.jpg\" alt=\"\" class=\"wp-image-2210\" style=\"width:247px;height:auto\" srcset=\"https:\/\/1jour1sortie.com\/wp-content\/uploads\/2025\/07\/2453551-756x1024.jpg 756w, https:\/\/1jour1sortie.com\/wp-content\/uploads\/2025\/07\/2453551-221x300.jpg 221w, https:\/\/1jour1sortie.com\/wp-content\/uploads\/2025\/07\/2453551-768x1041.jpg 768w, https:\/\/1jour1sortie.com\/wp-content\/uploads\/2025\/07\/2453551.jpg 797w\" sizes=\"auto, (max-width: 756px) 100vw, 756px\" \/><\/figure>\n\n\n\n<ul class=\"wp-block-list\">\n<li><strong><em>La Revanche des Crevettes paillet\u00e9es<\/em>, de C\u00e9dric Le Gallo et Maxime Govare <\/strong><\/li>\n<\/ul>\n\n\n\n<p>La suite des Crevettes paillet\u00e9es est d\u00e9velopp\u00e9e sur le registre du drame, de la com\u00e9die dramatique : l&rsquo;\u00e9quipe gay de water polo est bloqu\u00e9e en Russie, o\u00f9 l&rsquo;homosexualit\u00e9 n&rsquo;est pas tr\u00e8s bien accept\u00e9e&#8230;<\/p>\n\n\n\n<figure class=\"wp-block-image size-large is-resized\"><img loading=\"lazy\" decoding=\"async\" width=\"756\" height=\"1024\" src=\"https:\/\/1jour1sortie.com\/wp-content\/uploads\/2025\/07\/5121695-756x1024.jpg\" alt=\"\" class=\"wp-image-2211\" style=\"width:275px;height:auto\" srcset=\"https:\/\/1jour1sortie.com\/wp-content\/uploads\/2025\/07\/5121695-756x1024.jpg 756w, https:\/\/1jour1sortie.com\/wp-content\/uploads\/2025\/07\/5121695-221x300.jpg 221w, https:\/\/1jour1sortie.com\/wp-content\/uploads\/2025\/07\/5121695-768x1041.jpg 768w, https:\/\/1jour1sortie.com\/wp-content\/uploads\/2025\/07\/5121695.jpg 797w\" sizes=\"auto, (max-width: 756px) 100vw, 756px\" \/><\/figure>\n\n\n\n<ul class=\"wp-block-list\">\n<li><strong><em>Presque<\/em>, de <a href=\"https:\/\/1jour1sortie.com\/index.php\/2024\/12\/03\/presque-le-premier-spectacle-de-panayotis-pascot-diffuse-a-la-tele\/\">Panayotis Pascot<\/a><\/strong><\/li>\n<\/ul>\n\n\n\n<p>Le premier et excellent <a href=\"https:\/\/1jour1sortie.com\/index.php\/2024\/12\/03\/presque-le-premier-spectacle-de-panayotis-pascot-diffuse-a-la-tele\/\">one-man-show de l&rsquo;humoriste Panayotis Pascot<\/a>.<\/p>\n\n\n\n<figure class=\"wp-block-image size-large is-resized\"><img loading=\"lazy\" decoding=\"async\" width=\"728\" height=\"1024\" src=\"https:\/\/1jour1sortie.com\/wp-content\/uploads\/2025\/07\/MV5BMjA2Y2U5MTUtZGVlMC00NTE3LWIzM2MtN2UyMDRjYTExYzk5XkEyXkFqcGc@._V1_-728x1024.jpg\" alt=\"\" class=\"wp-image-2212\" style=\"width:331px;height:auto\" srcset=\"https:\/\/1jour1sortie.com\/wp-content\/uploads\/2025\/07\/MV5BMjA2Y2U5MTUtZGVlMC00NTE3LWIzM2MtN2UyMDRjYTExYzk5XkEyXkFqcGc@._V1_-728x1024.jpg 728w, https:\/\/1jour1sortie.com\/wp-content\/uploads\/2025\/07\/MV5BMjA2Y2U5MTUtZGVlMC00NTE3LWIzM2MtN2UyMDRjYTExYzk5XkEyXkFqcGc@._V1_-213x300.jpg 213w, https:\/\/1jour1sortie.com\/wp-content\/uploads\/2025\/07\/MV5BMjA2Y2U5MTUtZGVlMC00NTE3LWIzM2MtN2UyMDRjYTExYzk5XkEyXkFqcGc@._V1_-768x1080.jpg 768w, https:\/\/1jour1sortie.com\/wp-content\/uploads\/2025\/07\/MV5BMjA2Y2U5MTUtZGVlMC00NTE3LWIzM2MtN2UyMDRjYTExYzk5XkEyXkFqcGc@._V1_-1092x1536.jpg 1092w, https:\/\/1jour1sortie.com\/wp-content\/uploads\/2025\/07\/MV5BMjA2Y2U5MTUtZGVlMC00NTE3LWIzM2MtN2UyMDRjYTExYzk5XkEyXkFqcGc@._V1_-1456x2048.jpg 1456w, https:\/\/1jour1sortie.com\/wp-content\/uploads\/2025\/07\/MV5BMjA2Y2U5MTUtZGVlMC00NTE3LWIzM2MtN2UyMDRjYTExYzk5XkEyXkFqcGc@._V1_.jpg 1603w\" sizes=\"auto, (max-width: 728px) 100vw, 728px\" \/><\/figure>\n\n\n\n<ul class=\"wp-block-list\">\n<li><strong><em>Hexagone<\/em>, de Fary<\/strong><\/li>\n<\/ul>\n\n\n\n<p>L&rsquo;un des pr\u00e9c\u00e9dents spectacles de Fary (avant \u00ab\u00a0<a href=\"https:\/\/1jour1sortie.com\/index.php\/2025\/02\/04\/fary-en-tournee-avec-aime-moi-si-tu-peux\/\"><em>Aime-moi si tu peux<\/em><\/a>\u00ab\u00a0), un bon cru o\u00f9 l&rsquo;humoriste \u00e9voque notamment l&rsquo;immigration et un voyage en Afrique&#8230;<\/p>\n\n\n\n<figure class=\"wp-block-image size-large is-resized\"><img loading=\"lazy\" decoding=\"async\" width=\"731\" height=\"1024\" src=\"https:\/\/1jour1sortie.com\/wp-content\/uploads\/2025\/07\/MV5BZGZlYjRjMzItNzMyYS00YTNiLWExNjAtNTdjNjUyOTBlOTUwXkEyXkFqcGc@._V1_FMjpg_UX1000_-731x1024.jpg\" alt=\"\" class=\"wp-image-2213\" style=\"width:241px;height:auto\" srcset=\"https:\/\/1jour1sortie.com\/wp-content\/uploads\/2025\/07\/MV5BZGZlYjRjMzItNzMyYS00YTNiLWExNjAtNTdjNjUyOTBlOTUwXkEyXkFqcGc@._V1_FMjpg_UX1000_-731x1024.jpg 731w, https:\/\/1jour1sortie.com\/wp-content\/uploads\/2025\/07\/MV5BZGZlYjRjMzItNzMyYS00YTNiLWExNjAtNTdjNjUyOTBlOTUwXkEyXkFqcGc@._V1_FMjpg_UX1000_-214x300.jpg 214w, https:\/\/1jour1sortie.com\/wp-content\/uploads\/2025\/07\/MV5BZGZlYjRjMzItNzMyYS00YTNiLWExNjAtNTdjNjUyOTBlOTUwXkEyXkFqcGc@._V1_FMjpg_UX1000_-768x1076.jpg 768w, https:\/\/1jour1sortie.com\/wp-content\/uploads\/2025\/07\/MV5BZGZlYjRjMzItNzMyYS00YTNiLWExNjAtNTdjNjUyOTBlOTUwXkEyXkFqcGc@._V1_FMjpg_UX1000_.jpg 1000w\" sizes=\"auto, (max-width: 731px) 100vw, 731px\" \/><\/figure>\n\n\n\n<p><\/p>\n\n\n\n<h2 class=\"wp-block-heading\">Et sur Prime Video <\/h2>\n\n\n\n<ul class=\"wp-block-list\">\n<li><strong><em>Barbaque<\/em>, de Fabrice Ebou\u00e9 <\/strong><\/li>\n<\/ul>\n\n\n\n<p>L&rsquo;humoriste et r\u00e9alisateur surfe sur le registre de la com\u00e9die d&rsquo;horreur et s&rsquo;en tire avec brio avec cette histoire o\u00f9 un couple de bouchers (<strong>Marina Fo\u00efs<\/strong> et F<strong>abrice Ebou\u00e9<\/strong>) part \u00e0 la chasse au vegan pour en faire du jambon et sauver son petit commerce. Hilarant. Jubilatoire. <\/p>\n\n\n\n<figure class=\"wp-block-image size-large is-resized\"><img loading=\"lazy\" decoding=\"async\" width=\"768\" height=\"1024\" src=\"https:\/\/1jour1sortie.com\/wp-content\/uploads\/2025\/05\/3782383-768x1024.jpg\" alt=\"\" class=\"wp-image-1654\" style=\"width:260px;height:auto\" srcset=\"https:\/\/1jour1sortie.com\/wp-content\/uploads\/2025\/05\/3782383-768x1024.jpg 768w, https:\/\/1jour1sortie.com\/wp-content\/uploads\/2025\/05\/3782383-225x300.jpg 225w, https:\/\/1jour1sortie.com\/wp-content\/uploads\/2025\/05\/3782383.jpg 810w\" sizes=\"auto, (max-width: 768px) 100vw, 768px\" \/><\/figure>\n\n\n\n<ul class=\"wp-block-list\">\n<li><strong><em>Adieu Hier<\/em>, de Fabrice Ebou\u00e9<\/strong><\/li>\n<\/ul>\n\n\n\n<p>Dans son dernier <a href=\"https:\/\/1jour1sortie.com\/index.php\/category\/spectacle-vivant\/\">spectacle <\/a>en date (le nouveau est en rodage), <strong>Fabrice Ebou\u00e9 <\/strong>joue au vieux con qui pousse des coups de gueule. C&rsquo;est caustique, l&rsquo;\u00e9criture est ac\u00e9r\u00e9e, pamphl\u00e9taire, \u00e7a fustige la cancel culture avant de glisser vers les <a href=\"https:\/\/1jour1sortie.com\/index.php\/2025\/02\/21\/serial-killer-lexposition-les-plus-gros-tueurs-en-serie-de-la-planete-se-devoilent-a-paris-dans-une-exposition-surprenante\/\">tueurs en s\u00e9rie<\/a>. <\/p>\n\n\n\n<figure class=\"wp-block-image size-large is-resized\"><img loading=\"lazy\" decoding=\"async\" width=\"683\" height=\"1024\" src=\"https:\/\/1jour1sortie.com\/wp-content\/uploads\/2025\/05\/0x1200x57247-or-683x1024.jpg\" alt=\"\" class=\"wp-image-1655\" style=\"width:249px;height:auto\" srcset=\"https:\/\/1jour1sortie.com\/wp-content\/uploads\/2025\/05\/0x1200x57247-or-683x1024.jpg 683w, https:\/\/1jour1sortie.com\/wp-content\/uploads\/2025\/05\/0x1200x57247-or-200x300.jpg 200w, https:\/\/1jour1sortie.com\/wp-content\/uploads\/2025\/05\/0x1200x57247-or-768x1152.jpg 768w, https:\/\/1jour1sortie.com\/wp-content\/uploads\/2025\/05\/0x1200x57247-or.jpg 800w\" sizes=\"auto, (max-width: 683px) 100vw, 683px\" \/><\/figure>\n\n\n\n<ul class=\"wp-block-list\">\n<li><strong><em>Invisible Man<\/em>, de Leigh Whannell<\/strong><\/li>\n<\/ul>\n\n\n\n<p>Tr\u00e8s bon thriller, et m\u00eame film d&rsquo;horreur, avec Elisabeth Moss dans la peau d&rsquo;une femme victime d&rsquo;un homme tyran, qui la terrorise m\u00eame encore apr\u00e8s sa mort.<\/p>\n\n\n\n<figure class=\"wp-block-image size-large is-resized\"><img loading=\"lazy\" decoding=\"async\" width=\"768\" height=\"1024\" src=\"https:\/\/1jour1sortie.com\/wp-content\/uploads\/2025\/07\/1423227-768x1024.jpg\" alt=\"\" class=\"wp-image-2214\" style=\"width:262px;height:auto\" srcset=\"https:\/\/1jour1sortie.com\/wp-content\/uploads\/2025\/07\/1423227-768x1024.jpg 768w, https:\/\/1jour1sortie.com\/wp-content\/uploads\/2025\/07\/1423227-225x300.jpg 225w, https:\/\/1jour1sortie.com\/wp-content\/uploads\/2025\/07\/1423227-1152x1536.jpg 1152w, https:\/\/1jour1sortie.com\/wp-content\/uploads\/2025\/07\/1423227.jpg 1200w\" sizes=\"auto, (max-width: 768px) 100vw, 768px\" \/><\/figure>\n\n\n\n<p><\/p>\n\n\n\n<ul class=\"wp-block-list\">\n<li><strong><em>Fisherman&rsquo;s Friends<\/em> de Chris Foggin <\/strong><\/li>\n<\/ul>\n\n\n\n<p>L&rsquo;incroyable histoire de marins chanteurs des Cornouailles devenant des stars de la musique. <\/p>\n\n\n\n<figure class=\"wp-block-image size-large is-resized\"><img loading=\"lazy\" decoding=\"async\" width=\"752\" height=\"1024\" src=\"https:\/\/1jour1sortie.com\/wp-content\/uploads\/2025\/05\/5355838-752x1024.jpg\" alt=\"\" class=\"wp-image-1679\" style=\"width:256px;height:auto\" srcset=\"https:\/\/1jour1sortie.com\/wp-content\/uploads\/2025\/05\/5355838-752x1024.jpg 752w, https:\/\/1jour1sortie.com\/wp-content\/uploads\/2025\/05\/5355838-220x300.jpg 220w, https:\/\/1jour1sortie.com\/wp-content\/uploads\/2025\/05\/5355838-768x1046.jpg 768w, https:\/\/1jour1sortie.com\/wp-content\/uploads\/2025\/05\/5355838.jpg 793w\" sizes=\"auto, (max-width: 752px) 100vw, 752px\" \/><\/figure>\n\n\n\n<ul class=\"wp-block-list\">\n<li><strong><em><a href=\"https:\/\/1jour1sortie.com\/index.php\/2025\/02\/04\/fary-en-tournee-avec-aime-moi-si-tu-peux\/\">Aime-moi si tu peux<\/a><\/em>, de Fary<\/strong><\/li>\n<\/ul>\n\n\n\n<p>Dernier<a href=\"https:\/\/1jour1sortie.com\/index.php\/2025\/02\/04\/fary-en-tournee-avec-aime-moi-si-tu-peux\/\"> spectacle en date de l&rsquo;humoriste Fary<\/a>, sur le ton des confidences, de l&rsquo;introspection.<\/p>\n\n\n\n<figure class=\"wp-block-image size-large is-resized\"><img loading=\"lazy\" decoding=\"async\" width=\"768\" height=\"1024\" src=\"https:\/\/1jour1sortie.com\/wp-content\/uploads\/2025\/07\/47bc2cb97cba5a016ad2de3f2c6dade7cc1cc8d608c82a7810f37010068b0b1c-768x1024.jpg\" alt=\"\" class=\"wp-image-2215\" style=\"width:299px;height:auto\" srcset=\"https:\/\/1jour1sortie.com\/wp-content\/uploads\/2025\/07\/47bc2cb97cba5a016ad2de3f2c6dade7cc1cc8d608c82a7810f37010068b0b1c-768x1024.jpg 768w, https:\/\/1jour1sortie.com\/wp-content\/uploads\/2025\/07\/47bc2cb97cba5a016ad2de3f2c6dade7cc1cc8d608c82a7810f37010068b0b1c-225x300.jpg 225w, https:\/\/1jour1sortie.com\/wp-content\/uploads\/2025\/07\/47bc2cb97cba5a016ad2de3f2c6dade7cc1cc8d608c82a7810f37010068b0b1c-1152x1536.jpg 1152w, https:\/\/1jour1sortie.com\/wp-content\/uploads\/2025\/07\/47bc2cb97cba5a016ad2de3f2c6dade7cc1cc8d608c82a7810f37010068b0b1c-1536x2048.jpg 1536w, https:\/\/1jour1sortie.com\/wp-content\/uploads\/2025\/07\/47bc2cb97cba5a016ad2de3f2c6dade7cc1cc8d608c82a7810f37010068b0b1c.jpg 1920w\" sizes=\"auto, (max-width: 768px) 100vw, 768px\" \/><\/figure>\n\n\n\n<ul class=\"wp-block-list\">\n<li><strong><em>Ensemble ou rien<\/em>, de <a href=\"https:\/\/1jour1sortie.com\/index.php\/2024\/10\/08\/une-heure-a-tuer-quand-waly-dia-ouvre-un-oeil-aguerri-sur-le-monde-actuel-pendant-plus-dune-heure\/\">Waly Dia<\/a><\/strong><\/li>\n<\/ul>\n\n\n\n<p>Pr\u00e9c\u00e9dent one-man-show de Waly Dia (avant \u00ab\u00a0<a href=\"https:\/\/1jour1sortie.com\/index.php\/2024\/10\/08\/une-heure-a-tuer-quand-waly-dia-ouvre-un-oeil-aguerri-sur-le-monde-actuel-pendant-plus-dune-heure\/\"><em>Une heure \u00e0 tuer<\/em><\/a>\u00ab\u00a0). Un spectacle dr\u00f4le et qui d\u00e9livre un message de tol\u00e9rance. <\/p>\n\n\n\n<figure class=\"wp-block-image size-full is-resized\"><img loading=\"lazy\" decoding=\"async\" width=\"650\" height=\"869\" src=\"https:\/\/1jour1sortie.com\/wp-content\/uploads\/2025\/07\/spectacle481_detail.jpg\" alt=\"\" class=\"wp-image-2216\" style=\"width:278px;height:auto\" srcset=\"https:\/\/1jour1sortie.com\/wp-content\/uploads\/2025\/07\/spectacle481_detail.jpg 650w, https:\/\/1jour1sortie.com\/wp-content\/uploads\/2025\/07\/spectacle481_detail-224x300.jpg 224w\" sizes=\"auto, (max-width: 650px) 100vw, 650px\" \/><\/figure>\n\n\n\n<ul class=\"wp-block-list\">\n<li><strong><em>Un spectacle familial<\/em>, de Mathieu Mad\u00e9nian <\/strong><\/li>\n<\/ul>\n\n\n\n<p>Un excellent one-man-show dans lequel <a href=\"https:\/\/1jour1sortie.com\/index.php\/2025\/03\/09\/pour-lhonneur-la-comedie-sur-le-rugby-avec-olivier-marchal-et-mathieu-madenian-diffusee-a-la-tele\/\">Mathieu Mad\u00e9nian <\/a>se moque beaucoup de sa famille, mais toujours avec amour et bienveillance.<\/p>\n\n\n\n<figure class=\"wp-block-image size-large is-resized\"><img loading=\"lazy\" decoding=\"async\" width=\"768\" height=\"1024\" src=\"https:\/\/1jour1sortie.com\/wp-content\/uploads\/2025\/07\/e49c667f9a99aaeef96a5c3ef68c02449c0303a32e176e3c685bab44e79ed7aa-768x1024.png\" alt=\"\" class=\"wp-image-2217\" style=\"width:291px;height:auto\" srcset=\"https:\/\/1jour1sortie.com\/wp-content\/uploads\/2025\/07\/e49c667f9a99aaeef96a5c3ef68c02449c0303a32e176e3c685bab44e79ed7aa-768x1024.png 768w, https:\/\/1jour1sortie.com\/wp-content\/uploads\/2025\/07\/e49c667f9a99aaeef96a5c3ef68c02449c0303a32e176e3c685bab44e79ed7aa-225x300.png 225w, https:\/\/1jour1sortie.com\/wp-content\/uploads\/2025\/07\/e49c667f9a99aaeef96a5c3ef68c02449c0303a32e176e3c685bab44e79ed7aa-1152x1536.png 1152w, https:\/\/1jour1sortie.com\/wp-content\/uploads\/2025\/07\/e49c667f9a99aaeef96a5c3ef68c02449c0303a32e176e3c685bab44e79ed7aa-1536x2048.png 1536w, https:\/\/1jour1sortie.com\/wp-content\/uploads\/2025\/07\/e49c667f9a99aaeef96a5c3ef68c02449c0303a32e176e3c685bab44e79ed7aa.png 1920w\" sizes=\"auto, (max-width: 768px) 100vw, 768px\" \/><\/figure>\n\n\n\n<ul class=\"wp-block-list\">\n<li><strong><em>Focus<\/em>, de Verino <\/strong><\/li>\n<\/ul>\n\n\n\n<p>Un spectacle post Covid pour lequel Verino a \u00e9t\u00e9 tr\u00e8s inspir\u00e9 par la pand\u00e9mie et l&rsquo;\u00e9cologie.<\/p>\n\n\n\n<figure class=\"wp-block-image size-large is-resized\"><img loading=\"lazy\" decoding=\"async\" width=\"694\" height=\"1024\" src=\"https:\/\/1jour1sortie.com\/wp-content\/uploads\/2025\/07\/0x1200x52639-or-694x1024.jpg\" alt=\"\" class=\"wp-image-2218\" style=\"width:263px;height:auto\" srcset=\"https:\/\/1jour1sortie.com\/wp-content\/uploads\/2025\/07\/0x1200x52639-or-694x1024.jpg 694w, https:\/\/1jour1sortie.com\/wp-content\/uploads\/2025\/07\/0x1200x52639-or-203x300.jpg 203w, https:\/\/1jour1sortie.com\/wp-content\/uploads\/2025\/07\/0x1200x52639-or-768x1134.jpg 768w, https:\/\/1jour1sortie.com\/wp-content\/uploads\/2025\/07\/0x1200x52639-or.jpg 813w\" sizes=\"auto, (max-width: 694px) 100vw, 694px\" \/><\/figure>\n\n\n\n<ul class=\"wp-block-list\">\n<li><strong><em>Voir les gens <\/em>de Baptiste Lecaplain<\/strong><\/li>\n<\/ul>\n\n\n\n<p>Dernier one-man-show en date de <strong>Baptiste Lecaplain<\/strong>, v\u00e9ritable pile \u00e9lectrique, qui \u00e9voque notamment ses \u00ab\u00a0<em>nouveaux r\u00e9flexes de vieux<\/em>\u00ab\u00a0, entre autres histoires absurdes, sa sp\u00e9cialit\u00e9, et imitations. <\/p>\n\n\n\n<figure class=\"wp-block-image size-large is-resized\"><img loading=\"lazy\" decoding=\"async\" width=\"768\" height=\"1024\" src=\"https:\/\/1jour1sortie.com\/wp-content\/uploads\/2025\/05\/e6be3a713fdddf9927656d5054e875e977598074e934396b2b6ba58ebf9bfc35-768x1024.jpg\" alt=\"\" class=\"wp-image-1682\" style=\"width:245px;height:auto\" srcset=\"https:\/\/1jour1sortie.com\/wp-content\/uploads\/2025\/05\/e6be3a713fdddf9927656d5054e875e977598074e934396b2b6ba58ebf9bfc35-768x1024.jpg 768w, https:\/\/1jour1sortie.com\/wp-content\/uploads\/2025\/05\/e6be3a713fdddf9927656d5054e875e977598074e934396b2b6ba58ebf9bfc35-225x300.jpg 225w, https:\/\/1jour1sortie.com\/wp-content\/uploads\/2025\/05\/e6be3a713fdddf9927656d5054e875e977598074e934396b2b6ba58ebf9bfc35-1152x1536.jpg 1152w, https:\/\/1jour1sortie.com\/wp-content\/uploads\/2025\/05\/e6be3a713fdddf9927656d5054e875e977598074e934396b2b6ba58ebf9bfc35-1536x2048.jpg 1536w, https:\/\/1jour1sortie.com\/wp-content\/uploads\/2025\/05\/e6be3a713fdddf9927656d5054e875e977598074e934396b2b6ba58ebf9bfc35.jpg 1920w\" sizes=\"auto, (max-width: 768px) 100vw, 768px\" \/><\/figure>\n","protected":false},"excerpt":{"rendered":"<p>Petite s\u00e9lection pas du tout exhaustive et compl\u00e9tement partiale de ces films et autres formats \u00e0 voir en ce moment<\/p>\n","protected":false},"author":1,"featured_media":1684,"comment_status":"open","ping_status":"open","sticky":false,"template":"","format":"standard","meta":{"colormag_page_container_layout":"default_layout","colormag_page_sidebar_layout":"default_layout","_jetpack_memberships_contains_paid_content":false,"footnotes":"","jetpack_publicize_message":"","jetpack_publicize_feature_enabled":true,"jetpack_social_post_already_shared":false,"jetpack_social_options":{"image_generator_settings":{"template":"highway","default_image_id":0,"font":"","enabled":false},"version":2}},"categories":[3,1103],"tags":[297,1468,1261,1262,830,1469,371,725,1283,571,937,1249,1081,1270,1274,10,11,1157,1281,1431,408,17,1246,284,1088,1109,1272,746,1259,285,20,1594,1429,1597,1254,1253,1255,1107,1592,1596,1252,846,997,1269,1245,1275,996,1110,737,1271,1273,1260,1268,1257,591,1248,1250,1247,754,369,1593,83,1277,46,1256,499,289,426,1280,1258,638,1251],"class_list":["post-1232","post","type-post","status-publish","format-standard","has-post-thumbnail","hentry","category-cinema","category-tv-series","tag-drame","tag-30-jours-max","tag-adieu-les-cons","tag-albert-dupontel","tag-anthony-bajon","tag-apprentis-parents","tag-artus","tag-baptiste-lecaplain","tag-barbaque","tag-benjamin-tranie","tag-blanche-gardin","tag-bons-films-netflix","tag-camelia-jordana","tag-chien-de-la-casse","tag-chien-et-chat","tag-cinema","tag-comedie","tag-corinne-masiero","tag-crawl","tag-en-eaux-troubles","tag-fabrice-eboue","tag-film","tag-film-a-voir-sur-netflix","tag-film-dhorreur","tag-films","tag-francois-civil","tag-gerard-lanvin","tag-gilles-lellouche","tag-goliath","tag-horreur","tag-humour","tag-invisible-man","tag-jason-statham","tag-kool-shen","tag-lorigine-du-monde","tag-la-nuee","tag-laurent-lafitte","tag-le-chant-du-loup","tag-les-crevettes-pailletees","tag-les-petites-mains","tag-les-traducteurs","tag-mark-wahlberg","tag-mathieu-madenian","tag-max-boublil","tag-netflix","tag-nightmare-island","tag-olivier-marchal","tag-omar-sy","tag-panayotis","tag-papi-sitter","tag-parents-deleves","tag-pierre-niney","tag-play","tag-police","tag-prime-video","tag-que-regarder-sur-netflix","tag-que-regarder-sur-prime-video","tag-quels-films-voir-sur-netflix","tag-raphael-quenard","tag-reem-kherici","tag-sauver-ou-perir","tag-tarek-boudali","tag-the-deep-house","tag-thriller","tag-un-triomphe","tag-verino","tag-vermines","tag-vincent-dedienne","tag-vincent-lindon","tag-virginie-efira","tag-waly-dia","tag-yann-gozlan"],"yoast_head":"<!-- This site is optimized with the Yoast SEO plugin v27.2 - https:\/\/yoast.com\/product\/yoast-seo-wordpress\/ -->\n<title>Ces bons films (et autres programmes) \u00e0 voir sur Netflix et Prime Video - 1 Jour 1 Sortie<\/title>\n<meta name=\"robots\" content=\"index, follow, max-snippet:-1, max-image-preview:large, max-video-preview:-1\" \/>\n<link rel=\"canonical\" href=\"https:\/\/1jour1sortie.com\/index.php\/2025\/07\/28\/ces-bons-films-et-autres-programmes-a-voir-sur-netflix-et-prime-video\/\" \/>\n<meta property=\"og:locale\" content=\"fr_FR\" \/>\n<meta property=\"og:type\" content=\"article\" \/>\n<meta property=\"og:title\" content=\"Ces bons films (et autres programmes) \u00e0 voir sur Netflix et Prime Video - 1 Jour 1 Sortie\" \/>\n<meta property=\"og:description\" content=\"Petite s\u00e9lection pas du tout exhaustive et compl\u00e9tement partiale de ces films et autres formats \u00e0 voir en ce moment\" \/>\n<meta property=\"og:url\" content=\"https:\/\/1jour1sortie.com\/index.php\/2025\/07\/28\/ces-bons-films-et-autres-programmes-a-voir-sur-netflix-et-prime-video\/\" \/>\n<meta property=\"og:site_name\" content=\"1 Jour 1 Sortie\" \/>\n<meta property=\"article:published_time\" content=\"2025-07-28T15:02:21+00:00\" \/>\n<meta property=\"article:modified_time\" content=\"2025-12-16T10:29:21+00:00\" \/>\n<meta property=\"og:image\" content=\"https:\/\/1jour1sortie.com\/wp-content\/uploads\/2025\/05\/nt-pri.jpg\" \/>\n\t<meta property=\"og:image:width\" content=\"800\" \/>\n\t<meta property=\"og:image:height\" content=\"475\" \/>\n\t<meta property=\"og:image:type\" content=\"image\/jpeg\" \/>\n<meta name=\"author\" content=\"Laura Bruneau\" \/>\n<meta name=\"twitter:card\" content=\"summary_large_image\" \/>\n<meta name=\"twitter:label1\" content=\"\u00c9crit par\" \/>\n\t<meta name=\"twitter:data1\" content=\"Laura Bruneau\" \/>\n\t<meta name=\"twitter:label2\" content=\"Dur\u00e9e de lecture estim\u00e9e\" \/>\n\t<meta name=\"twitter:data2\" content=\"15 minutes\" \/>\n<script type=\"application\/ld+json\" class=\"yoast-schema-graph\">{\"@context\":\"https:\/\/schema.org\",\"@graph\":[{\"@type\":\"Article\",\"@id\":\"https:\/\/1jour1sortie.com\/index.php\/2025\/07\/28\/ces-bons-films-et-autres-programmes-a-voir-sur-netflix-et-prime-video\/#article\",\"isPartOf\":{\"@id\":\"https:\/\/1jour1sortie.com\/index.php\/2025\/07\/28\/ces-bons-films-et-autres-programmes-a-voir-sur-netflix-et-prime-video\/\"},\"author\":{\"name\":\"Laura Bruneau\",\"@id\":\"https:\/\/1jour1sortie.com\/#\/schema\/person\/421cf30a2d8bd17d611a374f6581881a\"},\"headline\":\"Ces bons films (et autres programmes) \u00e0 voir sur Netflix et Prime Video\",\"datePublished\":\"2025-07-28T15:02:21+00:00\",\"dateModified\":\"2025-12-16T10:29:21+00:00\",\"mainEntityOfPage\":{\"@id\":\"https:\/\/1jour1sortie.com\/index.php\/2025\/07\/28\/ces-bons-films-et-autres-programmes-a-voir-sur-netflix-et-prime-video\/\"},\"wordCount\":1560,\"commentCount\":34,\"publisher\":{\"@id\":\"https:\/\/1jour1sortie.com\/#\/schema\/person\/421cf30a2d8bd17d611a374f6581881a\"},\"image\":{\"@id\":\"https:\/\/1jour1sortie.com\/index.php\/2025\/07\/28\/ces-bons-films-et-autres-programmes-a-voir-sur-netflix-et-prime-video\/#primaryimage\"},\"thumbnailUrl\":\"https:\/\/1jour1sortie.com\/wp-content\/uploads\/2025\/05\/nt-pri.jpg\",\"keywords\":[\".drame\",\"30 jours max\",\"adieu les cons\",\"albert dupontel\",\"anthony bajon\",\"apprentis parents\",\"artus\",\"baptiste lecaplain\",\"barbaque\",\"benjamin trani\u00e9\",\"blanche gardin\",\"bons films netflix\",\"camelia jordana\",\"chien de la casse\",\"chien et chat\",\"Cin\u00e9ma\",\"com\u00e9die\",\"corinne masiero\",\"crawl\",\"en eaux troubles\",\"fabrice \u00e9bou\u00e9\",\"film\",\"film \u00e0 voir sur netflix\",\"film d'horreur\",\"films\",\"fran\u00e7ois civil\",\"g\u00e9rard lanvin\",\"gilles lellouche\",\"goliath\",\"horreur\",\"humour\",\"invisible man\",\"jason statham\",\"kool shen\",\"l'origine du monde\",\"la nu\u00e9e\",\"laurent lafitte\",\"le chant du loup\",\"les crevettes paillet\u00e9es\",\"les petites mains\",\"les traducteurs\",\"mark wahlberg\",\"mathieu mad\u00e9nian\",\"max boublil\",\"netflix\",\"nightmare island\",\"olivier marchal\",\"omar sy\",\"panayotis\",\"papi sitter\",\"parents d'\u00e9l\u00e8ves\",\"pierre niney\",\"play\",\"police\",\"prime video\",\"que regarder sur netflix\",\"que regarder sur prime video\",\"quels films voir sur netflix\",\"raphael quenard\",\"reem kherici\",\"sauver ou p\u00e9rir\",\"tarek boudali\",\"the deep house\",\"thriller\",\"un triomphe\",\"v\u00e9rino\",\"vermines\",\"vincent dedienne\",\"vincent lindon\",\"virginie efira\",\"waly dia\",\"yann gozlan\"],\"articleSection\":[\"Cin\u00e9ma &amp; Co\",\"TV &amp; S\u00e9ries\"],\"inLanguage\":\"fr-FR\",\"potentialAction\":[{\"@type\":\"CommentAction\",\"name\":\"Comment\",\"target\":[\"https:\/\/1jour1sortie.com\/index.php\/2025\/07\/28\/ces-bons-films-et-autres-programmes-a-voir-sur-netflix-et-prime-video\/#respond\"]}]},{\"@type\":\"WebPage\",\"@id\":\"https:\/\/1jour1sortie.com\/index.php\/2025\/07\/28\/ces-bons-films-et-autres-programmes-a-voir-sur-netflix-et-prime-video\/\",\"url\":\"https:\/\/1jour1sortie.com\/index.php\/2025\/07\/28\/ces-bons-films-et-autres-programmes-a-voir-sur-netflix-et-prime-video\/\",\"name\":\"Ces bons films (et autres programmes) \u00e0 voir sur Netflix et Prime Video - 1 Jour 1 Sortie\",\"isPartOf\":{\"@id\":\"https:\/\/1jour1sortie.com\/#website\"},\"primaryImageOfPage\":{\"@id\":\"https:\/\/1jour1sortie.com\/index.php\/2025\/07\/28\/ces-bons-films-et-autres-programmes-a-voir-sur-netflix-et-prime-video\/#primaryimage\"},\"image\":{\"@id\":\"https:\/\/1jour1sortie.com\/index.php\/2025\/07\/28\/ces-bons-films-et-autres-programmes-a-voir-sur-netflix-et-prime-video\/#primaryimage\"},\"thumbnailUrl\":\"https:\/\/1jour1sortie.com\/wp-content\/uploads\/2025\/05\/nt-pri.jpg\",\"datePublished\":\"2025-07-28T15:02:21+00:00\",\"dateModified\":\"2025-12-16T10:29:21+00:00\",\"breadcrumb\":{\"@id\":\"https:\/\/1jour1sortie.com\/index.php\/2025\/07\/28\/ces-bons-films-et-autres-programmes-a-voir-sur-netflix-et-prime-video\/#breadcrumb\"},\"inLanguage\":\"fr-FR\",\"potentialAction\":[{\"@type\":\"ReadAction\",\"target\":[\"https:\/\/1jour1sortie.com\/index.php\/2025\/07\/28\/ces-bons-films-et-autres-programmes-a-voir-sur-netflix-et-prime-video\/\"]}]},{\"@type\":\"ImageObject\",\"inLanguage\":\"fr-FR\",\"@id\":\"https:\/\/1jour1sortie.com\/index.php\/2025\/07\/28\/ces-bons-films-et-autres-programmes-a-voir-sur-netflix-et-prime-video\/#primaryimage\",\"url\":\"https:\/\/1jour1sortie.com\/wp-content\/uploads\/2025\/05\/nt-pri.jpg\",\"contentUrl\":\"https:\/\/1jour1sortie.com\/wp-content\/uploads\/2025\/05\/nt-pri.jpg\",\"width\":800,\"height\":475},{\"@type\":\"BreadcrumbList\",\"@id\":\"https:\/\/1jour1sortie.com\/index.php\/2025\/07\/28\/ces-bons-films-et-autres-programmes-a-voir-sur-netflix-et-prime-video\/#breadcrumb\",\"itemListElement\":[{\"@type\":\"ListItem\",\"position\":1,\"name\":\"Accueil\",\"item\":\"https:\/\/1jour1sortie.com\/\"},{\"@type\":\"ListItem\",\"position\":2,\"name\":\"Ces bons films (et autres programmes) \u00e0 voir sur Netflix et Prime Video\"}]},{\"@type\":\"WebSite\",\"@id\":\"https:\/\/1jour1sortie.com\/#website\",\"url\":\"https:\/\/1jour1sortie.com\/\",\"name\":\"1 Jour 1 Sortie\",\"description\":\"Par Laura Bruneau\",\"publisher\":{\"@id\":\"https:\/\/1jour1sortie.com\/#\/schema\/person\/421cf30a2d8bd17d611a374f6581881a\"},\"potentialAction\":[{\"@type\":\"SearchAction\",\"target\":{\"@type\":\"EntryPoint\",\"urlTemplate\":\"https:\/\/1jour1sortie.com\/?s={search_term_string}\"},\"query-input\":{\"@type\":\"PropertyValueSpecification\",\"valueRequired\":true,\"valueName\":\"search_term_string\"}}],\"inLanguage\":\"fr-FR\"},{\"@type\":[\"Person\",\"Organization\"],\"@id\":\"https:\/\/1jour1sortie.com\/#\/schema\/person\/421cf30a2d8bd17d611a374f6581881a\",\"name\":\"Laura Bruneau\",\"image\":{\"@type\":\"ImageObject\",\"inLanguage\":\"fr-FR\",\"@id\":\"https:\/\/secure.gravatar.com\/avatar\/8291dab2ef06499abccb64ced18b956a811c146e7f11c5e16b7e8eaf1dfccffc?s=96&d=mm&r=g\",\"url\":\"https:\/\/secure.gravatar.com\/avatar\/8291dab2ef06499abccb64ced18b956a811c146e7f11c5e16b7e8eaf1dfccffc?s=96&d=mm&r=g\",\"contentUrl\":\"https:\/\/secure.gravatar.com\/avatar\/8291dab2ef06499abccb64ced18b956a811c146e7f11c5e16b7e8eaf1dfccffc?s=96&d=mm&r=g\",\"caption\":\"Laura Bruneau\"},\"logo\":{\"@id\":\"https:\/\/secure.gravatar.com\/avatar\/8291dab2ef06499abccb64ced18b956a811c146e7f11c5e16b7e8eaf1dfccffc?s=96&d=mm&r=g\"},\"sameAs\":[\"http:\/\/1jour1sortie.com\"],\"url\":\"https:\/\/1jour1sortie.com\/index.php\/author\/admin6732\/\"}]}<\/script>\n<!-- \/ Yoast SEO plugin. -->","yoast_head_json":{"title":"Ces bons films (et autres programmes) \u00e0 voir sur Netflix et Prime Video - 1 Jour 1 Sortie","robots":{"index":"index","follow":"follow","max-snippet":"max-snippet:-1","max-image-preview":"max-image-preview:large","max-video-preview":"max-video-preview:-1"},"canonical":"https:\/\/1jour1sortie.com\/index.php\/2025\/07\/28\/ces-bons-films-et-autres-programmes-a-voir-sur-netflix-et-prime-video\/","og_locale":"fr_FR","og_type":"article","og_title":"Ces bons films (et autres programmes) \u00e0 voir sur Netflix et Prime Video - 1 Jour 1 Sortie","og_description":"Petite s\u00e9lection pas du tout exhaustive et compl\u00e9tement partiale de ces films et autres formats \u00e0 voir en ce moment","og_url":"https:\/\/1jour1sortie.com\/index.php\/2025\/07\/28\/ces-bons-films-et-autres-programmes-a-voir-sur-netflix-et-prime-video\/","og_site_name":"1 Jour 1 Sortie","article_published_time":"2025-07-28T15:02:21+00:00","article_modified_time":"2025-12-16T10:29:21+00:00","og_image":[{"width":800,"height":475,"url":"https:\/\/1jour1sortie.com\/wp-content\/uploads\/2025\/05\/nt-pri.jpg","type":"image\/jpeg"}],"author":"Laura Bruneau","twitter_card":"summary_large_image","twitter_misc":{"\u00c9crit par":"Laura Bruneau","Dur\u00e9e de lecture estim\u00e9e":"15 minutes"},"schema":{"@context":"https:\/\/schema.org","@graph":[{"@type":"Article","@id":"https:\/\/1jour1sortie.com\/index.php\/2025\/07\/28\/ces-bons-films-et-autres-programmes-a-voir-sur-netflix-et-prime-video\/#article","isPartOf":{"@id":"https:\/\/1jour1sortie.com\/index.php\/2025\/07\/28\/ces-bons-films-et-autres-programmes-a-voir-sur-netflix-et-prime-video\/"},"author":{"name":"Laura Bruneau","@id":"https:\/\/1jour1sortie.com\/#\/schema\/person\/421cf30a2d8bd17d611a374f6581881a"},"headline":"Ces bons films (et autres programmes) \u00e0 voir sur Netflix et Prime Video","datePublished":"2025-07-28T15:02:21+00:00","dateModified":"2025-12-16T10:29:21+00:00","mainEntityOfPage":{"@id":"https:\/\/1jour1sortie.com\/index.php\/2025\/07\/28\/ces-bons-films-et-autres-programmes-a-voir-sur-netflix-et-prime-video\/"},"wordCount":1560,"commentCount":34,"publisher":{"@id":"https:\/\/1jour1sortie.com\/#\/schema\/person\/421cf30a2d8bd17d611a374f6581881a"},"image":{"@id":"https:\/\/1jour1sortie.com\/index.php\/2025\/07\/28\/ces-bons-films-et-autres-programmes-a-voir-sur-netflix-et-prime-video\/#primaryimage"},"thumbnailUrl":"https:\/\/1jour1sortie.com\/wp-content\/uploads\/2025\/05\/nt-pri.jpg","keywords":[".drame","30 jours max","adieu les cons","albert dupontel","anthony bajon","apprentis parents","artus","baptiste lecaplain","barbaque","benjamin trani\u00e9","blanche gardin","bons films netflix","camelia jordana","chien de la casse","chien et chat","Cin\u00e9ma","com\u00e9die","corinne masiero","crawl","en eaux troubles","fabrice \u00e9bou\u00e9","film","film \u00e0 voir sur netflix","film d'horreur","films","fran\u00e7ois civil","g\u00e9rard lanvin","gilles lellouche","goliath","horreur","humour","invisible man","jason statham","kool shen","l'origine du monde","la nu\u00e9e","laurent lafitte","le chant du loup","les crevettes paillet\u00e9es","les petites mains","les traducteurs","mark wahlberg","mathieu mad\u00e9nian","max boublil","netflix","nightmare island","olivier marchal","omar sy","panayotis","papi sitter","parents d'\u00e9l\u00e8ves","pierre niney","play","police","prime video","que regarder sur netflix","que regarder sur prime video","quels films voir sur netflix","raphael quenard","reem kherici","sauver ou p\u00e9rir","tarek boudali","the deep house","thriller","un triomphe","v\u00e9rino","vermines","vincent dedienne","vincent lindon","virginie efira","waly dia","yann gozlan"],"articleSection":["Cin\u00e9ma &amp; Co","TV &amp; S\u00e9ries"],"inLanguage":"fr-FR","potentialAction":[{"@type":"CommentAction","name":"Comment","target":["https:\/\/1jour1sortie.com\/index.php\/2025\/07\/28\/ces-bons-films-et-autres-programmes-a-voir-sur-netflix-et-prime-video\/#respond"]}]},{"@type":"WebPage","@id":"https:\/\/1jour1sortie.com\/index.php\/2025\/07\/28\/ces-bons-films-et-autres-programmes-a-voir-sur-netflix-et-prime-video\/","url":"https:\/\/1jour1sortie.com\/index.php\/2025\/07\/28\/ces-bons-films-et-autres-programmes-a-voir-sur-netflix-et-prime-video\/","name":"Ces bons films (et autres programmes) \u00e0 voir sur Netflix et Prime Video - 1 Jour 1 Sortie","isPartOf":{"@id":"https:\/\/1jour1sortie.com\/#website"},"primaryImageOfPage":{"@id":"https:\/\/1jour1sortie.com\/index.php\/2025\/07\/28\/ces-bons-films-et-autres-programmes-a-voir-sur-netflix-et-prime-video\/#primaryimage"},"image":{"@id":"https:\/\/1jour1sortie.com\/index.php\/2025\/07\/28\/ces-bons-films-et-autres-programmes-a-voir-sur-netflix-et-prime-video\/#primaryimage"},"thumbnailUrl":"https:\/\/1jour1sortie.com\/wp-content\/uploads\/2025\/05\/nt-pri.jpg","datePublished":"2025-07-28T15:02:21+00:00","dateModified":"2025-12-16T10:29:21+00:00","breadcrumb":{"@id":"https:\/\/1jour1sortie.com\/index.php\/2025\/07\/28\/ces-bons-films-et-autres-programmes-a-voir-sur-netflix-et-prime-video\/#breadcrumb"},"inLanguage":"fr-FR","potentialAction":[{"@type":"ReadAction","target":["https:\/\/1jour1sortie.com\/index.php\/2025\/07\/28\/ces-bons-films-et-autres-programmes-a-voir-sur-netflix-et-prime-video\/"]}]},{"@type":"ImageObject","inLanguage":"fr-FR","@id":"https:\/\/1jour1sortie.com\/index.php\/2025\/07\/28\/ces-bons-films-et-autres-programmes-a-voir-sur-netflix-et-prime-video\/#primaryimage","url":"https:\/\/1jour1sortie.com\/wp-content\/uploads\/2025\/05\/nt-pri.jpg","contentUrl":"https:\/\/1jour1sortie.com\/wp-content\/uploads\/2025\/05\/nt-pri.jpg","width":800,"height":475},{"@type":"BreadcrumbList","@id":"https:\/\/1jour1sortie.com\/index.php\/2025\/07\/28\/ces-bons-films-et-autres-programmes-a-voir-sur-netflix-et-prime-video\/#breadcrumb","itemListElement":[{"@type":"ListItem","position":1,"name":"Accueil","item":"https:\/\/1jour1sortie.com\/"},{"@type":"ListItem","position":2,"name":"Ces bons films (et autres programmes) \u00e0 voir sur Netflix et Prime Video"}]},{"@type":"WebSite","@id":"https:\/\/1jour1sortie.com\/#website","url":"https:\/\/1jour1sortie.com\/","name":"1 Jour 1 Sortie","description":"Par Laura Bruneau","publisher":{"@id":"https:\/\/1jour1sortie.com\/#\/schema\/person\/421cf30a2d8bd17d611a374f6581881a"},"potentialAction":[{"@type":"SearchAction","target":{"@type":"EntryPoint","urlTemplate":"https:\/\/1jour1sortie.com\/?s={search_term_string}"},"query-input":{"@type":"PropertyValueSpecification","valueRequired":true,"valueName":"search_term_string"}}],"inLanguage":"fr-FR"},{"@type":["Person","Organization"],"@id":"https:\/\/1jour1sortie.com\/#\/schema\/person\/421cf30a2d8bd17d611a374f6581881a","name":"Laura Bruneau","image":{"@type":"ImageObject","inLanguage":"fr-FR","@id":"https:\/\/secure.gravatar.com\/avatar\/8291dab2ef06499abccb64ced18b956a811c146e7f11c5e16b7e8eaf1dfccffc?s=96&d=mm&r=g","url":"https:\/\/secure.gravatar.com\/avatar\/8291dab2ef06499abccb64ced18b956a811c146e7f11c5e16b7e8eaf1dfccffc?s=96&d=mm&r=g","contentUrl":"https:\/\/secure.gravatar.com\/avatar\/8291dab2ef06499abccb64ced18b956a811c146e7f11c5e16b7e8eaf1dfccffc?s=96&d=mm&r=g","caption":"Laura Bruneau"},"logo":{"@id":"https:\/\/secure.gravatar.com\/avatar\/8291dab2ef06499abccb64ced18b956a811c146e7f11c5e16b7e8eaf1dfccffc?s=96&d=mm&r=g"},"sameAs":["http:\/\/1jour1sortie.com"],"url":"https:\/\/1jour1sortie.com\/index.php\/author\/admin6732\/"}]}},"jetpack_publicize_connections":[],"jetpack_featured_media_url":"https:\/\/1jour1sortie.com\/wp-content\/uploads\/2025\/05\/nt-pri.jpg","jetpack_sharing_enabled":true,"_links":{"self":[{"href":"https:\/\/1jour1sortie.com\/index.php\/wp-json\/wp\/v2\/posts\/1232","targetHints":{"allow":["GET"]}}],"collection":[{"href":"https:\/\/1jour1sortie.com\/index.php\/wp-json\/wp\/v2\/posts"}],"about":[{"href":"https:\/\/1jour1sortie.com\/index.php\/wp-json\/wp\/v2\/types\/post"}],"author":[{"embeddable":true,"href":"https:\/\/1jour1sortie.com\/index.php\/wp-json\/wp\/v2\/users\/1"}],"replies":[{"embeddable":true,"href":"https:\/\/1jour1sortie.com\/index.php\/wp-json\/wp\/v2\/comments?post=1232"}],"version-history":[{"count":26,"href":"https:\/\/1jour1sortie.com\/index.php\/wp-json\/wp\/v2\/posts\/1232\/revisions"}],"predecessor-version":[{"id":2281,"href":"https:\/\/1jour1sortie.com\/index.php\/wp-json\/wp\/v2\/posts\/1232\/revisions\/2281"}],"wp:featuredmedia":[{"embeddable":true,"href":"https:\/\/1jour1sortie.com\/index.php\/wp-json\/wp\/v2\/media\/1684"}],"wp:attachment":[{"href":"https:\/\/1jour1sortie.com\/index.php\/wp-json\/wp\/v2\/media?parent=1232"}],"wp:term":[{"taxonomy":"category","embeddable":true,"href":"https:\/\/1jour1sortie.com\/index.php\/wp-json\/wp\/v2\/categories?post=1232"},{"taxonomy":"post_tag","embeddable":true,"href":"https:\/\/1jour1sortie.com\/index.php\/wp-json\/wp\/v2\/tags?post=1232"}],"curies":[{"name":"wp","href":"https:\/\/api.w.org\/{rel}","templated":true}]}}