{"id":1215,"date":"2025-02-06T21:12:53","date_gmt":"2025-02-06T20:12:53","guid":{"rendered":"https:\/\/1jour1sortie.com\/?p=1215"},"modified":"2025-02-06T21:12:53","modified_gmt":"2025-02-06T20:12:53","slug":"vincent-dedienne-au-theatre-dans-juste-la-fin-du-monde-de-jean-luc-lagarce","status":"publish","type":"post","link":"https:\/\/1jour1sortie.com\/index.php\/2025\/02\/06\/vincent-dedienne-au-theatre-dans-juste-la-fin-du-monde-de-jean-luc-lagarce\/","title":{"rendered":"Vincent Dedienne au th\u00e9\u00e2tre dans Juste la fin du monde de Jean-Luc Lagarce"},"content":{"rendered":"\n<p><em>Le com\u00e9dien Vincent Dedienne est \u00e0 l&rsquo;affiche de la pi\u00e8ce \u00ab\u00a0Juste la fin du monde\u00a0\u00bb de Jean-Luc Lagarce, actuellement jou\u00e9e au th\u00e9\u00e2tre de l&rsquo;Atelier, \u00e0 Paris, alors qu&rsquo;on comm\u00e9more le 30\u00e8me anniversaire de la mort du dramaturge.<\/em><\/p>\n\n\n\n<p>C&rsquo;est sur les planches que <strong>Vincent Dedienne<\/strong> d\u00e9bute son ann\u00e9e 2025. Il se produit au<strong> th\u00e9\u00e2tre de l&rsquo;Atelier<\/strong> dans <em><strong>Juste la fin du monde<\/strong><\/em>, <strong>pi\u00e8ce<\/strong> \u00e9crite par <strong>Jean-Luc Lagarce<\/strong>, jusqu&rsquo;au 22 mars prochain.<br>Bourreau de travail et insatiable, le com\u00e9dien encha\u00eene quotidiennement deux repr\u00e9sentations puisqu&rsquo;avant de d\u00e9marrer <em><strong>Juste la fin du monde<\/strong><\/em>, \u00e0 21h, il est d\u00e9j\u00e0 sur la sc\u00e8ne de ce m\u00eame th\u00e9\u00e2tre, d\u00e8s 19h, dans<em> Il ne m&rsquo;est jamais rien arriv\u00e9<\/em>, une autre pi\u00e8ce tir\u00e9e du journal de Jean-Luc Lagarce. <br>Les deux spectacles sont mis en sc\u00e8ne par <strong>Johanny Bert<\/strong>. <\/p>\n\n\n\n<figure class=\"wp-block-embed is-type-video is-provider-youtube wp-block-embed-youtube wp-embed-aspect-16-9 wp-has-aspect-ratio\"><div class=\"wp-block-embed__wrapper\">\n<iframe loading=\"lazy\" title=\"Teaser Juste la fin du monde de Jean-Luc Lagarce (2025) au Th\u00e9\u00e2tre de l&#039;Atelier\" width=\"800\" height=\"450\" src=\"https:\/\/www.youtube.com\/embed\/VJeQjGU7v20?feature=oembed\" frameborder=\"0\" allow=\"accelerometer; autoplay; clipboard-write; encrypted-media; gyroscope; picture-in-picture; web-share\" referrerpolicy=\"strict-origin-when-cross-origin\" allowfullscreen><\/iframe>\n<\/div><\/figure>\n\n\n\n<p>Alors qu&rsquo;on c\u00e9l\u00e8bre le 30\u00e8me anniversaire de la mort de <strong>Jean-Luc Lagarce<\/strong>, d\u00e9c\u00e9d\u00e9 en 1995 du Sida, le dramaturge est \u00e0 l&rsquo;honneur au <strong>th\u00e9\u00e2tre de l&rsquo;Atelier<\/strong>, mais pas seulement. Christophe Honor\u00e9 lui rend \u00e9galement hommage dans sa pi\u00e8ce<em> Les Idoles<\/em>, actuellement jou\u00e9e au th\u00e9\u00e2tre de la Porte Saint-Martin. <br>Avant cette mise en sc\u00e8ne sign\u00e9e Johanny Bert,<em><strong> Juste la fin du monde<\/strong><\/em> avait \u00e9t\u00e9 transpos\u00e9e sur grand \u00e9cran, par Xavier Dolan, en 2016, avec Gaspard Ulliel, Nathalie Baye, Vincent Cassel ou encore Marion Cotillard. Le <a href=\"https:\/\/1jour1sortie.com\/index.php\/category\/cinema\/\">film<\/a> avait \u00e9t\u00e9 laur\u00e9at, cette ann\u00e9e-l\u00e0, du Grand Prix \u00e0 Cannes, ainsi que de 3 C\u00e9sars.<\/p>\n\n\n\n<p>L&rsquo;\u00e9criture de <strong>Jean-Luc Lagarce<\/strong> est tr\u00e8s particuli\u00e8re, si singuli\u00e8re, constitu\u00e9e de tr\u00e8s longues tirades, pas \u00e9videntes pour les com\u00e9diens, voire des monologues. La troupe compos\u00e9e par Johanny Bert, autour de<strong> <a href=\"https:\/\/1jour1sortie.com\/index.php\/2024\/06\/26\/les-pistolets-en-plastique-quand-aymeric-lompret-et-vincent-dedienne-tentent-deviter-lerreur-judiciaire\/\">Vincent Dedienne<\/a><\/strong>, v\u00eatue d&rsquo;un look so 90&rsquo;s (p\u00e9riode o\u00f9 la pi\u00e8ce a \u00e9t\u00e9 \u00e9crite) s&rsquo;en sort tr\u00e8s bien de ce point de vue-l\u00e0. Toutefois, ce choix narratif, avec des tirades tr\u00e8s r\u00e9p\u00e9titives voire r\u00e9barbatives, alourdit la pi\u00e8ce dont le porpos n&rsquo;avance pas bien vite.<\/p>\n\n\n\n<p>N\u00e9anmoins, le regard est attir\u00e9 par l&rsquo;un des choix artistique du metteur en sc\u00e8ne : Johanny Bert a d\u00e9cid\u00e9 d&rsquo;accrocher tout le mobilier qui va constituer le d\u00e9cor en l&rsquo;air. Les meubles et objets, parfois imposants (fauteuils, lampes, lave-linge, v\u00e9lo, chaises, tables, violoncelle, fen\u00eatre, cheval \u00e0 bascule&#8230;), descendent des airs au gr\u00e9 des besoins. C&rsquo;est astucieux, original, mais \u00e7a distrait le spectateur. Autre signature de Johanny Bert, la pr\u00e9sence d&rsquo;une marionnette, personnage indissociable de ce metteur en sc\u00e8ne.<\/p>\n\n\n\n<p>Si cette pi\u00e8ce est surtout \u00e0 recommander pour les amateurs de l&rsquo;\u00e9criture de Lagarce ou les fans inconditionnels de <strong><a href=\"https:\/\/1jour1sortie.com\/index.php\/2024\/12\/23\/joli-joli-une-comedie-musicale-de-noel-avec-clara-luciani-vincent-dedienne-william-legbhil-et-laura-felpin\/\">Vincent Dedienne<\/a>,<\/strong> ce dernier, dans la peau de Louis, offre deux jolis moments, presque suspendus ou hors du temps par rapport \u00e0 la pi\u00e8ce, lorsqu&rsquo;il danse sur de la musique techno et lorsqu&rsquo;il chantonne <em>Ma Pr\u00e9f\u00e9rence<\/em> de Julien Clerc. Des instants qui rappellent un petit peu son dernier seul-en-sc\u00e8ne,<em> <a href=\"https:\/\/web.archive.org\/web\/20230207180325\/https:\/www.sortiraparis.com\/scenes\/spectacle\/articles\/254203-vincent-dedienne-au-theatre-du-chatelet-en-fevrier-2023-avec-son-spectacle-un-soir-de-gala\">Un soir de gala<\/a><\/em>.<\/p>\n\n\n\n<p class=\"has-small-font-size\"><em>Juste la fin du monde<\/em>, de Jean-Luc Lagarce, mise en sc\u00e8ne de Johanny Bert<br>Avec Vincent Dedienne, Astrid Bayiha, C\u00e9leste Brunnquell, Christiane Millet et Lo\u00efc Riewer<br>1h30<br>A Paris au th\u00e9\u00e2tre de l&rsquo;Atelier jusqu&rsquo;au 22\/03\/2025 puis en tourn\u00e9e (C\u00e9bazat, Blois, Lyon, Pau, P\u00e9rigueux)<br>Cr\u00e9dit photo : Christophe Raynaud de Lage<\/p>\n","protected":false},"excerpt":{"rendered":"<p>Le com\u00e9dien Vincent Dedienne est \u00e0 l&rsquo;affiche de la pi\u00e8ce \u00ab\u00a0Juste la fin du monde\u00a0\u00bb de Jean-Luc Lagarce, actuellement jou\u00e9e<\/p>\n","protected":false},"author":1,"featured_media":1222,"comment_status":"open","ping_status":"open","sticky":false,"template":"","format":"standard","meta":{"colormag_page_container_layout":"default_layout","colormag_page_sidebar_layout":"default_layout","_jetpack_memberships_contains_paid_content":false,"footnotes":"","jetpack_publicize_message":"","jetpack_publicize_feature_enabled":true,"jetpack_social_post_already_shared":false,"jetpack_social_options":{"image_generator_settings":{"template":"highway","default_image_id":0,"font":"","enabled":false},"version":2}},"categories":[2],"tags":[898,900,899,901,897,33,43,896,426,902],"class_list":["post-1215","post","type-post","status-publish","format-standard","has-post-thumbnail","hentry","category-spectacle-vivant","tag-jean-luc-lagarce","tag-johanny-bert","tag-juste-la-fin-du-monde","tag-juste-la-fin-du-monde-au-theatre","tag-lagarce","tag-piece-de-theatre","tag-theatre","tag-theatre-de-latelier","tag-vincent-dedienne","tag-vincent-dedienne-dans-juste-la-fin-du-monde"],"yoast_head":"<!-- This site is optimized with the Yoast SEO plugin v27.2 - https:\/\/yoast.com\/product\/yoast-seo-wordpress\/ -->\n<title>Vincent Dedienne au th\u00e9\u00e2tre dans Juste la fin du monde de Jean-Luc Lagarce - 1 Jour 1 Sortie<\/title>\n<meta name=\"robots\" content=\"index, follow, max-snippet:-1, max-image-preview:large, max-video-preview:-1\" \/>\n<link rel=\"canonical\" href=\"https:\/\/1jour1sortie.com\/index.php\/2025\/02\/06\/vincent-dedienne-au-theatre-dans-juste-la-fin-du-monde-de-jean-luc-lagarce\/\" \/>\n<meta property=\"og:locale\" content=\"fr_FR\" \/>\n<meta property=\"og:type\" content=\"article\" \/>\n<meta property=\"og:title\" content=\"Vincent Dedienne au th\u00e9\u00e2tre dans Juste la fin du monde de Jean-Luc Lagarce - 1 Jour 1 Sortie\" \/>\n<meta property=\"og:description\" content=\"Le com\u00e9dien Vincent Dedienne est \u00e0 l&rsquo;affiche de la pi\u00e8ce \u00ab\u00a0Juste la fin du monde\u00a0\u00bb de Jean-Luc Lagarce, actuellement jou\u00e9e\" \/>\n<meta property=\"og:url\" content=\"https:\/\/1jour1sortie.com\/index.php\/2025\/02\/06\/vincent-dedienne-au-theatre-dans-juste-la-fin-du-monde-de-jean-luc-lagarce\/\" \/>\n<meta property=\"og:site_name\" content=\"1 Jour 1 Sortie\" \/>\n<meta property=\"article:published_time\" content=\"2025-02-06T20:12:53+00:00\" \/>\n<meta property=\"og:image\" content=\"https:\/\/1jour1sortie.com\/wp-content\/uploads\/2025\/02\/Photo-2-\u00a9-Christophe-Raynaud-de-Lage-scaled.jpg\" \/>\n\t<meta property=\"og:image:width\" content=\"2560\" \/>\n\t<meta property=\"og:image:height\" content=\"1708\" \/>\n\t<meta property=\"og:image:type\" content=\"image\/jpeg\" \/>\n<meta name=\"author\" content=\"Laura Bruneau\" \/>\n<meta name=\"twitter:card\" content=\"summary_large_image\" \/>\n<meta name=\"twitter:label1\" content=\"\u00c9crit par\" \/>\n\t<meta name=\"twitter:data1\" content=\"Laura Bruneau\" \/>\n\t<meta name=\"twitter:label2\" content=\"Dur\u00e9e de lecture estim\u00e9e\" \/>\n\t<meta name=\"twitter:data2\" content=\"1 minute\" \/>\n<script type=\"application\/ld+json\" class=\"yoast-schema-graph\">{\"@context\":\"https:\/\/schema.org\",\"@graph\":[{\"@type\":\"Article\",\"@id\":\"https:\/\/1jour1sortie.com\/index.php\/2025\/02\/06\/vincent-dedienne-au-theatre-dans-juste-la-fin-du-monde-de-jean-luc-lagarce\/#article\",\"isPartOf\":{\"@id\":\"https:\/\/1jour1sortie.com\/index.php\/2025\/02\/06\/vincent-dedienne-au-theatre-dans-juste-la-fin-du-monde-de-jean-luc-lagarce\/\"},\"author\":{\"name\":\"Laura Bruneau\",\"@id\":\"https:\/\/1jour1sortie.com\/#\/schema\/person\/421cf30a2d8bd17d611a374f6581881a\"},\"headline\":\"Vincent Dedienne au th\u00e9\u00e2tre dans Juste la fin du monde de Jean-Luc Lagarce\",\"datePublished\":\"2025-02-06T20:12:53+00:00\",\"mainEntityOfPage\":{\"@id\":\"https:\/\/1jour1sortie.com\/index.php\/2025\/02\/06\/vincent-dedienne-au-theatre-dans-juste-la-fin-du-monde-de-jean-luc-lagarce\/\"},\"wordCount\":615,\"commentCount\":2,\"publisher\":{\"@id\":\"https:\/\/1jour1sortie.com\/#\/schema\/person\/421cf30a2d8bd17d611a374f6581881a\"},\"image\":{\"@id\":\"https:\/\/1jour1sortie.com\/index.php\/2025\/02\/06\/vincent-dedienne-au-theatre-dans-juste-la-fin-du-monde-de-jean-luc-lagarce\/#primaryimage\"},\"thumbnailUrl\":\"https:\/\/1jour1sortie.com\/wp-content\/uploads\/2025\/02\/Photo-2-\u00a9-Christophe-Raynaud-de-Lage-scaled.jpg\",\"keywords\":[\"jean luc lagarce\",\"johanny bert\",\"juste la fin du monde\",\"juste la fin du monde au th\u00e9\u00e2tre\",\"lagarce\",\"pi\u00e8ce de th\u00e9\u00e2tre\",\"th\u00e9\u00e2tre\",\"th\u00e9\u00e2tre de l'atelier\",\"vincent dedienne\",\"vincent dedienne dans juste la fin du monde\"],\"articleSection\":[\"Spectacle Vivant\"],\"inLanguage\":\"fr-FR\",\"potentialAction\":[{\"@type\":\"CommentAction\",\"name\":\"Comment\",\"target\":[\"https:\/\/1jour1sortie.com\/index.php\/2025\/02\/06\/vincent-dedienne-au-theatre-dans-juste-la-fin-du-monde-de-jean-luc-lagarce\/#respond\"]}]},{\"@type\":\"WebPage\",\"@id\":\"https:\/\/1jour1sortie.com\/index.php\/2025\/02\/06\/vincent-dedienne-au-theatre-dans-juste-la-fin-du-monde-de-jean-luc-lagarce\/\",\"url\":\"https:\/\/1jour1sortie.com\/index.php\/2025\/02\/06\/vincent-dedienne-au-theatre-dans-juste-la-fin-du-monde-de-jean-luc-lagarce\/\",\"name\":\"Vincent Dedienne au th\u00e9\u00e2tre dans Juste la fin du monde de Jean-Luc Lagarce - 1 Jour 1 Sortie\",\"isPartOf\":{\"@id\":\"https:\/\/1jour1sortie.com\/#website\"},\"primaryImageOfPage\":{\"@id\":\"https:\/\/1jour1sortie.com\/index.php\/2025\/02\/06\/vincent-dedienne-au-theatre-dans-juste-la-fin-du-monde-de-jean-luc-lagarce\/#primaryimage\"},\"image\":{\"@id\":\"https:\/\/1jour1sortie.com\/index.php\/2025\/02\/06\/vincent-dedienne-au-theatre-dans-juste-la-fin-du-monde-de-jean-luc-lagarce\/#primaryimage\"},\"thumbnailUrl\":\"https:\/\/1jour1sortie.com\/wp-content\/uploads\/2025\/02\/Photo-2-\u00a9-Christophe-Raynaud-de-Lage-scaled.jpg\",\"datePublished\":\"2025-02-06T20:12:53+00:00\",\"breadcrumb\":{\"@id\":\"https:\/\/1jour1sortie.com\/index.php\/2025\/02\/06\/vincent-dedienne-au-theatre-dans-juste-la-fin-du-monde-de-jean-luc-lagarce\/#breadcrumb\"},\"inLanguage\":\"fr-FR\",\"potentialAction\":[{\"@type\":\"ReadAction\",\"target\":[\"https:\/\/1jour1sortie.com\/index.php\/2025\/02\/06\/vincent-dedienne-au-theatre-dans-juste-la-fin-du-monde-de-jean-luc-lagarce\/\"]}]},{\"@type\":\"ImageObject\",\"inLanguage\":\"fr-FR\",\"@id\":\"https:\/\/1jour1sortie.com\/index.php\/2025\/02\/06\/vincent-dedienne-au-theatre-dans-juste-la-fin-du-monde-de-jean-luc-lagarce\/#primaryimage\",\"url\":\"https:\/\/1jour1sortie.com\/wp-content\/uploads\/2025\/02\/Photo-2-\u00a9-Christophe-Raynaud-de-Lage-scaled.jpg\",\"contentUrl\":\"https:\/\/1jour1sortie.com\/wp-content\/uploads\/2025\/02\/Photo-2-\u00a9-Christophe-Raynaud-de-Lage-scaled.jpg\",\"width\":2560,\"height\":1708,\"caption\":\"Vincent Dedienne et Astrid Bayiha dans la pi\u00e8ce Juste la fin du monde\"},{\"@type\":\"BreadcrumbList\",\"@id\":\"https:\/\/1jour1sortie.com\/index.php\/2025\/02\/06\/vincent-dedienne-au-theatre-dans-juste-la-fin-du-monde-de-jean-luc-lagarce\/#breadcrumb\",\"itemListElement\":[{\"@type\":\"ListItem\",\"position\":1,\"name\":\"Accueil\",\"item\":\"https:\/\/1jour1sortie.com\/\"},{\"@type\":\"ListItem\",\"position\":2,\"name\":\"Vincent Dedienne au th\u00e9\u00e2tre dans Juste la fin du monde de Jean-Luc Lagarce\"}]},{\"@type\":\"WebSite\",\"@id\":\"https:\/\/1jour1sortie.com\/#website\",\"url\":\"https:\/\/1jour1sortie.com\/\",\"name\":\"1 Jour 1 Sortie\",\"description\":\"Par Laura Bruneau\",\"publisher\":{\"@id\":\"https:\/\/1jour1sortie.com\/#\/schema\/person\/421cf30a2d8bd17d611a374f6581881a\"},\"potentialAction\":[{\"@type\":\"SearchAction\",\"target\":{\"@type\":\"EntryPoint\",\"urlTemplate\":\"https:\/\/1jour1sortie.com\/?s={search_term_string}\"},\"query-input\":{\"@type\":\"PropertyValueSpecification\",\"valueRequired\":true,\"valueName\":\"search_term_string\"}}],\"inLanguage\":\"fr-FR\"},{\"@type\":[\"Person\",\"Organization\"],\"@id\":\"https:\/\/1jour1sortie.com\/#\/schema\/person\/421cf30a2d8bd17d611a374f6581881a\",\"name\":\"Laura Bruneau\",\"image\":{\"@type\":\"ImageObject\",\"inLanguage\":\"fr-FR\",\"@id\":\"https:\/\/secure.gravatar.com\/avatar\/8291dab2ef06499abccb64ced18b956a811c146e7f11c5e16b7e8eaf1dfccffc?s=96&d=mm&r=g\",\"url\":\"https:\/\/secure.gravatar.com\/avatar\/8291dab2ef06499abccb64ced18b956a811c146e7f11c5e16b7e8eaf1dfccffc?s=96&d=mm&r=g\",\"contentUrl\":\"https:\/\/secure.gravatar.com\/avatar\/8291dab2ef06499abccb64ced18b956a811c146e7f11c5e16b7e8eaf1dfccffc?s=96&d=mm&r=g\",\"caption\":\"Laura Bruneau\"},\"logo\":{\"@id\":\"https:\/\/secure.gravatar.com\/avatar\/8291dab2ef06499abccb64ced18b956a811c146e7f11c5e16b7e8eaf1dfccffc?s=96&d=mm&r=g\"},\"sameAs\":[\"http:\/\/1jour1sortie.com\"],\"url\":\"https:\/\/1jour1sortie.com\/index.php\/author\/admin6732\/\"}]}<\/script>\n<!-- \/ Yoast SEO plugin. -->","yoast_head_json":{"title":"Vincent Dedienne au th\u00e9\u00e2tre dans Juste la fin du monde de Jean-Luc Lagarce - 1 Jour 1 Sortie","robots":{"index":"index","follow":"follow","max-snippet":"max-snippet:-1","max-image-preview":"max-image-preview:large","max-video-preview":"max-video-preview:-1"},"canonical":"https:\/\/1jour1sortie.com\/index.php\/2025\/02\/06\/vincent-dedienne-au-theatre-dans-juste-la-fin-du-monde-de-jean-luc-lagarce\/","og_locale":"fr_FR","og_type":"article","og_title":"Vincent Dedienne au th\u00e9\u00e2tre dans Juste la fin du monde de Jean-Luc Lagarce - 1 Jour 1 Sortie","og_description":"Le com\u00e9dien Vincent Dedienne est \u00e0 l&rsquo;affiche de la pi\u00e8ce \u00ab\u00a0Juste la fin du monde\u00a0\u00bb de Jean-Luc Lagarce, actuellement jou\u00e9e","og_url":"https:\/\/1jour1sortie.com\/index.php\/2025\/02\/06\/vincent-dedienne-au-theatre-dans-juste-la-fin-du-monde-de-jean-luc-lagarce\/","og_site_name":"1 Jour 1 Sortie","article_published_time":"2025-02-06T20:12:53+00:00","og_image":[{"width":2560,"height":1708,"url":"https:\/\/1jour1sortie.com\/wp-content\/uploads\/2025\/02\/Photo-2-\u00a9-Christophe-Raynaud-de-Lage-scaled.jpg","type":"image\/jpeg"}],"author":"Laura Bruneau","twitter_card":"summary_large_image","twitter_misc":{"\u00c9crit par":"Laura Bruneau","Dur\u00e9e de lecture estim\u00e9e":"1 minute"},"schema":{"@context":"https:\/\/schema.org","@graph":[{"@type":"Article","@id":"https:\/\/1jour1sortie.com\/index.php\/2025\/02\/06\/vincent-dedienne-au-theatre-dans-juste-la-fin-du-monde-de-jean-luc-lagarce\/#article","isPartOf":{"@id":"https:\/\/1jour1sortie.com\/index.php\/2025\/02\/06\/vincent-dedienne-au-theatre-dans-juste-la-fin-du-monde-de-jean-luc-lagarce\/"},"author":{"name":"Laura Bruneau","@id":"https:\/\/1jour1sortie.com\/#\/schema\/person\/421cf30a2d8bd17d611a374f6581881a"},"headline":"Vincent Dedienne au th\u00e9\u00e2tre dans Juste la fin du monde de Jean-Luc Lagarce","datePublished":"2025-02-06T20:12:53+00:00","mainEntityOfPage":{"@id":"https:\/\/1jour1sortie.com\/index.php\/2025\/02\/06\/vincent-dedienne-au-theatre-dans-juste-la-fin-du-monde-de-jean-luc-lagarce\/"},"wordCount":615,"commentCount":2,"publisher":{"@id":"https:\/\/1jour1sortie.com\/#\/schema\/person\/421cf30a2d8bd17d611a374f6581881a"},"image":{"@id":"https:\/\/1jour1sortie.com\/index.php\/2025\/02\/06\/vincent-dedienne-au-theatre-dans-juste-la-fin-du-monde-de-jean-luc-lagarce\/#primaryimage"},"thumbnailUrl":"https:\/\/1jour1sortie.com\/wp-content\/uploads\/2025\/02\/Photo-2-\u00a9-Christophe-Raynaud-de-Lage-scaled.jpg","keywords":["jean luc lagarce","johanny bert","juste la fin du monde","juste la fin du monde au th\u00e9\u00e2tre","lagarce","pi\u00e8ce de th\u00e9\u00e2tre","th\u00e9\u00e2tre","th\u00e9\u00e2tre de l'atelier","vincent dedienne","vincent dedienne dans juste la fin du monde"],"articleSection":["Spectacle Vivant"],"inLanguage":"fr-FR","potentialAction":[{"@type":"CommentAction","name":"Comment","target":["https:\/\/1jour1sortie.com\/index.php\/2025\/02\/06\/vincent-dedienne-au-theatre-dans-juste-la-fin-du-monde-de-jean-luc-lagarce\/#respond"]}]},{"@type":"WebPage","@id":"https:\/\/1jour1sortie.com\/index.php\/2025\/02\/06\/vincent-dedienne-au-theatre-dans-juste-la-fin-du-monde-de-jean-luc-lagarce\/","url":"https:\/\/1jour1sortie.com\/index.php\/2025\/02\/06\/vincent-dedienne-au-theatre-dans-juste-la-fin-du-monde-de-jean-luc-lagarce\/","name":"Vincent Dedienne au th\u00e9\u00e2tre dans Juste la fin du monde de Jean-Luc Lagarce - 1 Jour 1 Sortie","isPartOf":{"@id":"https:\/\/1jour1sortie.com\/#website"},"primaryImageOfPage":{"@id":"https:\/\/1jour1sortie.com\/index.php\/2025\/02\/06\/vincent-dedienne-au-theatre-dans-juste-la-fin-du-monde-de-jean-luc-lagarce\/#primaryimage"},"image":{"@id":"https:\/\/1jour1sortie.com\/index.php\/2025\/02\/06\/vincent-dedienne-au-theatre-dans-juste-la-fin-du-monde-de-jean-luc-lagarce\/#primaryimage"},"thumbnailUrl":"https:\/\/1jour1sortie.com\/wp-content\/uploads\/2025\/02\/Photo-2-\u00a9-Christophe-Raynaud-de-Lage-scaled.jpg","datePublished":"2025-02-06T20:12:53+00:00","breadcrumb":{"@id":"https:\/\/1jour1sortie.com\/index.php\/2025\/02\/06\/vincent-dedienne-au-theatre-dans-juste-la-fin-du-monde-de-jean-luc-lagarce\/#breadcrumb"},"inLanguage":"fr-FR","potentialAction":[{"@type":"ReadAction","target":["https:\/\/1jour1sortie.com\/index.php\/2025\/02\/06\/vincent-dedienne-au-theatre-dans-juste-la-fin-du-monde-de-jean-luc-lagarce\/"]}]},{"@type":"ImageObject","inLanguage":"fr-FR","@id":"https:\/\/1jour1sortie.com\/index.php\/2025\/02\/06\/vincent-dedienne-au-theatre-dans-juste-la-fin-du-monde-de-jean-luc-lagarce\/#primaryimage","url":"https:\/\/1jour1sortie.com\/wp-content\/uploads\/2025\/02\/Photo-2-\u00a9-Christophe-Raynaud-de-Lage-scaled.jpg","contentUrl":"https:\/\/1jour1sortie.com\/wp-content\/uploads\/2025\/02\/Photo-2-\u00a9-Christophe-Raynaud-de-Lage-scaled.jpg","width":2560,"height":1708,"caption":"Vincent Dedienne et Astrid Bayiha dans la pi\u00e8ce Juste la fin du monde"},{"@type":"BreadcrumbList","@id":"https:\/\/1jour1sortie.com\/index.php\/2025\/02\/06\/vincent-dedienne-au-theatre-dans-juste-la-fin-du-monde-de-jean-luc-lagarce\/#breadcrumb","itemListElement":[{"@type":"ListItem","position":1,"name":"Accueil","item":"https:\/\/1jour1sortie.com\/"},{"@type":"ListItem","position":2,"name":"Vincent Dedienne au th\u00e9\u00e2tre dans Juste la fin du monde de Jean-Luc Lagarce"}]},{"@type":"WebSite","@id":"https:\/\/1jour1sortie.com\/#website","url":"https:\/\/1jour1sortie.com\/","name":"1 Jour 1 Sortie","description":"Par Laura Bruneau","publisher":{"@id":"https:\/\/1jour1sortie.com\/#\/schema\/person\/421cf30a2d8bd17d611a374f6581881a"},"potentialAction":[{"@type":"SearchAction","target":{"@type":"EntryPoint","urlTemplate":"https:\/\/1jour1sortie.com\/?s={search_term_string}"},"query-input":{"@type":"PropertyValueSpecification","valueRequired":true,"valueName":"search_term_string"}}],"inLanguage":"fr-FR"},{"@type":["Person","Organization"],"@id":"https:\/\/1jour1sortie.com\/#\/schema\/person\/421cf30a2d8bd17d611a374f6581881a","name":"Laura Bruneau","image":{"@type":"ImageObject","inLanguage":"fr-FR","@id":"https:\/\/secure.gravatar.com\/avatar\/8291dab2ef06499abccb64ced18b956a811c146e7f11c5e16b7e8eaf1dfccffc?s=96&d=mm&r=g","url":"https:\/\/secure.gravatar.com\/avatar\/8291dab2ef06499abccb64ced18b956a811c146e7f11c5e16b7e8eaf1dfccffc?s=96&d=mm&r=g","contentUrl":"https:\/\/secure.gravatar.com\/avatar\/8291dab2ef06499abccb64ced18b956a811c146e7f11c5e16b7e8eaf1dfccffc?s=96&d=mm&r=g","caption":"Laura Bruneau"},"logo":{"@id":"https:\/\/secure.gravatar.com\/avatar\/8291dab2ef06499abccb64ced18b956a811c146e7f11c5e16b7e8eaf1dfccffc?s=96&d=mm&r=g"},"sameAs":["http:\/\/1jour1sortie.com"],"url":"https:\/\/1jour1sortie.com\/index.php\/author\/admin6732\/"}]}},"jetpack_publicize_connections":[],"jetpack_featured_media_url":"https:\/\/1jour1sortie.com\/wp-content\/uploads\/2025\/02\/Photo-2-\u00a9-Christophe-Raynaud-de-Lage-scaled.jpg","jetpack_sharing_enabled":true,"_links":{"self":[{"href":"https:\/\/1jour1sortie.com\/index.php\/wp-json\/wp\/v2\/posts\/1215","targetHints":{"allow":["GET"]}}],"collection":[{"href":"https:\/\/1jour1sortie.com\/index.php\/wp-json\/wp\/v2\/posts"}],"about":[{"href":"https:\/\/1jour1sortie.com\/index.php\/wp-json\/wp\/v2\/types\/post"}],"author":[{"embeddable":true,"href":"https:\/\/1jour1sortie.com\/index.php\/wp-json\/wp\/v2\/users\/1"}],"replies":[{"embeddable":true,"href":"https:\/\/1jour1sortie.com\/index.php\/wp-json\/wp\/v2\/comments?post=1215"}],"version-history":[{"count":6,"href":"https:\/\/1jour1sortie.com\/index.php\/wp-json\/wp\/v2\/posts\/1215\/revisions"}],"predecessor-version":[{"id":1221,"href":"https:\/\/1jour1sortie.com\/index.php\/wp-json\/wp\/v2\/posts\/1215\/revisions\/1221"}],"wp:featuredmedia":[{"embeddable":true,"href":"https:\/\/1jour1sortie.com\/index.php\/wp-json\/wp\/v2\/media\/1222"}],"wp:attachment":[{"href":"https:\/\/1jour1sortie.com\/index.php\/wp-json\/wp\/v2\/media?parent=1215"}],"wp:term":[{"taxonomy":"category","embeddable":true,"href":"https:\/\/1jour1sortie.com\/index.php\/wp-json\/wp\/v2\/categories?post=1215"},{"taxonomy":"post_tag","embeddable":true,"href":"https:\/\/1jour1sortie.com\/index.php\/wp-json\/wp\/v2\/tags?post=1215"}],"curies":[{"name":"wp","href":"https:\/\/api.w.org\/{rel}","templated":true}]}}